{"id":95414,"date":"2016-08-22T14:05:54","date_gmt":"2016-08-22T17:05:54","guid":{"rendered":"http:\/\/aconteceunovale.com.br\/portal\/?p=95414"},"modified":"2016-08-22T14:07:08","modified_gmt":"2016-08-22T17:07:08","slug":"van-tomba-e-deixa-feridos-no-municipio-de-montes-claros","status":"publish","type":"post","link":"https:\/\/aconteceunovale.com.br\/portal\/?p=95414","title":{"rendered":"Van tomba e deixa feridos no munic\u00edpio de Montes Claros"},"content":{"rendered":"<p>O tombamento de um van na BR-135, em Montes Claros, no Norte de Minas, deixou duas pessoas feridas na manh\u00e3 desta segunda-feira (22\/08). A princ\u00edpio, as v\u00edtimas n\u00e3o correm risco de morte. De acordo com o Corpo de Bombeiros, o acidente, ainda sem causas esclarecidas, aconteceu na altura do KM 372. O ve\u00edculo saiu de S\u00e3o Paulo e estava a caminho da Bahia.<\/p>\n<p>Quando os militares chegaram, tr\u00eas v\u00edtimas estavam dentro da van. Um homem de 65 anos que tinha ferimentos na testa, uma mulher de 30 com traumatismo craniano e um corte profundo na cabe\u00e7a e o filho dela, um beb\u00ea de 7 meses que nada sofreu.<\/p>\n<p>Os dois feridos foram encaminhados ao Pronto Socorro da cidade. Os outros ocupantes tiveram pequenas escoria\u00e7\u00f5es e n\u00e3o precisaram de atendimento m\u00e9dico. O tr\u00e1fego na rodovia n\u00e3o foi alterado. <\/p>\n<p><strong>Colis\u00e3o entre motos e carro BR-365<\/strong><\/p>\n<p>Outra ocorr\u00eancia tamb\u00e9m foi registrada em Montes Claros, nesse domingo (21\/08), na BR-365. Tr\u00eas pessoas ficaram feridas em um acidente envolvendo duas motos e um carro. Duas v\u00edtimas foram socorridas pelo Corpo de Bombeiros e uma pelo Samu.<\/p>\n<p>Um dos motociclistas disse para a Pol\u00edcia Rodovi\u00e1ria Federal que o motorista do autom\u00f3vel deu seta para convergir para um lado e entrou na dire\u00e7\u00e3o contr\u00e1ria. Ele fugiu do local do acidente. As v\u00edtimas foram levadas para hospitais da cidade.<\/p>\n<p><strong>Acidente com morte em Salinas<\/strong><\/p>\n<p>Um homem de 40 anos morreu em um acidente na MGC-342, em Salinas, nesse domingo (21\/08). Segundo as informa\u00e7\u00f5es da Pol\u00edcia Militar, o carro que ele dirigia capotou. Outras duas pessoas, de 30 e 39 anos, que estavam no ve\u00edculo, recusaram atendimento m\u00e9dico. O Samu e a per\u00edcia da Pol\u00edcia Civil estiveram no local.<\/p>\n<p><img decoding=\"async\" src=\"http:\/\/aconteceunovale.com.br\/portal\/wp-content\/uploads\/2016\/08\/acidente_van_moc_1.jpg\" alt=\"\" \/><em>Van tombou na BR-135 (Foto: Corpo de Bombeiros\/Divulga\u00e7\u00e3o)<\/em><br \/>\n<\/br><\/p>\n<p><em>(Fonte: O Tempo e G1 Grande Minas)<\/em><\/p>\n","protected":false},"excerpt":{"rendered":"<p>O tombamento de um van na BR-135, em Montes Claros, no Norte de Minas, deixou duas pessoas feridas na manh\u00e3 desta segunda-feira (22\/08). A princ\u00edpio, as v\u00edtimas n\u00e3o correm risco de morte. De acordo com o Corpo de Bombeiros, o acidente, ainda sem causas esclarecidas, aconteceu na altura do KM 372. O ve\u00edculo saiu de [&hellip;]<\/p>\n","protected":false},"author":1,"featured_media":95415,"comment_status":"open","ping_status":"closed","sticky":false,"template":"","format":"standard","meta":{"amp_status":"","footnotes":""},"categories":[1236],"tags":[112030,68296,112033,112032,16673,13619,18635,112029,190,112031],"class_list":["post-95414","post","type-post","status-publish","format-standard","has-post-thumbnail","hentry","category-norte_de_minas","tag-acidente-com-morte-em-salinas","tag-acidente-com-van-em-montes-claros","tag-acidente-com-van-que-seguia-de-sao-paulo-para-a-bahia","tag-acidente-com-van-que-seguia-para-a-bahia","tag-acidente-em-montes-claros","tag-acidente-em-salinas","tag-acidentes-em-montes-claros","tag-cotamento-em-salinas","tag-salinas","tag-van-tomba-e-deixa-feridos-no-municipio-de-montes-claros"],"_links":{"self":[{"href":"https:\/\/aconteceunovale.com.br\/portal\/index.php?rest_route=\/wp\/v2\/posts\/95414","targetHints":{"allow":["GET"]}}],"collection":[{"href":"https:\/\/aconteceunovale.com.br\/portal\/index.php?rest_route=\/wp\/v2\/posts"}],"about":[{"href":"https:\/\/aconteceunovale.com.br\/portal\/index.php?rest_route=\/wp\/v2\/types\/post"}],"author":[{"embeddable":true,"href":"https:\/\/aconteceunovale.com.br\/portal\/index.php?rest_route=\/wp\/v2\/users\/1"}],"replies":[{"embeddable":true,"href":"https:\/\/aconteceunovale.com.br\/portal\/index.php?rest_route=%2Fwp%2Fv2%2Fcomments&post=95414"}],"version-history":[{"count":0,"href":"https:\/\/aconteceunovale.com.br\/portal\/index.php?rest_route=\/wp\/v2\/posts\/95414\/revisions"}],"wp:featuredmedia":[{"embeddable":true,"href":"https:\/\/aconteceunovale.com.br\/portal\/index.php?rest_route=\/wp\/v2\/media\/95415"}],"wp:attachment":[{"href":"https:\/\/aconteceunovale.com.br\/portal\/index.php?rest_route=%2Fwp%2Fv2%2Fmedia&parent=95414"}],"wp:term":[{"taxonomy":"category","embeddable":true,"href":"https:\/\/aconteceunovale.com.br\/portal\/index.php?rest_route=%2Fwp%2Fv2%2Fcategories&post=95414"},{"taxonomy":"post_tag","embeddable":true,"href":"https:\/\/aconteceunovale.com.br\/portal\/index.php?rest_route=%2Fwp%2Fv2%2Ftags&post=95414"}],"curies":[{"name":"wp","href":"https:\/\/api.w.org\/{rel}","templated":true}]}}