{"id":95381,"date":"2016-08-22T10:27:08","date_gmt":"2016-08-22T13:27:08","guid":{"rendered":"http:\/\/aconteceunovale.com.br\/portal\/?p=95381"},"modified":"2016-08-22T10:27:08","modified_gmt":"2016-08-22T13:27:08","slug":"sargento-da-pm-morre-apos-ser-atingido-por-motorista-bebado-em-santa-maria-do-suacui","status":"publish","type":"post","link":"https:\/\/aconteceunovale.com.br\/portal\/?p=95381","title":{"rendered":"Sargento da PM morre ap\u00f3s ser atingido por motorista b\u00eabado em Santa Maria do Sua\u00e7u\u00ed"},"content":{"rendered":"<p>A Pol\u00edcia Militar (PM) de Santa Maria do Sua\u00e7u\u00ed, no Vale do Rio Doce, confirmou na manh\u00e3 desta segunda-feira (22\/08) o falecimento do Sargento Vitor Francisco (Vit\u00e3o), de 49 anos, que era lotado no pelot\u00e3o de Jos\u00e9 Raydan, cidade vizinha localizada a cerca de 10 quil\u00f4metros. Ele foi v\u00edtima de um acidente de tr\u00e2nsito na noite de domingo (21\/08) na MGC-120, na sa\u00edda da cidade para \u00c1gua Boa.<\/p>\n<p>Segundo informa\u00e7\u00f5es divulgadas pela corpora\u00e7\u00e3o, o militar deslocava para um evento na localidade conhecida como Balan\u00e7a, por volta das 21h30, quando um carro invadiu a contram\u00e3o de dire\u00e7\u00e3o e colidiu violentamente contra motocicleta conduzida pela v\u00edtima. <\/p>\n<p>O sargento Vitor foi socorrido e encaminhado para o Hospital Santa Maria Eterna, mas n\u00e3o resistiu aos graves ferimentos e veio a \u00f3bito. <\/p>\n<p>O motorista do autom\u00f3vel evadiu do local, mas foi localizado e preso durante rastreamentos. Ainda segundo a PM, ele apresentava sinais de embriaguez.<\/p>\n<p>&#8220;O vel\u00f3rio ser\u00e1 realizado na Rua Granada, n\u00famero 56, em Santa Maria do Sua\u00e7u\u00ed, at\u00e9 as 18h00 desta segunda-feira, e posteriormente o corpo ser\u00e1 encaminhado para Belo Horizonte, onde ser\u00e1 cremado, conforme pedido do falecido aos seus familiares.&#8221;, informou um militar.<\/p>\n<p><img decoding=\"async\" src=\"http:\/\/aconteceunovale.com.br\/portal\/wp-content\/uploads\/2016\/08\/policial_santa_maria.jpg\" alt=\"\" \/><em>O sargento Vitor tinha 49 anos (Foto: Divulga\u00e7\u00e3o\/PMMG)<\/em><\/p>\n","protected":false},"excerpt":{"rendered":"<p>A Pol\u00edcia Militar (PM) de Santa Maria do Sua\u00e7u\u00ed, no Vale do Rio Doce, confirmou na manh\u00e3 desta segunda-feira (22\/08) o falecimento do Sargento Vitor Francisco (Vit\u00e3o), de 49 anos, que era lotado no pelot\u00e3o de Jos\u00e9 Raydan, cidade vizinha localizada a cerca de 10 quil\u00f4metros. Ele foi v\u00edtima de um acidente de tr\u00e2nsito na [&hellip;]<\/p>\n","protected":false},"author":1,"featured_media":95382,"comment_status":"open","ping_status":"closed","sticky":false,"template":"","format":"standard","meta":{"amp_status":"","footnotes":""},"categories":[121,40240],"tags":[111950,111942,111949,111944,111943,111952,130,111948,111954,194,299,111946,111945,111947,111953,240,111941,111951],"class_list":["post-95381","post","type-post","status-publish","format-standard","has-post-thumbnail","hentry","category-leste","category-politica-2","tag-acidente-com-pm-de-jose-raydan","tag-acidente-militar-santa-maria-do-suacui","tag-acidente-na-mgc-120-entre-santa-maria-do-suacui-e-agua-boa","tag-acidente-policial-militar-santa-maria-do-suacui","tag-acidente-sargento-pm-santa-maria-do-suacui","tag-acidente-sargento-vitor","tag-agua-boa","tag-atropelamento-de-pm-em-santa-maria-do-suacui","tag-atropelamento-sargento-vitor","tag-belo-horizonte","tag-jose-raydan","tag-morte-de-pm-em-santa-maria-do-suacui","tag-morte-de-policial-militar-em-santa-maria-do-suacui","tag-morte-de-sargento-da-pm-santa-maria-do-suacui","tag-morte-sargento-vitor","tag-santa-maria-do-suacui","tag-sargento-da-pm-morre-apos-ser-atingido-por-motorista-bebado-em-santa-maria-do-suacui","tag-sargento-vitor"],"_links":{"self":[{"href":"https:\/\/aconteceunovale.com.br\/portal\/index.php?rest_route=\/wp\/v2\/posts\/95381","targetHints":{"allow":["GET"]}}],"collection":[{"href":"https:\/\/aconteceunovale.com.br\/portal\/index.php?rest_route=\/wp\/v2\/posts"}],"about":[{"href":"https:\/\/aconteceunovale.com.br\/portal\/index.php?rest_route=\/wp\/v2\/types\/post"}],"author":[{"embeddable":true,"href":"https:\/\/aconteceunovale.com.br\/portal\/index.php?rest_route=\/wp\/v2\/users\/1"}],"replies":[{"embeddable":true,"href":"https:\/\/aconteceunovale.com.br\/portal\/index.php?rest_route=%2Fwp%2Fv2%2Fcomments&post=95381"}],"version-history":[{"count":0,"href":"https:\/\/aconteceunovale.com.br\/portal\/index.php?rest_route=\/wp\/v2\/posts\/95381\/revisions"}],"wp:featuredmedia":[{"embeddable":true,"href":"https:\/\/aconteceunovale.com.br\/portal\/index.php?rest_route=\/wp\/v2\/media\/95382"}],"wp:attachment":[{"href":"https:\/\/aconteceunovale.com.br\/portal\/index.php?rest_route=%2Fwp%2Fv2%2Fmedia&parent=95381"}],"wp:term":[{"taxonomy":"category","embeddable":true,"href":"https:\/\/aconteceunovale.com.br\/portal\/index.php?rest_route=%2Fwp%2Fv2%2Fcategories&post=95381"},{"taxonomy":"post_tag","embeddable":true,"href":"https:\/\/aconteceunovale.com.br\/portal\/index.php?rest_route=%2Fwp%2Fv2%2Ftags&post=95381"}],"curies":[{"name":"wp","href":"https:\/\/api.w.org\/{rel}","templated":true}]}}