{"id":95337,"date":"2016-08-21T18:10:13","date_gmt":"2016-08-21T21:10:13","guid":{"rendered":"http:\/\/aconteceunovale.com.br\/portal\/?p=95337"},"modified":"2016-08-21T18:10:13","modified_gmt":"2016-08-21T21:10:13","slug":"motorista-de-carreta-fica-ferido-em-acidente-na-lmg-634-em-almenara","status":"publish","type":"post","link":"https:\/\/aconteceunovale.com.br\/portal\/?p=95337","title":{"rendered":"Motorista de carreta fica ferido em acidente na LMG-634, em Almenara"},"content":{"rendered":"<p>O motorista de uma carreta bitrem carregada de leite perdeu o controle do ve\u00edculo na LMG-634, munic\u00edpio de Almenara, na regi\u00e3o do Vale do Jequitinhonha, e tombou fora da pista, na manh\u00e3 deste domingo (21\/08).<\/p>\n<p>Segundo informa\u00e7\u00f5es da Pol\u00edcia Militar Rodovi\u00e1ria (PMRv), o condutor seguia em dire\u00e7\u00e3o a cidade de Jord\u00e2nia, quando perdeu o controle ap\u00f3s fazer uma curva acentuada. <\/p>\n<p>O caminhoneiro Wellington Santos Silva, que \u00e9 natural de Vit\u00f3ria da Conquista (BA), ficou preso nas ferragens e precisou ser retirado com a ajuda de socorristas da equipe do Servi\u00e7o de Atendimento M\u00f3vel de Urg\u00eancia (SAMU). O estado de sa\u00fade da v\u00edtima n\u00e3o foi divulgado.<\/p>\n<p><img decoding=\"async\" src=\"http:\/\/aconteceunovale.com.br\/portal\/wp-content\/uploads\/2016\/08\/acidente_almenara_1.jpeg\" alt=\"\" \/><em>Acidente aconteceu na LMG-634, em Almenara (Foto: Divulga\u00e7\u00e3o\/Pol\u00edcia Militar)<\/em><br \/>\n<\/br><\/p>\n<p><img decoding=\"async\" src=\"http:\/\/aconteceunovale.com.br\/portal\/wp-content\/uploads\/2016\/08\/acidente_almenara_2.jpeg\" alt=\"\" \/><em>Acidente aconteceu na LMG-634, em Almenara (Foto: Divulga\u00e7\u00e3o\/Pol\u00edcia Militar)<\/em><br \/>\n<\/br><\/p>\n<p><em>(Fonte: O Tempo)<\/em><\/p>\n","protected":false},"excerpt":{"rendered":"<p>O motorista de uma carreta bitrem carregada de leite perdeu o controle do ve\u00edculo na LMG-634, munic\u00edpio de Almenara, na regi\u00e3o do Vale do Jequitinhonha, e tombou fora da pista, na manh\u00e3 deste domingo (21\/08). Segundo informa\u00e7\u00f5es da Pol\u00edcia Militar Rodovi\u00e1ria (PMRv), o condutor seguia em dire\u00e7\u00e3o a cidade de Jord\u00e2nia, quando perdeu o controle [&hellip;]<\/p>\n","protected":false},"author":1,"featured_media":95338,"comment_status":"open","ping_status":"closed","sticky":false,"template":"","format":"standard","meta":{"amp_status":"","footnotes":""},"categories":[120],"tags":[111852,111851,111853,142,64845,475,111850,111855,111856,2842,111854],"class_list":["post-95337","post","type-post","status-publish","format-standard","has-post-thumbnail","hentry","category-jequi","tag-acidente-com-caminhao-de-leite-em-almenara","tag-acidente-na-lmg-634","tag-acidente-na-lmg-634-em-almenara","tag-almenara","tag-em-almenara","tag-jordania","tag-lmg-634","tag-motorista-de-carreta-fica-ferido-em-acidente-na-lmg-634","tag-motorista-de-carreta-fica-ferido-em-acidente-na-lmg-634-em-almenara","tag-vitoria-da-conquista","tag-wellington-santos-silva"],"_links":{"self":[{"href":"https:\/\/aconteceunovale.com.br\/portal\/index.php?rest_route=\/wp\/v2\/posts\/95337","targetHints":{"allow":["GET"]}}],"collection":[{"href":"https:\/\/aconteceunovale.com.br\/portal\/index.php?rest_route=\/wp\/v2\/posts"}],"about":[{"href":"https:\/\/aconteceunovale.com.br\/portal\/index.php?rest_route=\/wp\/v2\/types\/post"}],"author":[{"embeddable":true,"href":"https:\/\/aconteceunovale.com.br\/portal\/index.php?rest_route=\/wp\/v2\/users\/1"}],"replies":[{"embeddable":true,"href":"https:\/\/aconteceunovale.com.br\/portal\/index.php?rest_route=%2Fwp%2Fv2%2Fcomments&post=95337"}],"version-history":[{"count":0,"href":"https:\/\/aconteceunovale.com.br\/portal\/index.php?rest_route=\/wp\/v2\/posts\/95337\/revisions"}],"wp:featuredmedia":[{"embeddable":true,"href":"https:\/\/aconteceunovale.com.br\/portal\/index.php?rest_route=\/wp\/v2\/media\/95338"}],"wp:attachment":[{"href":"https:\/\/aconteceunovale.com.br\/portal\/index.php?rest_route=%2Fwp%2Fv2%2Fmedia&parent=95337"}],"wp:term":[{"taxonomy":"category","embeddable":true,"href":"https:\/\/aconteceunovale.com.br\/portal\/index.php?rest_route=%2Fwp%2Fv2%2Fcategories&post=95337"},{"taxonomy":"post_tag","embeddable":true,"href":"https:\/\/aconteceunovale.com.br\/portal\/index.php?rest_route=%2Fwp%2Fv2%2Ftags&post=95337"}],"curies":[{"name":"wp","href":"https:\/\/api.w.org\/{rel}","templated":true}]}}