{"id":95302,"date":"2016-08-21T12:01:46","date_gmt":"2016-08-21T15:01:46","guid":{"rendered":"http:\/\/aconteceunovale.com.br\/portal\/?p=95302"},"modified":"2016-08-21T12:01:46","modified_gmt":"2016-08-21T15:01:46","slug":"caminhoneiro-fica-preso-as-ferragens-apos-acidente-na-br-251-no-norte-de-minas","status":"publish","type":"post","link":"https:\/\/aconteceunovale.com.br\/portal\/?p=95302","title":{"rendered":"Caminhoneiro fica preso \u00e0s ferragens ap\u00f3s acidente na BR-251, no Norte de Minas"},"content":{"rendered":"<p>Um motorista de 29 anos ficou ferido na madrugada deste domingo (21\/08) depois que o caminh\u00e3o que ele conduzia tombou no quil\u00f4metro 416 da BR-251, em um local conhecido como Vale das Cancelas, zona rural de Gr\u00e3o Mogol, na regi\u00e3o Norte de Minas Gerais.<\/p>\n<p>Segundo informa\u00e7\u00f5es do Corpo de Bombeiros, o condutor Marcos dos Santos de Marques seguia sentido Salinas e n\u00e3o soube explicar o que causou o acidente. Ele estava sozinho no caminh\u00e3o, com placa OZU-3174 de Salvador (BA), que estava carregado com caixas de morango.<\/p>\n<p>O motorista ficou preso \u00e0s ferragens e foi retirado pelos bombeiros, que cortaram parte da estrutura. Logo depois ele foi imobilizado pelos socorristas do Servi\u00e7o de Atendimento M\u00f3vel de Urg\u00eancia (SAMU) e encaminhado para um hospital com fraturas nos bra\u00e7os e pernas.<\/p>\n<p><img decoding=\"async\" src=\"http:\/\/aconteceunovale.com.br\/portal\/wp-content\/uploads\/2016\/08\/acidente_morangos_1.jpg\" alt=\"\" \/><em>Motorista ficou preso \u00e0s ferragens (Foto: Corpo de Bombeiros\/Divulga\u00e7\u00e3o)<\/em><br \/>\n<\/br><\/p>\n<p><img decoding=\"async\" src=\"http:\/\/aconteceunovale.com.br\/portal\/wp-content\/uploads\/2016\/08\/acidente_morangos_2.jpg\" alt=\"\" \/><em>Motorista ficou preso \u00e0s ferragens (Foto: Corpo de Bombeiros\/Divulga\u00e7\u00e3o)<\/em><br \/>\n<\/br><\/p>\n<p><em>(Com informa\u00e7\u00f5es do G1 Grande Minas e Corpo de Bombeiros)<\/em><\/p>\n","protected":false},"excerpt":{"rendered":"<p>Um motorista de 29 anos ficou ferido na madrugada deste domingo (21\/08) depois que o caminh\u00e3o que ele conduzia tombou no quil\u00f4metro 416 da BR-251, em um local conhecido como Vale das Cancelas, zona rural de Gr\u00e3o Mogol, na regi\u00e3o Norte de Minas Gerais. Segundo informa\u00e7\u00f5es do Corpo de Bombeiros, o condutor Marcos dos Santos [&hellip;]<\/p>\n","protected":false},"author":1,"featured_media":95303,"comment_status":"open","ping_status":"closed","sticky":false,"template":"","format":"standard","meta":{"amp_status":"","footnotes":""},"categories":[1236],"tags":[111761,111757,111754,111755,1396,111756,111759,111758,921,111762,111764,111763,111765,1153,111760,190,6531,100340],"class_list":["post-95302","post","type-post","status-publish","format-standard","has-post-thumbnail","hentry","category-norte_de_minas","tag-acidente-com-caminhao-de-morangos","tag-acidente-com-caminhao-em-grao-mogol","tag-acidente-com-caminhao-na-br-251","tag-acidente-grao-mogol","tag-acidente-na-br-251","tag-acidente-na-br-251-em-grao-mogol","tag-acidente-na-br-251-no-vale-das-cancelas","tag-acidente-no-vale-das-cancelas","tag-br-251","tag-caminhoneiro-fica-preso-as-ferragens-apos-acidente-na-br-251","tag-caminhoneiro-fica-preso-as-ferragens-apos-acidente-na-br-251-em-grao-mogol","tag-caminhoneiro-fica-preso-as-ferragens-apos-acidente-na-br-251-no-norte-de-minas","tag-caminhoneiro-fica-preso-as-ferragens-apos-acidente-na-br-251-no-vale-das-cancelas","tag-grao-mogol","tag-marcos-dos-santos-de-marques","tag-salinas","tag-salvador","tag-tombamento-de-caminhao-na-br-251"],"_links":{"self":[{"href":"https:\/\/aconteceunovale.com.br\/portal\/index.php?rest_route=\/wp\/v2\/posts\/95302","targetHints":{"allow":["GET"]}}],"collection":[{"href":"https:\/\/aconteceunovale.com.br\/portal\/index.php?rest_route=\/wp\/v2\/posts"}],"about":[{"href":"https:\/\/aconteceunovale.com.br\/portal\/index.php?rest_route=\/wp\/v2\/types\/post"}],"author":[{"embeddable":true,"href":"https:\/\/aconteceunovale.com.br\/portal\/index.php?rest_route=\/wp\/v2\/users\/1"}],"replies":[{"embeddable":true,"href":"https:\/\/aconteceunovale.com.br\/portal\/index.php?rest_route=%2Fwp%2Fv2%2Fcomments&post=95302"}],"version-history":[{"count":0,"href":"https:\/\/aconteceunovale.com.br\/portal\/index.php?rest_route=\/wp\/v2\/posts\/95302\/revisions"}],"wp:featuredmedia":[{"embeddable":true,"href":"https:\/\/aconteceunovale.com.br\/portal\/index.php?rest_route=\/wp\/v2\/media\/95303"}],"wp:attachment":[{"href":"https:\/\/aconteceunovale.com.br\/portal\/index.php?rest_route=%2Fwp%2Fv2%2Fmedia&parent=95302"}],"wp:term":[{"taxonomy":"category","embeddable":true,"href":"https:\/\/aconteceunovale.com.br\/portal\/index.php?rest_route=%2Fwp%2Fv2%2Fcategories&post=95302"},{"taxonomy":"post_tag","embeddable":true,"href":"https:\/\/aconteceunovale.com.br\/portal\/index.php?rest_route=%2Fwp%2Fv2%2Ftags&post=95302"}],"curies":[{"name":"wp","href":"https:\/\/api.w.org\/{rel}","templated":true}]}}