{"id":95297,"date":"2016-08-21T10:40:28","date_gmt":"2016-08-21T13:40:28","guid":{"rendered":"http:\/\/aconteceunovale.com.br\/portal\/?p=95297"},"modified":"2016-08-21T10:40:28","modified_gmt":"2016-08-21T13:40:28","slug":"nosso-futebol-nao-esta-morto-diz-tecnico-da-selecao-apos-medalha-de-ouro","status":"publish","type":"post","link":"https:\/\/aconteceunovale.com.br\/portal\/?p=95297","title":{"rendered":"&#8220;Nosso futebol n\u00e3o est\u00e1 morto&#8221;, diz t\u00e9cnico da sele\u00e7\u00e3o ap\u00f3s medalha de ouro"},"content":{"rendered":"<p>A torcida verde e amarela soltou o engasgado grito de &#8220;\u00e9 campe\u00e3o&#8221;, no Maracan\u00e3, ap\u00f3s a conquista da medalha de ouro na final ol\u00edmpica contra a Alemanha, na noite de ontem (20\/08). O t\u00e9cnico da sele\u00e7\u00e3o vitoriosa, que come\u00e7ou a Olimp\u00edada muito criticada e terminou literalmente nos bra\u00e7os da torcida, espera que a medalha vire uma p\u00e1gina no futebol brasileiro e traga de volta o orgulho de torcer pelo esporte que continua a ser uma das grandes paix\u00f5es nacionais.<\/p>\n<p>&#8220;\u00c9 uma fase que passou, e agora, para o futuro, vamos ter  mais tranquilidade para lidar com essa situa\u00e7\u00e3o. O nosso futebol n\u00e3o est\u00e1 morto&#8221;, disse Rog\u00e9rio Micale na entrevista concedida \u00e0 imprensa ap\u00f3s a partida. &#8220;Acredito muito no potencial dos jogadores\u201d, completou, ressaltando que a sele\u00e7\u00e3o pode apresentar um futebol ainda melhor.<\/p>\n<p>Micale falou de sua realiza\u00e7\u00e3o pela conquista do ouro e disse que espera ter contribu\u00eddo para a sele\u00e7\u00e3o principal, treinada por Tite. &#8220;A gente tem uma gera\u00e7\u00e3o muito boa que, com esse amadurecimento t\u00e1tico, acredito que tem muitas chances de cada vez mais contribuir com o nosso futebol e desenvolver os seus talentos&#8221;.<\/p>\n<p>O  t\u00e9cnico elogiou os jogadores que bateram os p\u00eanaltis que decidiram a partida e tamb\u00e9m o goleiro Weverton, que conseguiu defender um dos chutes alem\u00e3es e possibilitou a vit\u00f3ria, com o p\u00eanalti convertido em gol por Neymar. &#8220;O fato de ele ter marcado o \u00faltimo gol \u00e9 importante porque \u00e9 uma refer\u00eancia para o nosso futebol&#8221;, disse Micale. &#8220;A gente sabe da qualidade que ele tem, do \u00edcone que \u00e9 do futebol brasileiro. Fico feliz que tenha finalizado a s\u00e9rie&#8221;, acrescentou.<\/p>\n<p>Neymar deve deixar a bra\u00e7adeira de capit\u00e3o da sele\u00e7\u00e3o \u00e0 disposi\u00e7\u00e3o para que Tite decida quem ser\u00e1 o l\u00edder do time em campo. Para Micale, esse gesto mostra amadurecimento do principal jogador da sele\u00e7\u00e3o brasileia. &#8220;Ele se mostrou um l\u00edder, um cara extremamente dedicado e saio com as impress\u00f5es mais positivas a respeito dele&#8221;, disse.<\/p>\n<p>Os medalhistas de ouro fizeram festa no est\u00e1dio ap\u00f3s a classifica\u00e7\u00e3o e chegaram \u00e0 zona mista de imprensa ainda euf\u00f3ricos. Renato Augusto, que teve uma boa atua\u00e7\u00e3o na partida, disse estar muito emocionado por ter sido criado no bairro da Tijuca, onde fica o Maracan\u00e3.<\/p>\n<p>&#8220;Sou tijucano. Sou daqui. Ent\u00e3o, \u00e9 dif\u00edcil dizer at\u00e9 o que eu sinto. A ficha n\u00e3o caiu ainda. \u00c9 algo especial, minha fam\u00edlia estava aqui, meus amigos estavam aqui. Como ainda n\u00e3o tenho filho, pode ser um dos melhores dias da minha vida&#8221;, afirmou.<\/p>\n<p>O zagueiro Rodrigo ressaltou que o jogo foi extremamente dif\u00edcil, mas encarado com muita concentra\u00e7\u00e3o pelos brasileiros. &#8220;Conseguimos fazer um bel\u00edssimo trabalho e terminamos com o t\u00edtulo&#8221;.<\/p>\n<p>Mais uma vez, ele afastou a interpreta\u00e7\u00e3o de que o jogo se tratava de uma revanche contra a Alemanha, depois da semifinal da Copa do Mundo, quando o Brasil foi derrotado por 7 a 1. &#8220;A gente focou somente nesta competi\u00e7\u00e3o e em fazer o nosso trabalho&#8221;, afirmou.<\/p>\n<p><img decoding=\"async\" src=\"http:\/\/aconteceunovale.com.br\/portal\/wp-content\/uploads\/2016\/08\/rogerio_micale.jpg\" alt=\"\" \/><em>Rog\u00e9rio Micale elogiou os jogadores (Foot: Reuters\/Bruno Kelly\/Ag\u00eancia Brasil)<\/em><br \/>\n<\/br><\/p>\n<p><em>(Fonte: Ag\u00eancia Brasil)<\/em><\/p>\n","protected":false},"excerpt":{"rendered":"<p>A torcida verde e amarela soltou o engasgado grito de &#8220;\u00e9 campe\u00e3o&#8221;, no Maracan\u00e3, ap\u00f3s a conquista da medalha de ouro na final ol\u00edmpica contra a Alemanha, na noite de ontem (20\/08). O t\u00e9cnico da sele\u00e7\u00e3o vitoriosa, que come\u00e7ou a Olimp\u00edada muito criticada e terminou literalmente nos bra\u00e7os da torcida, espera que a medalha vire [&hellip;]<\/p>\n","protected":false},"author":1,"featured_media":95298,"comment_status":"open","ping_status":"closed","sticky":false,"template":"","format":"standard","meta":{"amp_status":"","footnotes":""},"categories":[6,59],"tags":[22396,4785,111721,111720,111719,111726,111724,111727,111725,39001,92840,111748,107623,110857,111722,24117,102081,111723,111749],"class_list":["post-95297","post","type-post","status-publish","format-standard","has-post-thumbnail","hentry","category-br","category-sports","tag-alemanha","tag-brasil","tag-brasil-conquista-primeiro-ouro-olimpico-do-futebol","tag-brasil-vence-alemanha","tag-brasil-vence-alemanha-e-conquista-primeiro-ouro-olimpico-do-futebol","tag-futebol-brasileiro-nas-olimpiadas","tag-historia-da-conquista-do-primeiro-ouro-olimpico-do-brasil-no-futebol","tag-historia-do-futebol-brasileiro-nas-olimpiadas","tag-historia-do-futebol-masculino-brasileiro-nas-olimpiadas","tag-jogos-olimpicos-rio-2016","tag-jogos-rio-2016","tag-nosso-futebol-nao-esta-morto","tag-olimpiada-2016","tag-olimpiadas-rio-2016","tag-primeiro-ouro-olimpico-do-brasil-no-futebol","tag-rio-2016","tag-rogerio-micale","tag-selecao-brasileira-de-futebol-e-campea-olimpica-dos-jogos-rio-2016","tag-tecnico-da-selecao-apos-medalha-de-ouro"],"_links":{"self":[{"href":"https:\/\/aconteceunovale.com.br\/portal\/index.php?rest_route=\/wp\/v2\/posts\/95297","targetHints":{"allow":["GET"]}}],"collection":[{"href":"https:\/\/aconteceunovale.com.br\/portal\/index.php?rest_route=\/wp\/v2\/posts"}],"about":[{"href":"https:\/\/aconteceunovale.com.br\/portal\/index.php?rest_route=\/wp\/v2\/types\/post"}],"author":[{"embeddable":true,"href":"https:\/\/aconteceunovale.com.br\/portal\/index.php?rest_route=\/wp\/v2\/users\/1"}],"replies":[{"embeddable":true,"href":"https:\/\/aconteceunovale.com.br\/portal\/index.php?rest_route=%2Fwp%2Fv2%2Fcomments&post=95297"}],"version-history":[{"count":0,"href":"https:\/\/aconteceunovale.com.br\/portal\/index.php?rest_route=\/wp\/v2\/posts\/95297\/revisions"}],"wp:featuredmedia":[{"embeddable":true,"href":"https:\/\/aconteceunovale.com.br\/portal\/index.php?rest_route=\/wp\/v2\/media\/95298"}],"wp:attachment":[{"href":"https:\/\/aconteceunovale.com.br\/portal\/index.php?rest_route=%2Fwp%2Fv2%2Fmedia&parent=95297"}],"wp:term":[{"taxonomy":"category","embeddable":true,"href":"https:\/\/aconteceunovale.com.br\/portal\/index.php?rest_route=%2Fwp%2Fv2%2Fcategories&post=95297"},{"taxonomy":"post_tag","embeddable":true,"href":"https:\/\/aconteceunovale.com.br\/portal\/index.php?rest_route=%2Fwp%2Fv2%2Ftags&post=95297"}],"curies":[{"name":"wp","href":"https:\/\/api.w.org\/{rel}","templated":true}]}}