{"id":95276,"date":"2016-08-20T16:58:21","date_gmt":"2016-08-20T19:58:21","guid":{"rendered":"http:\/\/aconteceunovale.com.br\/portal\/?p=95276"},"modified":"2016-08-20T16:58:21","modified_gmt":"2016-08-20T19:58:21","slug":"suapi-assume-cadeias-de-capelinha-itamarandiba-e-turmalina","status":"publish","type":"post","link":"https:\/\/aconteceunovale.com.br\/portal\/?p=95276","title":{"rendered":"SUAPI assume cadeias de Capelinha, Itamarandiba e Turmalina"},"content":{"rendered":"<p>A Pol\u00edcia Civil de Minas Gerais (PCMG) finalizou na quarta-feira, 18 de agosto, a entrega da administra\u00e7\u00e3o das cadeias p\u00fablicas na \u00e1rea da 2\u00aa Delegacia Regional de Pol\u00edcia Civil (DRPC), que tem sede em Capelinha, para a Subsecretaria de Administra\u00e7\u00e3o Prisional (SUAPI). A cadeia de Turmalina, com 48 presos, foi assumida no dia 16. A de Itamarandiba, com 98 presos, dia 17, e a de Capelinha, com 93 presos, neste dia 18. Na quinta-feira, foi desativada a cadeia de Minas Novas e os 27 presos foram admitidos na unidade de Capelinha. Ao todo, a Pol\u00edcia Civil transferiu a vigil\u00e2ncia de 266 presos.<\/p>\n<p>As cadeias passam \u00e0 denomina\u00e7\u00e3o de pres\u00eddio, tendo um agente penitenci\u00e1rio de carreira nomeado na fun\u00e7\u00e3o de diretor. Nos tr\u00eas dias, os Grupos de Interven\u00e7\u00e3o T\u00e1tica dos pres\u00eddios de Te\u00f3filo Otoni e Diamantina intervieram nas cadeias conferindo seguran\u00e7a para vistoria e higieniza\u00e7\u00e3o das celas, al\u00e9m de uniformiza\u00e7\u00e3o padr\u00e3o dos vestu\u00e1rios dos presos. Todos os detentos receberam kits individuais contendo o uniforme padr\u00e3o, um colch\u00e3o, um cobertor e itens de higiene pessoal.<\/p>\n<p>\u201cEsta a\u00e7\u00e3o vai qualificar os trabalhos investigativos nos 15 munic\u00edpios atendidos pela 2\u00aaDRPC-Capelinha e Delegacias de Pol\u00edcia Civil de Turmalina, Itamarandiba e Minas Novas, uma vez que diversos policiais empregados em servi\u00e7os de escolta, guarda e administra\u00e7\u00e3o ser\u00e3o direcionados exclusivamente para elucida\u00e7\u00e3o de crimes e cumprimentos de mandados judiciais de pris\u00e3o e busca apreens\u00e3o\u201d, explica o delegado regional Thiago Rocha.<\/p>\n<p>Os trabalhos de assun\u00e7\u00e3o e desativa\u00e7\u00e3o foram acompanhados pelo Chefe do 14\u00ba Departamento, Dr. Fl\u00e1vio Tadeu Destro, pelo Delegado Regional de Capelinha, Dr. Thiago Rocha Ferreira, e pela equipe de Investigadores.<\/p>\n<p>Estiveram presentes na assun\u00e7\u00e3o da cadeia de Capelinha diversas autoridades, entre elas a Ju\u00edza de Direito Nat\u00e1lia Discacciati Rezende, a Promotora de Justi\u00e7a Hosana Regina Andrade de Freitas, o Comandante da 23\u00aa Companhia Independente da Pol\u00edcia Militar, Major Nilzo Figueiredo, o Diretor Geral da 14\u00aaRISP Carlos Adriano, o Diretor Geral da 15\u00aaRISP Jos\u00e9 Alberto Santos de Almeida, o Diretor do Pres\u00eddio de Diamantina Jos\u00e9 Maria dos Santos Malta, e o Assessor do Gabinete da SUAPI Willian Abrete Pinto, Diretor da cadeia de Capelinha, Ant\u00f4nio Jos\u00e9 Barbosa, advogado presidente do Conselho de Execu\u00e7\u00e3o Penal, Evandro de Oliveira Queiroz, dentre outros.<\/p>\n<p><img decoding=\"async\" src=\"http:\/\/aconteceunovale.com.br\/portal\/wp-content\/uploads\/2016\/08\/suapi_assume_1.jpg\" alt=\"\" \/><\/p>\n<p><img decoding=\"async\" src=\"http:\/\/aconteceunovale.com.br\/portal\/wp-content\/uploads\/2016\/08\/suapi_assume_2.jpg\" alt=\"\" \/><\/p>\n<p><img decoding=\"async\" src=\"http:\/\/aconteceunovale.com.br\/portal\/wp-content\/uploads\/2016\/08\/suapi_assume_3.jpg\" alt=\"\" \/><\/p>\n<p><img decoding=\"async\" src=\"http:\/\/aconteceunovale.com.br\/portal\/wp-content\/uploads\/2016\/08\/suapi_assume_4.jpg\" alt=\"\" \/><\/p>\n<p><img decoding=\"async\" src=\"http:\/\/aconteceunovale.com.br\/portal\/wp-content\/uploads\/2016\/08\/suapi_assume_5.jpg\" alt=\"\" \/><\/p>\n<p><img decoding=\"async\" src=\"http:\/\/aconteceunovale.com.br\/portal\/wp-content\/uploads\/2016\/08\/suapi_assume_6.jpg\" alt=\"\" \/><\/p>\n<p><img decoding=\"async\" src=\"http:\/\/aconteceunovale.com.br\/portal\/wp-content\/uploads\/2016\/08\/suapi_assume_7.jpg\" alt=\"\" \/><\/p>\n<p><img decoding=\"async\" src=\"http:\/\/aconteceunovale.com.br\/portal\/wp-content\/uploads\/2016\/08\/suapi_assume_8.jpg\" alt=\"\" \/><\/p>\n<p><img decoding=\"async\" src=\"http:\/\/aconteceunovale.com.br\/portal\/wp-content\/uploads\/2016\/08\/suapi_assume_9.jpg\" alt=\"\" \/><\/p>\n<p><img decoding=\"async\" src=\"http:\/\/aconteceunovale.com.br\/portal\/wp-content\/uploads\/2016\/08\/suapi_assume_10.jpg\" alt=\"\" \/><\/p>\n<p><em>(Fotos e informa\u00e7\u00f5es do Jornal Local\/Rosa Santos)<\/em><\/p>\n","protected":false},"excerpt":{"rendered":"<p>A Pol\u00edcia Civil de Minas Gerais (PCMG) finalizou na quarta-feira, 18 de agosto, a entrega da administra\u00e7\u00e3o das cadeias p\u00fablicas na \u00e1rea da 2\u00aa Delegacia Regional de Pol\u00edcia Civil (DRPC), que tem sede em Capelinha, para a Subsecretaria de Administra\u00e7\u00e3o Prisional (SUAPI). A cadeia de Turmalina, com 48 presos, foi assumida no dia 16. A [&hellip;]<\/p>\n","protected":false},"author":1,"featured_media":95277,"comment_status":"open","ping_status":"closed","sticky":false,"template":"","format":"standard","meta":{"amp_status":"","footnotes":""},"categories":[120],"tags":[111712,100803,111714,111713,132,149,137,111716,111717,111718,111715,178],"class_list":["post-95276","post","type-post","status-publish","format-standard","has-post-thumbnail","hentry","category-jequi","tag-cadeia-de-capelinha","tag-cadeia-de-itamarandiba","tag-cadeia-de-minas-novas","tag-cadeia-de-turmalina","tag-capelinha","tag-itamarandiba","tag-minas-novas","tag-suapi-assume-cadeia-de-capelinha","tag-suapi-assume-cadeia-de-itamarandiba","tag-suapi-assume-cadeia-de-turmalina","tag-suapi-assume-cadeias-de-capelinha-itamarandiba-e-turmalina","tag-turmalina"],"_links":{"self":[{"href":"https:\/\/aconteceunovale.com.br\/portal\/index.php?rest_route=\/wp\/v2\/posts\/95276","targetHints":{"allow":["GET"]}}],"collection":[{"href":"https:\/\/aconteceunovale.com.br\/portal\/index.php?rest_route=\/wp\/v2\/posts"}],"about":[{"href":"https:\/\/aconteceunovale.com.br\/portal\/index.php?rest_route=\/wp\/v2\/types\/post"}],"author":[{"embeddable":true,"href":"https:\/\/aconteceunovale.com.br\/portal\/index.php?rest_route=\/wp\/v2\/users\/1"}],"replies":[{"embeddable":true,"href":"https:\/\/aconteceunovale.com.br\/portal\/index.php?rest_route=%2Fwp%2Fv2%2Fcomments&post=95276"}],"version-history":[{"count":0,"href":"https:\/\/aconteceunovale.com.br\/portal\/index.php?rest_route=\/wp\/v2\/posts\/95276\/revisions"}],"wp:featuredmedia":[{"embeddable":true,"href":"https:\/\/aconteceunovale.com.br\/portal\/index.php?rest_route=\/wp\/v2\/media\/95277"}],"wp:attachment":[{"href":"https:\/\/aconteceunovale.com.br\/portal\/index.php?rest_route=%2Fwp%2Fv2%2Fmedia&parent=95276"}],"wp:term":[{"taxonomy":"category","embeddable":true,"href":"https:\/\/aconteceunovale.com.br\/portal\/index.php?rest_route=%2Fwp%2Fv2%2Fcategories&post=95276"},{"taxonomy":"post_tag","embeddable":true,"href":"https:\/\/aconteceunovale.com.br\/portal\/index.php?rest_route=%2Fwp%2Fv2%2Ftags&post=95276"}],"curies":[{"name":"wp","href":"https:\/\/api.w.org\/{rel}","templated":true}]}}