{"id":95256,"date":"2016-08-20T15:42:36","date_gmt":"2016-08-20T18:42:36","guid":{"rendered":"http:\/\/aconteceunovale.com.br\/portal\/?p=95256"},"modified":"2016-08-20T15:42:36","modified_gmt":"2016-08-20T18:42:36","slug":"e-um-milagre-ele-estar-vivo-diz-medico-de-menino-baleado-no-coracao-em-montes-claros","status":"publish","type":"post","link":"https:\/\/aconteceunovale.com.br\/portal\/?p=95256","title":{"rendered":"&#8216;\u00c9 um milagre ele estar vivo&#8217;, diz m\u00e9dico de menino baleado no cora\u00e7\u00e3o em Montes Claros"},"content":{"rendered":"<p>\u201cNo come\u00e7o achei que ia perder meu filho. Peguei com Deus, que era a \u00fanica for\u00e7a que eu tinha, e pedi um milagre. Deu tudo certo!\u201d, a declara\u00e7\u00e3o \u00e9 da m\u00e3e de Kauan Rafael, de 9 anos. O menino foi baleado no cora\u00e7\u00e3o h\u00e1 7 dias, passou por uma cirurgia de alto risco e recebeu alta nessa sexta-feira (19). Ele jogava \u201cPok\u00e9mon Go\u201d na porta de casa, em Montes Claros (MG), quando dois homens chegaram de bicicleta atirando.<\/p>\n<p>Se para a fam\u00edlia a recupera\u00e7\u00e3o do pequeno Rafael \u00e9 um milagre, para o m\u00e9dico que o atendeu tamb\u00e9m n\u00e3o \u00e9 diferente. Em sete anos de carreira, o pediatra Renato Neves nunca viu nenhum paciente sobreviver a esse tipo de ferimento, nos casos de crian\u00e7as a situa\u00e7\u00e3o ainda \u00e9 mais grave. \u201cGeralmente quando acontece isso o paciente nem chega vivo ao hospital. \u00c9 um milagre, ele chegar aqui, submeter a essa cirurgia de alta complexidade e estar vivo e indo para casa\u201d, afirmou.<\/p>\n<p>De acordo com o m\u00e9dico, alguns fatores contribu\u00edram para a sobreviv\u00eancia de Kauan. \u201cOs pais o levaram rapidamente ao hospital e no momento da cirurgia ele teve uma grande sorte porque surgiu uma vaga no CTI de adulto, onde recebeu o suporte adequado\u201d. <\/p>\n<p>Para a m\u00e3e do Kauan, retornar para a casa com o filho recuperado significa renascimento para toda a fam\u00edlia. \u201cN\u00f3s somos em quatro, eu, meus dois filhos e meu marido, \u00e9 renascimento de todos n\u00f3s. A nossa f\u00e9 foi renovada\u201d, diz Naiara Viviane Ribeiro.<\/p>\n<p><img decoding=\"async\" src=\"http:\/\/aconteceunovale.com.br\/portal\/wp-content\/uploads\/2016\/08\/baleado_moc1.jpg\" alt=\"\" \/><em>M\u00e9dico avalia o menino Kauan Rafael (Foto: Reprodu\u00e7\u00e3o\/Inter TV Grande Minas)<\/em><br \/>\n<\/br><\/p>\n<p><strong>Entenda o caso<\/strong><\/p>\n<p>Kauan foi baleado na porta de casa no Bairro Clarice Athayde na madrugada da \u00faltima sexta-feira (12). O pai dele tamb\u00e9m foi ferido por um disparo no ombro. Segundo a Pol\u00edcia Militar, o alvo dos atiradores era um adolescente de 15 anos que n\u00e3o foi atingido.<\/p>\n<p>\u201cEle me pediu o celular e sentou na porta, onde havia mais pessoas. Eu e minha esposa est\u00e1vamos assistindo televis\u00e3o e sa\u00edmos porque parecia que estava ocorrendo uma briga. Quando ouvi os tiros, peguei meu filho no colo para entrar e vi que ele tinha sido baleado. Entreguei ele nos bra\u00e7os da minha mulher, tirei o carro da garagem e corri para o hospital, ela que percebeu que eu tinha tomado um tiro. N\u00e3o senti dor, s\u00f3 pensava em socorrer meu filho\u201d, contou Jos\u00e9 Francisco Soares Neto, pai da crian\u00e7a, no dia da ocorr\u00eancia.<\/p>\n<p>Ainda segundo Francisco, o alvo dos dois rapazes correu em dire\u00e7\u00e3o a porta da casa dele, por isso ele o filho acabaram baleados. Os dois suspeitos foram detidos no dia do crime.<\/p>\n<p><em>(Fonte: G1 Grande Minas)<\/em><\/p>\n","protected":false},"excerpt":{"rendered":"<p>\u201cNo come\u00e7o achei que ia perder meu filho. Peguei com Deus, que era a \u00fanica for\u00e7a que eu tinha, e pedi um milagre. Deu tudo certo!\u201d, a declara\u00e7\u00e3o \u00e9 da m\u00e3e de Kauan Rafael, de 9 anos. O menino foi baleado no cora\u00e7\u00e3o h\u00e1 7 dias, passou por uma cirurgia de alto risco e recebeu [&hellip;]<\/p>\n","protected":false},"author":1,"featured_media":95258,"comment_status":"open","ping_status":"closed","sticky":false,"template":"","format":"standard","meta":{"amp_status":"","footnotes":""},"categories":[1236],"tags":[77451,110130,110128,111685,111686,110127,111688,110131,110129,111687,110132,210,111689,111690],"class_list":["post-95256","post","type-post","status-publish","format-standard","has-post-thumbnail","hentry","category-norte_de_minas","tag-baleado-em-montes-claros","tag-crianca-baleada-em-montes-claros","tag-crime-jogador-de-pokemon-go","tag-e-um-milagre-ele-estar-vivo","tag-e-um-milagre-ele-estar-vivo-diz-medico-de-menino-baleado-no-coracao-em-montes-claros","tag-jogador-de-pokemon-go-baleado-em-montes-claros","tag-kauan-rafael","tag-menino-baleado-em-montes-claros","tag-menino-baleado-no-bairro-clarice-athayde","tag-menino-baleado-no-coracao-em-montes-claros","tag-menino-de-9-anos-e-baleada-enquanto-jogava-pokemon-go-em-montes-claros","tag-montes-claros","tag-pediatra-renato-neves","tag-renato-neves"],"_links":{"self":[{"href":"https:\/\/aconteceunovale.com.br\/portal\/index.php?rest_route=\/wp\/v2\/posts\/95256","targetHints":{"allow":["GET"]}}],"collection":[{"href":"https:\/\/aconteceunovale.com.br\/portal\/index.php?rest_route=\/wp\/v2\/posts"}],"about":[{"href":"https:\/\/aconteceunovale.com.br\/portal\/index.php?rest_route=\/wp\/v2\/types\/post"}],"author":[{"embeddable":true,"href":"https:\/\/aconteceunovale.com.br\/portal\/index.php?rest_route=\/wp\/v2\/users\/1"}],"replies":[{"embeddable":true,"href":"https:\/\/aconteceunovale.com.br\/portal\/index.php?rest_route=%2Fwp%2Fv2%2Fcomments&post=95256"}],"version-history":[{"count":0,"href":"https:\/\/aconteceunovale.com.br\/portal\/index.php?rest_route=\/wp\/v2\/posts\/95256\/revisions"}],"wp:featuredmedia":[{"embeddable":true,"href":"https:\/\/aconteceunovale.com.br\/portal\/index.php?rest_route=\/wp\/v2\/media\/95258"}],"wp:attachment":[{"href":"https:\/\/aconteceunovale.com.br\/portal\/index.php?rest_route=%2Fwp%2Fv2%2Fmedia&parent=95256"}],"wp:term":[{"taxonomy":"category","embeddable":true,"href":"https:\/\/aconteceunovale.com.br\/portal\/index.php?rest_route=%2Fwp%2Fv2%2Fcategories&post=95256"},{"taxonomy":"post_tag","embeddable":true,"href":"https:\/\/aconteceunovale.com.br\/portal\/index.php?rest_route=%2Fwp%2Fv2%2Ftags&post=95256"}],"curies":[{"name":"wp","href":"https:\/\/api.w.org\/{rel}","templated":true}]}}