{"id":95251,"date":"2016-08-20T14:52:47","date_gmt":"2016-08-20T17:52:47","guid":{"rendered":"http:\/\/aconteceunovale.com.br\/portal\/?p=95251"},"modified":"2016-08-20T15:47:58","modified_gmt":"2016-08-20T18:47:58","slug":"adolescente-que-matou-professor-em-montes-claros-recorrera-de-condenacao","status":"publish","type":"post","link":"https:\/\/aconteceunovale.com.br\/portal\/?p=95251","title":{"rendered":"Adolescente que matou professor em Montes Claros recorrer\u00e1 de condena\u00e7\u00e3o"},"content":{"rendered":"<p>O advogado do adolescente de 17 anos, apreendido pelo homic\u00eddio do professor Andr\u00e9 Felipe Colares, ocorrido em uma festa de formatura de Medicina em Montes Claros (MG), afirmou nesta sexta-feira (19) que vai recorrer da decis\u00e3o da Justi\u00e7a que determinou que ele cumpra medida socioeducativa. Warlen Freire acredita que o menor agiu em legitima defesa. Ele foi punido por ato infracional an\u00e1logo ao crime de homic\u00eddio duplamente qualificado, e o per\u00edodo de interna\u00e7\u00e3o pode ser de no m\u00e1ximo tr\u00eas anos.<\/p>\n<p>Warlen Freire destaca que a argumenta\u00e7\u00e3o da defesa deve chegar ao Judici\u00e1rio na pr\u00f3xima semana, e diz tamb\u00e9m que a medida aplicada n\u00e3o deveria ter sido de interna\u00e7\u00e3o, al\u00e9m de afirmar que o adolescente n\u00e3o deveria ter sido punido, j\u00e1 que agiu com o objetivo de se defender.<\/p>\n<p>J\u00e1 a promotora da Inf\u00e2ncia e Juventude, considera que o a tese de leg\u00edtima defesa n\u00e3o faz sentido, j\u00e1 que a v\u00edtima era fisicamente mais vulner\u00e1vel que o adolescente, que tem 1,80 de altura e \u00e9 lutador. \u201cHavia uma grande despropor\u00e7\u00e3o f\u00edsica entre eles, a qualquer momento o menor poderia se livrar facilmente da v\u00edtima, sem precisar fer\u00ed-la ou mat\u00e1-la\u201d, fala. Valmira Maia afirma ainda que a medida aplicada est\u00e1 condizente com o ato infracional.<\/p>\n<p><img decoding=\"async\" src=\"http:\/\/aconteceunovale.com.br\/portal\/wp-content\/uploads\/2016\/07\/menor_homicida.jpeg\" alt=\"\" \/><em>Menor confessou o crime em depoimento (Foto: Cida Silva\/Arquivo Pessoal)<\/em><br \/>\n<\/br><\/p>\n<p>O advogado diz que inicialmente o adolescente, que mora na Bahia, ficar\u00e1 em Montes Claros. Freire explica que quem gerencia as unidades onde as medidas socioeducativas s\u00e3o cumpridas \u00e9 a Secretaria de Estado de Defesa Social, a transfer\u00eancia pode ocorrer, por exemplo, se caso as instala\u00e7\u00f5es n\u00e3o estejam adequadas.<\/p>\n<p>O defensor ainda diz que ap\u00f3s seis meses cumprindo a medida, o jovem passa por uma avalia\u00e7\u00e3o e a Justi\u00e7a decide se ele continuar\u00e1 internado. Valmira Maia afirma que o adolescente \u00e9 avaliado por uma equipe multidisciplinar de profissionais que trabalham no Centro Socioeducativo Nossa Senhora Aparecida, onde ele est\u00e1.<\/p>\n<p><strong>Entenda o caso<\/strong><\/p>\n<p>Andr\u00e9 Felipe, de 24 anos, foi encontrado morto dentro de um banheiro em uma festa de formandos de Medicina no dia 1\u00ba de julho. Um adolescente de 17 anos foi apreendido depois de confessar para as Pol\u00edcias Civil e Militar que assassinou Andr\u00e9 Felipe Colares. Inicialmente, ele negou o crime.<\/p>\n<p>No dia do homic\u00eddio, a Pol\u00edcia Militar foi acionada por volta das 6h para atender a uma ocorr\u00eancia de estupro, na qual a v\u00edtima era o menor de 17 anos. Mas, ao chegarem a ch\u00e1cara onde o evento estava sendo realizado, os PMs foram informados de que havia um jovem morto no banheiro, irm\u00e3o de um dos formandos. Ele apresentava um corte no pesco\u00e7o e os olhos perfurados com palitos, al\u00e9m de outros ferimentos.<\/p>\n<p>\u201cEle confessou e falou que teve um desentendimento com a v\u00edtima. O vaso sanit\u00e1rio foi arrancado, subentende-se que houve uma briga violenta dentro do local\u201d, falou o subtenente Celestino Rocha, da PM.<\/p>\n<p>A conclus\u00e3o do inqu\u00e9rito foi divulgada pela Pol\u00edcia Civil durante uma coletiva de imprensa realizada em oito de julho. O delegado, Ranieri Marcondes, contou que os dois jovens se conheceram no jardim do local onde a festa era realizada, e se deslocaram para um escrit\u00f3rio consensualmente.<\/p>\n<p>\u201cA per\u00edcia n\u00e3o revela se os dois mantiveram rela\u00e7\u00e3o sexual, mas isso n\u00e3o descarta que eles tiveram algum tipo de car\u00edcia. Diante do tipo de relatos dele, d\u00e1 a entender que os dois foram at\u00e9 o escrit\u00f3rio para um encontro amoroso, um encontro mais \u00edntimo\u201d, explicou o delegado.<\/p>\n<p>Ranieri Marcondes ainda destacou que, a partir das investiga\u00e7\u00f5es, foi descartada a afirma\u00e7\u00e3o do menor de que Andr\u00e9 Felipe teria abusado sexualmente dele.<\/p>\n<p><img decoding=\"async\" src=\"http:\/\/aconteceunovale.com.br\/portal\/wp-content\/uploads\/2016\/07\/aluno_unimontes.jpg\" alt=\"\" \/><em>Andr\u00e9 Felipe Vieira Colares \u00e9 ex-aluno da Unimontes (Foto: Reprodu\u00e7\u00e3o \/ Facebook)<\/em><br \/>\n<\/br><\/p>\n<p><em>(Fonte: G1 Grande Minas \/ Reportagem: Michelly Oda)<\/em><\/p>\n","protected":false},"excerpt":{"rendered":"<p>O advogado do adolescente de 17 anos, apreendido pelo homic\u00eddio do professor Andr\u00e9 Felipe Colares, ocorrido em uma festa de formatura de Medicina em Montes Claros (MG), afirmou nesta sexta-feira (19) que vai recorrer da decis\u00e3o da Justi\u00e7a que determinou que ele cumpra medida socioeducativa. Warlen Freire acredita que o menor agiu em legitima defesa. [&hellip;]<\/p>\n","protected":false},"author":1,"featured_media":91075,"comment_status":"open","ping_status":"closed","sticky":false,"template":"","format":"standard","meta":{"amp_status":"","footnotes":""},"categories":[1236],"tags":[102527,111680,102488,102493,102491,102554,102553,102486,21968,102489,1018,102484,102556,41720,102490,21967,102483,102557,102707,103007,210,102492,102487,82853,102485,80421,104235,104261,102555,102558,102708,763,18174,102508,111679],"class_list":["post-95251","post","type-post","status-publish","format-standard","has-post-thumbnail","hentry","category-norte_de_minas","tag-adolescente-confessa-autoria-de-crime-durante-festa-de-formatura-em-montes-claros","tag-adolescente-que-matou-professor-em-montes-claros-recorrera-de-condenacao","tag-andre-felipe-vieira-colares","tag-assassinado-chacara-bugarin","tag-assassinato-chacara-bugarin","tag-assassinato-de-jovem-em-montes-claros","tag-assassinato-de-jovem-em-montes-claros-tem-motivacao-homofobica","tag-assassinato-em-festa-de-formandos-do-curso-de-medicina-da-unimontes","tag-assassinato-montes-claros","tag-chacara-bugarin","tag-destaque","tag-festa-de-formandos-do-curso-de-medicina-da-unimontes","tag-grupo-gay-da-bahia","tag-guanambi","tag-homicidio-chacara-bugarin","tag-homicidio-montes-claros","tag-jovem-e-morto-durante-festa-de-formandos-do-curso-de-medicina-da-unimontes","tag-marcelo-cerqueira","tag-mauro-colares","tag-menor-que-confessou-ter-matado-professor-em-festa-de-formatura-e-internado-em-montes-claros","tag-montes-claros","tag-morte-chacara-bugarin","tag-morte-festa-de-formandos-do-curso-de-medicina-da-unimontes","tag-morte-montes-claros","tag-morto-em-festa-de-formandos-do-curso-de-medicina-da-unimontes","tag-morto-montes-claros","tag-policia-conclui-inquerito-sobre-assassinato-de-professor-durante-festa-de-formatura-em-montes-claros","tag-policia-descarta-motivacao-homofobica-em-morte-de-professor-durante-festa-de-formatura-em-montes-claros","tag-presidente-do-grupo-gay-da-bahia","tag-presidente-do-grupo-gay-da-bahia-diz-que-morte-de-jovem-em-montes-claros-tem-motivacao-homofobica","tag-professor-assassinado-durante-festa-de-formatura-e-enterrado-em-montes-claros","tag-unimontes","tag-universidade-estadual-de-montes-claros","tag-universidade-repudia-morte-de-ex-aluno-durante-festa-de-formatura-em-montes-claros","tag-warlen-freire"],"_links":{"self":[{"href":"https:\/\/aconteceunovale.com.br\/portal\/index.php?rest_route=\/wp\/v2\/posts\/95251","targetHints":{"allow":["GET"]}}],"collection":[{"href":"https:\/\/aconteceunovale.com.br\/portal\/index.php?rest_route=\/wp\/v2\/posts"}],"about":[{"href":"https:\/\/aconteceunovale.com.br\/portal\/index.php?rest_route=\/wp\/v2\/types\/post"}],"author":[{"embeddable":true,"href":"https:\/\/aconteceunovale.com.br\/portal\/index.php?rest_route=\/wp\/v2\/users\/1"}],"replies":[{"embeddable":true,"href":"https:\/\/aconteceunovale.com.br\/portal\/index.php?rest_route=%2Fwp%2Fv2%2Fcomments&post=95251"}],"version-history":[{"count":0,"href":"https:\/\/aconteceunovale.com.br\/portal\/index.php?rest_route=\/wp\/v2\/posts\/95251\/revisions"}],"wp:featuredmedia":[{"embeddable":true,"href":"https:\/\/aconteceunovale.com.br\/portal\/index.php?rest_route=\/wp\/v2\/media\/91075"}],"wp:attachment":[{"href":"https:\/\/aconteceunovale.com.br\/portal\/index.php?rest_route=%2Fwp%2Fv2%2Fmedia&parent=95251"}],"wp:term":[{"taxonomy":"category","embeddable":true,"href":"https:\/\/aconteceunovale.com.br\/portal\/index.php?rest_route=%2Fwp%2Fv2%2Fcategories&post=95251"},{"taxonomy":"post_tag","embeddable":true,"href":"https:\/\/aconteceunovale.com.br\/portal\/index.php?rest_route=%2Fwp%2Fv2%2Ftags&post=95251"}],"curies":[{"name":"wp","href":"https:\/\/api.w.org\/{rel}","templated":true}]}}