{"id":95244,"date":"2016-08-20T14:37:23","date_gmt":"2016-08-20T17:37:23","guid":{"rendered":"http:\/\/aconteceunovale.com.br\/portal\/?p=95244"},"modified":"2016-08-20T14:37:23","modified_gmt":"2016-08-20T17:37:23","slug":"colisao-frontal-entre-veiculos-deixa-tres-mortos-e-cinco-feridos-na-mg-050","status":"publish","type":"post","link":"https:\/\/aconteceunovale.com.br\/portal\/?p=95244","title":{"rendered":"Colis\u00e3o frontal entre ve\u00edculos deixa tr\u00eas mortos e cinco feridos na MG-050"},"content":{"rendered":"<p>Um grave acidente de tr\u00e2nsito na noite dessa sexta-feira (19\/08) na MG-050, na altura do KM 165, na cidade Pedra do Indai\u00e1, no Centro-Oeste de Minas, provocou a morte de tr\u00eas pessoas e deixou cinco feridas, sendo quatro em estado grave e uma crian\u00e7a com ferimentos leves.<\/p>\n<p>A batida frontal entre um Chevrolet Tracker prata, com placa de Divin\u00f3polis, e um Fiat Palio branco, com placa de S\u00e3o Carlos (SP), pode ter sido causada pela chuva que deixou a pista bastante molhada, segundo informou a Pol\u00edcia Militar Rodovi\u00e1ria (PMRv). No entanto, apenas a per\u00edcia t\u00e9cnica poder\u00e1 afirmar o que teria causado o acidente. O resultado deve ficar pronto em at\u00e9 30 dias.<\/p>\n<p>Motoristas que passavam pelo local e presenciaram o acidente acionaram a corpora\u00e7\u00e3o. Na rodovia, testemunhas contaram que o Palio seguia no sentido Divin\u00f3polis, quando em um determinado momento, o condutor Murilo Costa Rozendo Silva, de 20 anos, perdeu o controle.<\/p>\n<p>O ve\u00edculo rodou na pista e s\u00f3 parou ao bater contra o Tracker. O motorista Silva, e o passageiro Luiz Eduardo Goes Monteiro Bossolan, de 23, morreram na hora, segundo informou a PMRv.<\/p>\n<p>J\u00e1 os outros ocupante do Palio identificados como Fabr\u00edcio Marchede Santos, de 20, Victor Oliveira e Silva, de 22, e \u00cdcaro Gabriel Manzini Martins, de 20, ficaram gravemente feridos. Eles foram socorridos pelo Corpo de Bombeiros e encaminhados para a Unidade de Pronto-atendimento (UPA) de Divin\u00f3polis. <\/p>\n<p>No outro ve\u00edculo, estavam a passageira V\u00e2nia Cristina Ferreira, de 51, que tamb\u00e9m morreu na hora, e o motorista Wanderson Alves Leal, de 39, que foi socorrido em estado grave.<\/p>\n<p>Uma menina, de 5 anos, que tamb\u00e9m estava no Tracker teve ferimentos leves. Ela e Leal tamb\u00e9m foram socorridos para a UPA de Divin\u00f3polis. A PMRv n\u00e3o soube dizer se os ocupantes do Tracker eram da mesma fam\u00edlia. <\/p>\n<p>Os corpos dos feridos que n\u00e3o resistiram ao acidente foram encaminhados para o Instituto M\u00e9dico Legal (IML) de Bom Despacho.<\/p>\n<p><img decoding=\"async\" src=\"http:\/\/aconteceunovale.com.br\/portal\/wp-content\/uploads\/2016\/08\/acidente_050_1.jpg\" alt=\"\" \/><em>Acidente aconteceu no km 165 da MG-050 (Foto: Divulga\u00e7a\u00f5\/PMRv)<\/em><br \/>\n<\/br><\/p>\n<p><em>(Fonte: O Tempo \/ Reportagem: Camila Kifer)<\/em><\/p>\n","protected":false},"excerpt":{"rendered":"<p>Um grave acidente de tr\u00e2nsito na noite dessa sexta-feira (19\/08) na MG-050, na altura do KM 165, na cidade Pedra do Indai\u00e1, no Centro-Oeste de Minas, provocou a morte de tr\u00eas pessoas e deixou cinco feridas, sendo quatro em estado grave e uma crian\u00e7a com ferimentos leves. A batida frontal entre um Chevrolet Tracker prata, [&hellip;]<\/p>\n","protected":false},"author":1,"featured_media":95245,"comment_status":"open","ping_status":"closed","sticky":false,"template":"","format":"standard","meta":{"amp_status":"","footnotes":""},"categories":[123],"tags":[111664,103502,111665,111663,199,111668,1513,111670,111667,111666,1667,2382,111671,111669,111672],"class_list":["post-95244","post","type-post","status-publish","format-standard","has-post-thumbnail","hentry","category-gerais","tag-acidente-em-pedra-do-indaia","tag-acidente-na-mg-050","tag-acidente-na-mg-050-em-pedra-do-indaia","tag-colisao-frontal-entre-veiculos-deixa-tres-mortos-e-cinco-feridos-na-mg-050","tag-divinopolis","tag-fabricio-marchede-santos","tag-formiga","tag-icaro-gabriel-manzini-martins","tag-luiz-eduardo-goes-monteiro-bossolan","tag-murilo-costa-rozendo-silva","tag-pedra-do-indaia","tag-sao-paulo","tag-vania-cristina-ferreira","tag-victor-oliveira-e-silva","tag-wanderson-alves-leal"],"_links":{"self":[{"href":"https:\/\/aconteceunovale.com.br\/portal\/index.php?rest_route=\/wp\/v2\/posts\/95244","targetHints":{"allow":["GET"]}}],"collection":[{"href":"https:\/\/aconteceunovale.com.br\/portal\/index.php?rest_route=\/wp\/v2\/posts"}],"about":[{"href":"https:\/\/aconteceunovale.com.br\/portal\/index.php?rest_route=\/wp\/v2\/types\/post"}],"author":[{"embeddable":true,"href":"https:\/\/aconteceunovale.com.br\/portal\/index.php?rest_route=\/wp\/v2\/users\/1"}],"replies":[{"embeddable":true,"href":"https:\/\/aconteceunovale.com.br\/portal\/index.php?rest_route=%2Fwp%2Fv2%2Fcomments&post=95244"}],"version-history":[{"count":0,"href":"https:\/\/aconteceunovale.com.br\/portal\/index.php?rest_route=\/wp\/v2\/posts\/95244\/revisions"}],"wp:featuredmedia":[{"embeddable":true,"href":"https:\/\/aconteceunovale.com.br\/portal\/index.php?rest_route=\/wp\/v2\/media\/95245"}],"wp:attachment":[{"href":"https:\/\/aconteceunovale.com.br\/portal\/index.php?rest_route=%2Fwp%2Fv2%2Fmedia&parent=95244"}],"wp:term":[{"taxonomy":"category","embeddable":true,"href":"https:\/\/aconteceunovale.com.br\/portal\/index.php?rest_route=%2Fwp%2Fv2%2Fcategories&post=95244"},{"taxonomy":"post_tag","embeddable":true,"href":"https:\/\/aconteceunovale.com.br\/portal\/index.php?rest_route=%2Fwp%2Fv2%2Ftags&post=95244"}],"curies":[{"name":"wp","href":"https:\/\/api.w.org\/{rel}","templated":true}]}}