{"id":95223,"date":"2016-08-20T13:14:53","date_gmt":"2016-08-20T16:14:53","guid":{"rendered":"http:\/\/aconteceunovale.com.br\/portal\/?p=95223"},"modified":"2016-08-20T13:14:53","modified_gmt":"2016-08-20T16:14:53","slug":"justica-suspende-licencas-ambientais-do-complexo-germano-da-samarco","status":"publish","type":"post","link":"https:\/\/aconteceunovale.com.br\/portal\/?p=95223","title":{"rendered":"Justi\u00e7a suspende licen\u00e7as ambientais do Complexo Germano da Samarco"},"content":{"rendered":"<p>O Tribunal de Justi\u00e7a de Minas Gerais (TJMG) informou nesta sexta-feira (19\/08) que o juiz Michel Curi e Silva, substituto na 2\u00aa Vara da Fazenda P\u00fablica e Autarquias da Comarca de Belo Horizonte, determinou, liminarmente, a suspens\u00e3o de todas as licen\u00e7as ambientais do Complexo Germano, da mineradora Samarco, local onde ocorreu o rompimento da barragem de rejeitos de Fund\u00e3o, em Mariana (MG), at\u00e9 nova decis\u00e3o do Poder Judici\u00e1rio. O pedido foi feito pelo Minist\u00e9rio P\u00fablico de Minas Gerais (MPMG).<\/p>\n<p>Na decis\u00e3o, o juiz reconhece a import\u00e2ncia do funcionamento da mineradora para a economia da regi\u00e3o e at\u00e9 mesmo para a macroeconomia do estado, ao gerar riquezas, empregos e arrecada\u00e7\u00e3o tribut\u00e1ria, entretanto destacou que isso n\u00e3o pode justificar a retomada de atividades que gerem risco de novas trag\u00e9dias, com perdas de mais vidas humanas e danos ambientais irrepar\u00e1veis.<\/p>\n<p>O juiz concluiu que a empresa estava tentando voltar a operar usando as mesmas licen\u00e7as ambientais obtidas antes do rompimento da barragem, que deixou 19 v\u00edtimas fatais, desalojou milhares de pessoas, destruiu o distrito de Bento Rodrigues e comprometeu o abastecimento de \u00e1gua em diversos munic\u00edpios ao longo do Rio Doce, al\u00e9m de devastar o meio ambiente.<\/p>\n<p>Silva defendeu que, ap\u00f3s o desastre, ficou evidente que as permiss\u00f5es anteriormente concedidas n\u00e3o tinham efic\u00e1cia. Al\u00e9m disso, uma nota t\u00e9cnica do  Instituto Brasileiro do Meio Ambiente e dos Recursos Naturais Renov\u00e1veis (Ibama) demonstra que a empresa at\u00e9 hoje n\u00e3o apresentou um planejamento de atua\u00e7\u00e3o emergencial para o complexo, para o caso de uma nova trag\u00e9dia.<\/p>\n<p>Por meio de nota, a Samarco informou que \u201cn\u00e3o foi oficialmente notificada sobre a decis\u00e3o\u201d que suspende as licen\u00e7as ambientais do Complexo de Germano, \u201cmas adianta que, assim que for intimada, analisar\u00e1 e tomar\u00e1 as medidas cab\u00edveis\u201d. (Ag\u00eancia Brasil)<\/p>\n","protected":false},"excerpt":{"rendered":"<p>O Tribunal de Justi\u00e7a de Minas Gerais (TJMG) informou nesta sexta-feira (19\/08) que o juiz Michel Curi e Silva, substituto na 2\u00aa Vara da Fazenda P\u00fablica e Autarquias da Comarca de Belo Horizonte, determinou, liminarmente, a suspens\u00e3o de todas as licen\u00e7as ambientais do Complexo Germano, da mineradora Samarco, local onde ocorreu o rompimento da barragem [&hellip;]<\/p>\n","protected":false},"author":1,"featured_media":95224,"comment_status":"open","ping_status":"closed","sticky":false,"template":"","format":"standard","meta":{"amp_status":"","footnotes":""},"categories":[123],"tags":[111624,111626,82784,25807,111628,7363,82785,1774,111627,32642,111625,270,65291,65288,92646],"class_list":["post-95223","post","type-post","status-publish","format-standard","has-post-thumbnail","hentry","category-gerais","tag-2a-vara-da-fazenda-publica-e-autarquias-da-comarca-de-belo-horizonte","tag-complexo-germano","tag-juiz-michel-curi-e-silva","tag-justica","tag-justica-suspende-licencas-ambientais-do-complexo-germano-da-samarco","tag-mariana","tag-michel-curi-e-silva","tag-rio-doce","tag-rompimento-da-barragem-de-rejeitos-de-fundao","tag-samarco","tag-suspensao-de-todas-as-licencas-ambientais-do-complexo-germano","tag-tjmg","tag-tragedia-mariana","tag-tragedia-samarco","tag-tribunal-de-justica-de-minas-gerais"],"_links":{"self":[{"href":"https:\/\/aconteceunovale.com.br\/portal\/index.php?rest_route=\/wp\/v2\/posts\/95223","targetHints":{"allow":["GET"]}}],"collection":[{"href":"https:\/\/aconteceunovale.com.br\/portal\/index.php?rest_route=\/wp\/v2\/posts"}],"about":[{"href":"https:\/\/aconteceunovale.com.br\/portal\/index.php?rest_route=\/wp\/v2\/types\/post"}],"author":[{"embeddable":true,"href":"https:\/\/aconteceunovale.com.br\/portal\/index.php?rest_route=\/wp\/v2\/users\/1"}],"replies":[{"embeddable":true,"href":"https:\/\/aconteceunovale.com.br\/portal\/index.php?rest_route=%2Fwp%2Fv2%2Fcomments&post=95223"}],"version-history":[{"count":0,"href":"https:\/\/aconteceunovale.com.br\/portal\/index.php?rest_route=\/wp\/v2\/posts\/95223\/revisions"}],"wp:featuredmedia":[{"embeddable":true,"href":"https:\/\/aconteceunovale.com.br\/portal\/index.php?rest_route=\/wp\/v2\/media\/95224"}],"wp:attachment":[{"href":"https:\/\/aconteceunovale.com.br\/portal\/index.php?rest_route=%2Fwp%2Fv2%2Fmedia&parent=95223"}],"wp:term":[{"taxonomy":"category","embeddable":true,"href":"https:\/\/aconteceunovale.com.br\/portal\/index.php?rest_route=%2Fwp%2Fv2%2Fcategories&post=95223"},{"taxonomy":"post_tag","embeddable":true,"href":"https:\/\/aconteceunovale.com.br\/portal\/index.php?rest_route=%2Fwp%2Fv2%2Ftags&post=95223"}],"curies":[{"name":"wp","href":"https:\/\/api.w.org\/{rel}","templated":true}]}}