{"id":95213,"date":"2016-08-19T21:51:54","date_gmt":"2016-08-20T00:51:54","guid":{"rendered":"http:\/\/aconteceunovale.com.br\/portal\/?p=95213"},"modified":"2016-08-19T21:51:54","modified_gmt":"2016-08-20T00:51:54","slug":"justica-revoga-prisao-de-investigado-na-operacao-mar-de-lama-em-governador-valadares","status":"publish","type":"post","link":"https:\/\/aconteceunovale.com.br\/portal\/?p=95213","title":{"rendered":"Justi\u00e7a revoga pris\u00e3o de investigado na Opera\u00e7\u00e3o Mar de Lama, em Governador Valadares"},"content":{"rendered":"<p>O juiz T\u00e1rsis Augusto Santana Lima, da 2\u00aa Vara Federal do Tribunal Regional Federal da Primeira Regi\u00e3o (TRF1), revogou a pris\u00e3o preventiva do ex-procurador geral do munic\u00edpio de Governador Valadares, no Vale do Rio Doce. Schinyder Exupery Cardoso havia sido preso durante a s\u00e9tima fase da Opera\u00e7\u00e3o Mar de Lama, deflagrada pela Pol\u00edcia Federal (PF) e Minist\u00e9rio P\u00fablico Federal (MPF), no dia 10 de agosto deste ano, em continuidade as investiga\u00e7\u00f5es de um esquema criminoso de desvio de recursos p\u00fablicos instalado no Servi\u00e7o Aut\u00f4nomo de \u00c1gua e Esgoto (SAAE) e Prefeitura de Governador Valadares, envolvendo empres\u00e1rios e integrantes do alto escal\u00e3o do governo da prefeita Elisa Costa (PT).<\/p>\n<p>De acordo com a decis\u00e3o, publicada na noite desta sexta-feira (19\/08), no site oficial do TRF1, o juiz federal entendeu que n\u00e3o subsistem motivos suficientes para justificar a manuten\u00e7\u00e3o da pris\u00e3o preventiva do investigado Schinyder Exupery. <\/p>\n<p>Ainda conforme o Tribunal, a pris\u00e3o preventiva foi decretada com fundamento na garantia da ordem p\u00fablica como meio de interromper a atua\u00e7\u00e3o do grupo criminoso sob investiga\u00e7\u00e3o para assegurar a aplica\u00e7\u00e3o da lei penal, pois havia ind\u00edcios de que ele estaria dilapidando seu patrim\u00f4nio, bem como por conveni\u00eancia da instru\u00e7\u00e3o penal em face do receio de que em liberdade o investigado poderia atuar visando obstruir as investiga\u00e7\u00f5es em curso. <em>&#8220;A respeito da conveni\u00eancia da instru\u00e7\u00e3o penal entendo que a pris\u00e3o n\u00e3o mais se revela necess\u00e1ria.&#8221;<\/em>, decidiu o juiz.<\/p>\n<p>A Justi\u00e7a tamb\u00e9m informou que \u00e9 preciso levar em considera\u00e7\u00e3o que Schinyder Exupery foi exonerado do cargo p\u00fablico que ocupava e que esta circunst\u00e2ncia reduz sobremaneira o potencial de o investigado influir no \u00e2nimo de outras testemunhas ou de ocultar outras provas. <\/p>\n<p><em>&#8220;Diante de tal contexto, a manuten\u00e7\u00e3o da pris\u00e3o preventiva somente se justificaria se houvesse ind\u00edcios robustos de que o investigado ora requerente estaria agindo de modo a perturbar o bom andamento da persecu\u00e7\u00e3o penal o que n\u00e3o se verifica por ora no caso concreto. Quanto \u00e0 garantia da aplica\u00e7\u00e3o da lei penal verifica-se que a suspeita de que o requerente estaria dilapidando seu patrim\u00f4nio com inten\u00e7\u00e3o de evadir do foro da culpa n\u00e3o foi confirmada. Como afirmado pelo pr\u00f3prio MPF, o requerente \u00e9 propriet\u00e1rio de outros im\u00f3veis e a aliena\u00e7\u00e3o de apenas um deles n\u00e3o \u00e9 ind\u00edcio suficiente para justificar a pris\u00e3o em raz\u00e3o do receio de fuga. Esclare\u00e7a-se que n\u00e3o se est\u00e1 a afirmar que a aliena\u00e7\u00e3o do im\u00f3vel pelo requerente foi um neg\u00f3cio l\u00edcito nem a negar a possibilidade de que o requerente vise adotar alguma manobra com inten\u00e7\u00e3o de blindar o patrim\u00f4nio auferido ilicitamente ou de se furtar da aplica\u00e7\u00e3o da lei penal. A conclus\u00e3o que por ora se chega \u00e9 que os elementos at\u00e9 ent\u00e3o colhidos n\u00e3o corroboram o receio de fuga alegado pelo MPF de modo a n\u00e3o se justificar a manuten\u00e7\u00e3o da pris\u00e3o preventiva com base neste fundamento. Em rela\u00e7\u00e3o \u00e0 garantia da ordem p\u00fablica verifica-se que os elementos de prova at\u00e9 ent\u00e3o colhidos denotam uma estreita rela\u00e7\u00e3o entre os fatos criminosos que teriam sido praticados pelo requerente e o exerc\u00edcio das fun\u00e7\u00f5es p\u00fablicas inerentes ao cargo que ocupava. Apesar de haver ind\u00edcios sugestivos de que o requerente ocupava papel de destaque no esquema criminoso sob investiga\u00e7\u00e3o h\u00e1 de se considerar que o atual contexto n\u00e3o mais se revela favor\u00e1vel \u00e0 reitera\u00e7\u00e3o delitiva de sua parte.&#8221;<\/em>, diz juiz em decis\u00e3o divulgada pelo TRF1.<\/p>\n<p><em>&#8220;A fase ostensiva da Opera\u00e7\u00e3o Mar de Lama foi deflagrada em abril de 2016, ocasi\u00e3o em que foi determinado o afastamento do requerente de suas fun\u00e7\u00f5es p\u00fablicas. Desde ent\u00e3o in\u00fameros agentes p\u00fablicos, sobre os quais pairava suspeitas de envolvimento nos fatos investigados, foram afastados de suas fun\u00e7\u00f5es e parte deles submetidos \u00e0 cautelar de pris\u00e3o domiciliar. Foram cumpridos diversos mandados de busca e apreens\u00e3o inclusive no escrit\u00f3rio de advocacia do requerente. As empresas envolvidas e seu modus operandi foram identificados tamb\u00e9m com decreta\u00e7\u00e3o de medidas cautelares para fazer cessar a pr\u00e1tica delitiva. Em rela\u00e7\u00e3o a alguns fatos o MPF j\u00e1 ofereceu den\u00fancias que j\u00e1 foram recebidas por este ju\u00edzo inclusive com resposta \u00e0 acusa\u00e7\u00e3o j\u00e1 apresentadas pelas respectivas defesas t\u00e9cnicas.&#8221;<\/em>, conclui.<\/p>\n<p><em>(Com informa\u00e7\u00f5es do TRF1)<\/em><\/p>\n","protected":false},"excerpt":{"rendered":"<p>O juiz T\u00e1rsis Augusto Santana Lima, da 2\u00aa Vara Federal do Tribunal Regional Federal da Primeira Regi\u00e3o (TRF1), revogou a pris\u00e3o preventiva do ex-procurador geral do munic\u00edpio de Governador Valadares, no Vale do Rio Doce. Schinyder Exupery Cardoso havia sido preso durante a s\u00e9tima fase da Opera\u00e7\u00e3o Mar de Lama, deflagrada pela Pol\u00edcia Federal (PF) [&hellip;]<\/p>\n","protected":false},"author":1,"featured_media":91389,"comment_status":"open","ping_status":"closed","sticky":false,"template":"","format":"standard","meta":{"amp_status":"","footnotes":""},"categories":[121],"tags":[100183,95481,88052,27930,88528,88412,88221,88090,27927,98819,95486,88047,88511,88077,95458,109685,88410,100979,1018,88078,88076,98821,29486,95475,95470,95474,65870,88098,88081,100978,88094,88096,88101,88103,46212,109705,1886,66364,88092,88072,37874,88099,95293,95457,95303,88053,95484,88057,27921,98280,247,95456,67701,95483,100193,95469,100195,95478,96031,88080,96028,95477,96030,88088,88071,99429,99430,96102,74250,74249,95480,95471,95473,88062,88446,100184,27928,88066,697,109683,109682,88070,88082,88046,88045,88074,98825,95479,100980,88100,88102,20966,88079,772,88512,35082,88264,100321,88075,19707,95505,95510,88050,88051,88091,88065,88095,88097,95294,88054,88055,88056,88089,88059,95295,88058,88060,88068,88067,88083,88042,96840,88087,88064,95289,88043,88085,88061,95498,95490,95494,95496,95455,88093,95292,95508,95507,95489,95502,95501,95504,95491,95493,95495,95503,95506,95512,95499,95492,95511,95509,95500,95497,96839,96838,758,98826,98823,98824,95482,95488,95476,96029,98822,98820,49318,80641,95472,88073,88086,88063,95487,100180,100182,100181,88350,100925,95485,5035,88044,95288,88040,100308,100309,100310,62430,88084,27929],"class_list":["post-95213","post","type-post","status-publish","format-standard","has-post-thumbnail","hentry","category-leste","tag-3a-vara-criminal-da-comarca-de-governador-valadares","tag-aldair-santos-doliveira","tag-anania-paula-da-silva","tag-ananias-camelo","tag-anexo-da-camara-municipal-de-governador-valadares-e-alvo-de-vandalismo","tag-bispo-da-diocese-de-governador-valadares","tag-camara-municipal-de-governador-valadares","tag-carlos-helder-lazaro","tag-cezinha-alvarenga","tag-claudineia-araujo","tag-construtora-vieira-prado","tag-corrupcao-governador-valadares","tag-corrupcao-pt","tag-corrupcao-saae-de-governador-valadares","tag-corrupcao-valadarense","tag-crimes-contra-a-administracao-publica-no-municipio-de-governador-valadares","tag-darly-alves-de-souza","tag-delacao-premiada-do-ex-diretor-do-saae-jefferson-santos-lima","tag-destaque","tag-desvio-de-dinheiro-governador-valadares","tag-desvio-de-dinheiro-saae-de-governador-valadares","tag-desvio-de-recursos-publicos-governador-valadares","tag-diocese-de-governador-valadares","tag-diretor-adjunto-do-saae","tag-diretor-de-gestao-de-rh-do-saae","tag-diretor-do-departamento-de-servicos-funerarios-e-cemiterios","tag-diretor-do-saae","tag-diretor-geral-do-saae-de-governador-valadares","tag-diretor-geral-do-saae-de-governador-valadares-e-outras-sete-pessoas-sao-presos-em-operacao-da-pf","tag-dividas-de-campanha-da-prefeita-elisa-costa","tag-djalma-florencio-diniz","tag-djalma-florencio-diniz-junior","tag-dpark","tag-dpark-servicos-de-estacionamento","tag-edmilson-soares","tag-edmilson-soares-dos-santos","tag-elisa-costa","tag-em-governador-valadares","tag-emilio-claudio-alvarenga-rios","tag-emilio-frois","tag-empresarios","tag-fejoli-florestal","tag-fraude-empresa-valadarense","tag-fraude-valadarense","tag-gaeco-de-governador-valadares","tag-geovanne-honorio-da-silva","tag-gerente-do-posto-tabajara","tag-gledston-gomes-de-araujo","tag-gledston-guetao","tag-gledston-guetao-reassume-cadeira-na-camara-de-governador-valadares","tag-governador-valadares","tag-investigacao-valadarense","tag-jaider-batista-da-silva","tag-jean-carlos-soares","tag-jefferson-lima","tag-jefferson-santos-lima","tag-jorge-ferreira-lopes","tag-jose-estanislau-de-brito","tag-juiz-converte-10-prisoes-temporarias-em-preventivas-e-libera-4-investigados-da-cadeia","tag-juiz-federal-determina-o-afastamento-de-oito-vereadores-de-governador-valadares","tag-juiz-libera-4-investigados-e-converte-10-prisoes-temporarias-em-preventivas","tag-juliana-campos-carvalho","tag-juliana-campos-carvalho-schettino","tag-juliana-de-oliveira-alves-melo","tag-juninho-tabajara","tag-justica-aceita-denuncia-e-torna-reus-36-politicos-e-servidores-publicos-de-governador-valadares","tag-justica-aceita-integralmente-denuncia-do-mpmg-contra-politicos-e-servidores-publicos-de-governador-valadares","tag-justica-recebe-denuncias-do-mpf-por-desvios-de-verbas-federais-em-governador-valadares","tag-levi-presidente","tag-levi-vieira-da-silva","tag-lucas-estanislau-de-brito","tag-marco-rodrigo-rios-bertolacini","tag-marcos-antonio-voria","tag-marinaldo-carlos-de-amorim","tag-memes-governador-valadares","tag-michel-cristian-de-freitas","tag-milvinho","tag-milvio-jose-da-silva","tag-minas","tag-obras-sem-licitacao-beneficiaram-empresarios-e-agentes-publicos-em-governador-valadares","tag-obras-sem-licitacao-beneficiaram-empresarios-e-agentes-publicos-em-minas-gerais","tag-omir-do-saae","tag-omir-quintino-soares","tag-operacao-da-pf-governador-valadares","tag-operacao-da-policia-federal-governador-valadares","tag-operacao-saae-de-governador-valadares","tag-organizacao-criminosa-prefeitura-de-governador-valadares","tag-padaria-pao-express","tag-pao-superfaturado-pagou-divida-de-campanha-do-pt-em-governador-valadares","tag-pavotec","tag-pavotec-pavimentacao-e-terraplanagem","tag-pf","tag-pf-deflagra-operacao-contra-fraudes-em-contratos-em-prefeitura-de-governador-valadares","tag-policia-federal","tag-prefeita-de-governador-valadares-nega-desvio-bilionario-e-pede-retratacao-da-pf","tag-prefeitura-de-governador-valadares","tag-prefeitura-de-governador-valadares-refuta-informacao-sobre-desvio-bilionario","tag-presidente-de-sindicato-em-governador-valadares-recebeu-r-400-mil-em-propinas","tag-presos-saae-de-governador-valadares","tag-prisao","tag-prisao-aldair-santos-doliveira","tag-prisao-construtora-vieira-prado","tag-prisao-de-anania-paula-da-silva","tag-prisao-de-ananias-camelo","tag-prisao-de-carlos-helder-lazaro","tag-prisao-de-cezinha-alvarenga","tag-prisao-de-djalma-florencio-diniz","tag-prisao-de-djalma-florencio-diniz-junior","tag-prisao-de-geovane-honorio","tag-prisao-de-geovanne-honorio-da-silva","tag-prisao-de-gledston-gomes-de-araujo","tag-prisao-de-gledston-guetao","tag-prisao-de-juliana-de-oliveira-alves-melo","tag-prisao-de-levi-presidente","tag-prisao-de-levi-vieira","tag-prisao-de-levi-vieira-da-silva","tag-prisao-de-marinaldo-carlos-de-amorim","tag-prisao-de-milvinho","tag-prisao-de-milvio-jose-da-silva","tag-prisao-de-omir-quintino-soares","tag-prisao-de-politicos-governador-valadares","tag-prisao-de-proprietarios-da-empresa-valadarense","tag-prisao-de-seleme-hilel-neto","tag-prisao-de-sezary-de-oliveira-alvarenga","tag-prisao-de-vereadores-em-governador-valadares","tag-prisao-de-vereadores-governador-valadares","tag-prisao-de-vilmar-rios-dias-junior","tag-prisao-de-zangado","tag-prisao-diretor-adjunto-do-saae","tag-prisao-diretor-de-gestao-de-rh-do-saae","tag-prisao-diretor-do-departamento-de-servicos-funerarios-e-cemiterios","tag-prisao-diretor-do-saae","tag-prisao-donos-da-valadarense","tag-prisao-emilio-claudio-alvarenga-rios","tag-prisao-empresa-valadarense","tag-prisao-gerente-do-posto-tabajara","tag-prisao-jean-carlos-soares","tag-prisao-jefferson-santos-lima","tag-prisao-jose-estanislau-de-brito","tag-prisao-juliana-campos-carvalho","tag-prisao-lucas-estanislau-de-brito","tag-prisao-marco-rodrigo-rios-bertolacini","tag-prisao-marcos-antonio-voria","tag-prisao-omir-quintino-soares","tag-prisao-padaria-pao-express","tag-prisao-restaurante-sabor-da-praca","tag-prisao-rh-assessoria","tag-prisao-roberto-jose-carvalho","tag-prisao-secretario-municipal-de-servicos-urbanos","tag-prisao-silvana-santos-alves","tag-prisao-thiago-vieira-prado","tag-prisao-valadarense","tag-prisao-vilmar-rios-dias-junior","tag-proprietarios-da-empresa-valadarense","tag-proprietarios-da-empresa-valadarense-se-entregam-a-policia-federal","tag-pt","tag-quadrilha-desviou-quase-toda-verba-para-recuperacao-de-estragos-da-chuva-em-governador-valadares","tag-quadrilha-governador-valadares","tag-quadrilha-prefeitura-de-governador-valadares","tag-restaurante-sabor-da-praca","tag-rh-assessoria","tag-roberto-jose-carvalho","tag-roberto-jose-de-carvalho","tag-roubo-na-prefeitura-de-governador-valadares","tag-rua-da-passagem","tag-saae-de-governador-valadares","tag-schinyder-exupery-cardozo","tag-secretario-municipal-de-servicos-urbanos","tag-seleme-hilel","tag-seleme-hilel-neto","tag-sezary-de-oliveira-alvarenga","tag-silvana-santos-alves","tag-sindicato-dos-trabalhadores-de-transportes-rodoviarios-de-governador-valadares","tag-sinttro-gv","tag-sinttrogv","tag-tarsis-augusto-de-santana-lima","tag-thiago-vieira-do-prado","tag-thiago-vieira-prado","tag-valadarense","tag-vereadores-alvos-de-operacao-em-governador-valadares","tag-vereadores-presos-em-governado","tag-vereadores-presos-em-governador-valadares","tag-video-mostra-presidente-de-sindicato-recebendo-grande-quantia-de-dinheiro-do-proprietario-da-empresa-valadarense","tag-video-mostra-presidente-de-sindicato-recebendo-suposta-propina-de-empresa-de-onibus-em-governador-valadares","tag-video-mostra-presidente-de-sindicato-recebendo-suposta-propina-de-empresa-de-onibus-em-valadares","tag-vilmar-rios","tag-vilmar-rios-dias-junior","tag-zangado"],"_links":{"self":[{"href":"https:\/\/aconteceunovale.com.br\/portal\/index.php?rest_route=\/wp\/v2\/posts\/95213","targetHints":{"allow":["GET"]}}],"collection":[{"href":"https:\/\/aconteceunovale.com.br\/portal\/index.php?rest_route=\/wp\/v2\/posts"}],"about":[{"href":"https:\/\/aconteceunovale.com.br\/portal\/index.php?rest_route=\/wp\/v2\/types\/post"}],"author":[{"embeddable":true,"href":"https:\/\/aconteceunovale.com.br\/portal\/index.php?rest_route=\/wp\/v2\/users\/1"}],"replies":[{"embeddable":true,"href":"https:\/\/aconteceunovale.com.br\/portal\/index.php?rest_route=%2Fwp%2Fv2%2Fcomments&post=95213"}],"version-history":[{"count":0,"href":"https:\/\/aconteceunovale.com.br\/portal\/index.php?rest_route=\/wp\/v2\/posts\/95213\/revisions"}],"wp:featuredmedia":[{"embeddable":true,"href":"https:\/\/aconteceunovale.com.br\/portal\/index.php?rest_route=\/wp\/v2\/media\/91389"}],"wp:attachment":[{"href":"https:\/\/aconteceunovale.com.br\/portal\/index.php?rest_route=%2Fwp%2Fv2%2Fmedia&parent=95213"}],"wp:term":[{"taxonomy":"category","embeddable":true,"href":"https:\/\/aconteceunovale.com.br\/portal\/index.php?rest_route=%2Fwp%2Fv2%2Fcategories&post=95213"},{"taxonomy":"post_tag","embeddable":true,"href":"https:\/\/aconteceunovale.com.br\/portal\/index.php?rest_route=%2Fwp%2Fv2%2Ftags&post=95213"}],"curies":[{"name":"wp","href":"https:\/\/api.w.org\/{rel}","templated":true}]}}