{"id":95207,"date":"2016-08-19T20:24:30","date_gmt":"2016-08-19T23:24:30","guid":{"rendered":"http:\/\/aconteceunovale.com.br\/portal\/?p=95207"},"modified":"2016-08-19T20:24:30","modified_gmt":"2016-08-19T23:24:30","slug":"policia-prende-terapeuta-ocupacional-suspeito-de-estuprar-criancas-em-apae-no-vale-do-rio-doce","status":"publish","type":"post","link":"https:\/\/aconteceunovale.com.br\/portal\/?p=95207","title":{"rendered":"Pol\u00edcia prende terapeuta ocupacional suspeito de estuprar crian\u00e7as em APAE no Vale do Rio Doce"},"content":{"rendered":"<p>Ap\u00f3s cerca de um m\u00eas de investiga\u00e7\u00f5es, a Pol\u00edcia Civil de Minas Gerais, por meio da 14\u00aa Delegacia de Pol\u00edcia de Inhapim, cumpriu na manh\u00e3 desta sexta-feira (19\/08), um mandado de pris\u00e3o tempor\u00e1ria expedido pela Justi\u00e7a, pelo crime de estupro de vulner\u00e1vel, em desfavor de Rodrigo Carvalho Pereira, de 33 anos. O terapeuta ocupacional \u00e9 investigado por estupro contra crian\u00e7as assistidas pela Associa\u00e7\u00e3o de Pais e Amigos dos Excepcionais (APAE), em S\u00e3o Sebasti\u00e3o do Anta, onde ele j\u00e1 atuava h\u00e1 pelo menos oito anos.<\/p>\n<p>&#8220;Tivemos informa\u00e7\u00f5es da pr\u00f3pria APAE de que poderia estar ocorrendo abuso sexual contra os assistidos em S\u00e3o Sebasti\u00e3o do Anta. Diante destas informa\u00e7\u00f5es, n\u00f3s monitoramos o Rodrigo e infelizmente n\u00f3s acabamos colhendo imagens que mostram claramente que ele abusava sexualmente das crian\u00e7as&#8221;, disse o delegado de Pol\u00edcia Civil F\u00e1bio de Sousa Henrique.<\/p>\n<p>A Pol\u00edcia Civil usou uma c\u00e2mera escondida instalada dentro da sala de atendimento das crian\u00e7as para monitorar o terapeuta ocupacional. As imagens gravadas pela c\u00e2mera escondida s\u00e3o fortes, segundo informado pela Pol\u00edcia Civil. As investiga\u00e7\u00f5es apontam que o investigado trancava a porta da sala de atendimento para a pr\u00e1tica dos atos libidinosos com as crian\u00e7as.<\/p>\n<p>A Pol\u00edcia Civil identificou tr\u00eas v\u00edtimas. A princ\u00edpio, Rodrigo negou o crime, mas depois acabou confessando. As investiga\u00e7\u00f5es tiveram in\u00edcio ap\u00f3s uma m\u00e3e desconfiar do comportamento estranho do filho. Ela comunicou o fato \u00e0 dire\u00e7\u00e3o da APAE, em S\u00e3o Sebasti\u00e3o do Anta, que procurou pela Pol\u00edcia Civil.<\/p>\n<p>Um mandado de busca e apreens\u00e3o tamb\u00e9m foi cumprido na casa do investigado para verificar a suposta exist\u00eancia de material ligado \u00e0 pornografia infantil, mas nada foi encontrado pelos policiais civis. O investigado tamb\u00e9m atuava como terapeuta ocupacional da APAE em Inhapim h\u00e1 aproximadamente 10 anos. A Pol\u00edcia Civil deve abrir uma investiga\u00e7\u00e3o para identificar se h\u00e1 ou n\u00e3o outras poss\u00edveis v\u00edtimas do investigado.<\/p>\n<p>Os trabalhos investigativos comandados pelo delegado F\u00e1bio de Sousa contaram com a participa\u00e7\u00e3o dos investigadores Amarildo Amaral, Dilerman Freitas, Enoque Ribeiro e M\u00e1rcio Marques. O delegado ressaltou que as investiga\u00e7\u00f5es continuam e que vai pedir a convers\u00e3o da pris\u00e3o tempor\u00e1ria em preventiva para o investigado. A Pol\u00edcia Civil tem 30 dias para concluir o inqu\u00e9rito policial. Rodrigo ser\u00e1 indiciado pelo crime de estupro de vulner\u00e1vel.<\/p>\n<p><img decoding=\"async\" src=\"http:\/\/aconteceunovale.com.br\/portal\/wp-content\/uploads\/2016\/08\/estuprador_sao_sebastiao_do_anta.jpg\" alt=\"\" \/><em>Rodrigo Carvalho Pereira foi preso nesta sexta-feira (Foto: Divulga\u00e7\u00e3o)<\/em><br \/>\n<\/br><\/p>\n<p><em>(Fonte: Super Canal de Caratinga)<\/em><\/p>\n","protected":false},"excerpt":{"rendered":"<p>Ap\u00f3s cerca de um m\u00eas de investiga\u00e7\u00f5es, a Pol\u00edcia Civil de Minas Gerais, por meio da 14\u00aa Delegacia de Pol\u00edcia de Inhapim, cumpriu na manh\u00e3 desta sexta-feira (19\/08), um mandado de pris\u00e3o tempor\u00e1ria expedido pela Justi\u00e7a, pelo crime de estupro de vulner\u00e1vel, em desfavor de Rodrigo Carvalho Pereira, de 33 anos. O terapeuta ocupacional \u00e9 [&hellip;]<\/p>\n","protected":false},"author":1,"featured_media":95208,"comment_status":"open","ping_status":"closed","sticky":false,"template":"","format":"standard","meta":{"amp_status":"","footnotes":""},"categories":[121],"tags":[111588,111594,1018,111592,111593,111595,296,111598,111596,111597,111590,111589,111591,323,111599],"class_list":["post-95207","post","type-post","status-publish","format-standard","has-post-thumbnail","hentry","category-leste","tag-14a-delegacia-de-policia-de-inhapim","tag-caso-de-estupro-na-apae-de-sao-sebastiao-do-anta","tag-destaque","tag-estuprador-apae-sao-sebastiao-do-anta","tag-estupro-na-apae-de-sao-sebastiao-do-anta","tag-fabio-de-sousa-henrique","tag-inhapim","tag-policia-civil-detem-terapeuta-ocupacional-denunciado-pelo-estupro-de-criancas-da-apae-em-sao-sebastiao-do-anta","tag-policia-prende-terapeuta-ocupacional-suspeito-de-estuprar-criancas-em-apae-no-vale-do-rio-doce","tag-policia-prende-terapeuta-ocupacional-suspeito-de-estuprar-criancas-na-apae-de-sao-sebastiao-do-anta","tag-prisao-rodrigo-carvalho-pereira","tag-rodrigo-carvalho-pereira","tag-rodrigo-carvalho-pereira-e-preso-por-estupro","tag-sao-sebastiao-do-anta","tag-terapeuta-e-preso-acusado-de-estupro-contra-criancas-da-apae-em-sao-sebastiao-do-anta"],"_links":{"self":[{"href":"https:\/\/aconteceunovale.com.br\/portal\/index.php?rest_route=\/wp\/v2\/posts\/95207","targetHints":{"allow":["GET"]}}],"collection":[{"href":"https:\/\/aconteceunovale.com.br\/portal\/index.php?rest_route=\/wp\/v2\/posts"}],"about":[{"href":"https:\/\/aconteceunovale.com.br\/portal\/index.php?rest_route=\/wp\/v2\/types\/post"}],"author":[{"embeddable":true,"href":"https:\/\/aconteceunovale.com.br\/portal\/index.php?rest_route=\/wp\/v2\/users\/1"}],"replies":[{"embeddable":true,"href":"https:\/\/aconteceunovale.com.br\/portal\/index.php?rest_route=%2Fwp%2Fv2%2Fcomments&post=95207"}],"version-history":[{"count":0,"href":"https:\/\/aconteceunovale.com.br\/portal\/index.php?rest_route=\/wp\/v2\/posts\/95207\/revisions"}],"wp:featuredmedia":[{"embeddable":true,"href":"https:\/\/aconteceunovale.com.br\/portal\/index.php?rest_route=\/wp\/v2\/media\/95208"}],"wp:attachment":[{"href":"https:\/\/aconteceunovale.com.br\/portal\/index.php?rest_route=%2Fwp%2Fv2%2Fmedia&parent=95207"}],"wp:term":[{"taxonomy":"category","embeddable":true,"href":"https:\/\/aconteceunovale.com.br\/portal\/index.php?rest_route=%2Fwp%2Fv2%2Fcategories&post=95207"},{"taxonomy":"post_tag","embeddable":true,"href":"https:\/\/aconteceunovale.com.br\/portal\/index.php?rest_route=%2Fwp%2Fv2%2Ftags&post=95207"}],"curies":[{"name":"wp","href":"https:\/\/api.w.org\/{rel}","templated":true}]}}