{"id":95204,"date":"2016-08-19T19:29:24","date_gmt":"2016-08-19T22:29:24","guid":{"rendered":"http:\/\/aconteceunovale.com.br\/portal\/?p=95204"},"modified":"2016-08-19T19:29:24","modified_gmt":"2016-08-19T22:29:24","slug":"prazo-para-registrar-candidatos-escolhidos-em-convencao-vai-ate-este-sabado","status":"publish","type":"post","link":"https:\/\/aconteceunovale.com.br\/portal\/?p=95204","title":{"rendered":"Prazo para registrar candidatos escolhidos em conven\u00e7\u00e3o vai at\u00e9 este s\u00e1bado"},"content":{"rendered":"<p>Caso o partido ou coliga\u00e7\u00e3o tenha perdido o prazo de solicita\u00e7\u00e3o de registro dos candidatos paras as elei\u00e7\u00f5es municipais de outubro pr\u00f3ximo, que terminou no dia 15 deste m\u00eas, a solicita\u00e7\u00e3o poder\u00e1 ser feita at\u00e9 este s\u00e1bado (20\/08).<\/p>\n<p>Os candidatos escolhidos em conven\u00e7\u00e3o para as elei\u00e7\u00f5es municipais de 2016 devem pedir o registro da candidatura at\u00e9 as 19h do dia 20 de agosto. O pedido deve ser feito individualmente na Justi\u00e7a Eleitoral.<\/p>\n<p>Os candidatos que far\u00e3o o pedido devem respeitar o prazo de 48 horas ap\u00f3s a publica\u00e7\u00e3o pelo ju\u00edzo eleitoral competente em rela\u00e7\u00e3o \u00e0 lista dos candidatos. A medida visa a assegurar o direito de participar do pleito ao candidato escolhido legitimamente em conven\u00e7\u00e3o partid\u00e1ria.<\/p>\n<p>Essa \u00e9 uma das fases mais importantes da elei\u00e7\u00e3o. Nessa fase, os partidos e coliga\u00e7\u00f5es fazem a solicita\u00e7\u00e3o do registro dos candidatos aos cargos eletivos e no dia 2 de setembro os partidos, coliga\u00e7\u00f5es e candidatos devem preencher as vagas remanescentes para as elei\u00e7\u00f5es parlamentares com os percentuais m\u00ednimos de 30% e m\u00e1ximo de 70% para cada sexo.<\/p>\n<p>O per\u00edodo de registro de candidatura, caso haja substitui\u00e7\u00f5es, termina no dia 12 de setembro. Em caso de morte de candidato, os partidos e coliga\u00e7\u00f5es devem fazer substitui\u00e7\u00e3o at\u00e9 10 dias ap\u00f3s o ocorrido. (Ag\u00eancia Brasil)<\/p>\n","protected":false},"excerpt":{"rendered":"<p>Caso o partido ou coliga\u00e7\u00e3o tenha perdido o prazo de solicita\u00e7\u00e3o de registro dos candidatos paras as elei\u00e7\u00f5es municipais de outubro pr\u00f3ximo, que terminou no dia 15 deste m\u00eas, a solicita\u00e7\u00e3o poder\u00e1 ser feita at\u00e9 este s\u00e1bado (20\/08). Os candidatos escolhidos em conven\u00e7\u00e3o para as elei\u00e7\u00f5es municipais de 2016 devem pedir o registro da candidatura [&hellip;]<\/p>\n","protected":false},"author":1,"featured_media":95205,"comment_status":"open","ping_status":"closed","sticky":false,"template":"","format":"standard","meta":{"amp_status":"","footnotes":""},"categories":[6,79927],"tags":[109048,16976,107337,107336,107342,107338,107339,107335,107341,107340,107334,107316,107325,107321,107331,109046,107322,107332,111586,107347,107343,107315,107323,109047,59515,107324,60086,78864,107333,107330,107344,107345,107346,17165,107320,107329,107318,107327,61389,111587,24296,107319,107328,107317,107326],"class_list":["post-95204","post","type-post","status-publish","format-standard","has-post-thumbnail","hentry","category-br","category-eleicoes-2016-2","tag-aplicativo-candidaturas-2016","tag-candidatos","tag-candidatos-a-prefeito-de","tag-candidatos-a-prefeito-eleicoes-2016","tag-candidatos-a-prefeito-eleicoes-municipais-2016","tag-candidatos-a-prefeito-em","tag-candidatos-a-vereador-de","tag-candidatos-a-vereador-eleicoes-2016","tag-candidatos-a-vereador-eleicoes-municipais-2016","tag-candidatos-a-vereador-em","tag-candidatos-a-vereador-em-2016","tag-candidatos-eleicoes-2016","tag-candidatos-eleicoes-2016-minas-gerais","tag-candidatos-eleicoes-municipais-2016","tag-candidatos-eleicoes-municipais-2016-minas-gerais","tag-candidaturas-2016","tag-candidaturas-eleicoes-municipais-2016","tag-candidaturas-eleicoes-municipais-2016-minas-gerais","tag-coligacao","tag-consultas-sobre-candidatos-2016","tag-divulgacao-de-candidaturas-2016","tag-divulgacao-de-candidaturas-eleicoes-2016","tag-divulgacao-de-candidaturas-eleicoes-2016-minas-gerais","tag-download-aplicativo-candidaturas-2016","tag-eleicoes-2016","tag-eleicoes-2016-minas-gerais","tag-eleicoes-municipais","tag-eleicoes-municipais-2016","tag-eleicoes-municipais-2016-divulgacao-de-candidaturas","tag-eleicoes-municipais-2016-minas-gerais","tag-informacoes-detalhadas-sobre-todos-os-candidatos-de-2016","tag-informacoes-sobre-todos-os-candidatos","tag-informacoes-sobre-todos-os-candidatos-de-2016","tag-justica-eleitoral","tag-lista-candidaturas-eleicoes-2016","tag-lista-candidaturas-eleicoes-2016-minas-gerais","tag-lista-de-todos-os-candidatos-eleicoes-2016","tag-lista-de-todos-os-candidatos-eleicoes-2016-minas-gerais","tag-partido","tag-prazo-para-registrar-candidatos-escolhidos-em-convencao-vai-ate-este-sabado","tag-registro","tag-relacao-candidaturas-eleicoes-2016","tag-relacao-candidaturas-eleicoes-2016-minas-gerais","tag-relacao-de-todos-os-candidatos-eleicoes-2016","tag-relacao-de-todos-os-candidatos-eleicoes-2016-minas-gerais"],"_links":{"self":[{"href":"https:\/\/aconteceunovale.com.br\/portal\/index.php?rest_route=\/wp\/v2\/posts\/95204","targetHints":{"allow":["GET"]}}],"collection":[{"href":"https:\/\/aconteceunovale.com.br\/portal\/index.php?rest_route=\/wp\/v2\/posts"}],"about":[{"href":"https:\/\/aconteceunovale.com.br\/portal\/index.php?rest_route=\/wp\/v2\/types\/post"}],"author":[{"embeddable":true,"href":"https:\/\/aconteceunovale.com.br\/portal\/index.php?rest_route=\/wp\/v2\/users\/1"}],"replies":[{"embeddable":true,"href":"https:\/\/aconteceunovale.com.br\/portal\/index.php?rest_route=%2Fwp%2Fv2%2Fcomments&post=95204"}],"version-history":[{"count":0,"href":"https:\/\/aconteceunovale.com.br\/portal\/index.php?rest_route=\/wp\/v2\/posts\/95204\/revisions"}],"wp:featuredmedia":[{"embeddable":true,"href":"https:\/\/aconteceunovale.com.br\/portal\/index.php?rest_route=\/wp\/v2\/media\/95205"}],"wp:attachment":[{"href":"https:\/\/aconteceunovale.com.br\/portal\/index.php?rest_route=%2Fwp%2Fv2%2Fmedia&parent=95204"}],"wp:term":[{"taxonomy":"category","embeddable":true,"href":"https:\/\/aconteceunovale.com.br\/portal\/index.php?rest_route=%2Fwp%2Fv2%2Fcategories&post=95204"},{"taxonomy":"post_tag","embeddable":true,"href":"https:\/\/aconteceunovale.com.br\/portal\/index.php?rest_route=%2Fwp%2Fv2%2Ftags&post=95204"}],"curies":[{"name":"wp","href":"https:\/\/api.w.org\/{rel}","templated":true}]}}