{"id":95201,"date":"2016-08-19T19:20:33","date_gmt":"2016-08-19T22:20:33","guid":{"rendered":"http:\/\/aconteceunovale.com.br\/portal\/?p=95201"},"modified":"2016-08-19T19:20:33","modified_gmt":"2016-08-19T22:20:33","slug":"abertas-as-inscricoes-para-o-concurso-de-qualidade-dos-cafes-de-minas-gerais-de-2016","status":"publish","type":"post","link":"https:\/\/aconteceunovale.com.br\/portal\/?p=95201","title":{"rendered":"Abertas as inscri\u00e7\u00f5es para o Concurso de Qualidade dos Caf\u00e9s de Minas Gerais de 2016"},"content":{"rendered":"<p>Os cafeicultores interessados em participar do Concurso de Qualidade dos Caf\u00e9s de Minas Gerais de 2016 j\u00e1 podem fazer as inscri\u00e7\u00f5es. A competi\u00e7\u00e3o \u00e9 a maior do pa\u00eds e est\u00e1 em sua 13\u00aa edi\u00e7\u00e3o. S\u00e3o esperados cerca de 2 mil concorrentes.<\/p>\n<p>Podem participar produtores dos munic\u00edpios mineiros com amostras de caf\u00e9 Ar\u00e1bica colhidas neste ano. O concurso \u00e9 promovido pela Emater-MG, Secretaria de estado de Agricultura, Pecu\u00e1ria e Abastecimento de Minas Gerais (Seapa), Universidade Federal de Lavras (Ufla), Instituto Federal de Educa\u00e7\u00e3o, Ci\u00eancia e Tecnologia do Sul de Minas e a Funda\u00e7\u00e3o de Apoio ao Ensino, Pesquisa e Extens\u00e3o (Faepe).<\/p>\n<p>O concurso tem duas categorias. A primeira \u00e9 a Caf\u00e9 Natural. Neste sistema, o caf\u00e9 rec\u00e9m-colhido, ap\u00f3s passar por um processo de lavagem, \u00e9 levado para secar. A outra categoria \u00e9 a do Caf\u00e9 Cereja Descascado, Despolpado ou Desmucilado. Estes tipos de caf\u00e9 s\u00e3o lavados e h\u00e1 uma separa\u00e7\u00e3o dos frutos verdes e secos dos frutos maduros.<\/p>\n<p>Depois, eles passam por um descascador para s\u00f3 depois seguir para secagem. No caso dos caf\u00e9s despolpados e desmucilados, h\u00e1 ainda fase onde o produto passa por um tanque de fermenta\u00e7\u00e3o.<\/p>\n<p>As amostras concorrentes devem ser entregues nos escrit\u00f3rios da Emater-MG do munic\u00edpio onde o caf\u00e9 foi produzido, at\u00e9 o dia 2 de setembro, quando tamb\u00e9m ser\u00e1 preenchida a ficha de inscri\u00e7\u00e3o. Cada produtor pode participar com apenas uma amostra em cada categoria.<\/p>\n<p>Os caf\u00e9s concorrentes passam por an\u00e1lises f\u00edsicas e sensoriais feitas por uma comiss\u00e3o julgadora formada por, no m\u00ednimo, dez classificadores e degustadores de caf\u00e9. Este ano, a novidade \u00e9 a inclus\u00e3o da avalia\u00e7\u00e3o socioambiental na etapa final das an\u00e1lises.<\/p>\n<p>\u201cOs 24 melhores caf\u00e9s, que chegam \u00e0 \u00faltima fase de avalia\u00e7\u00e3o, ser\u00e3o pontuados tamb\u00e9m neste quesito que inclui, por exemplo, a prote\u00e7\u00e3o de nascentes da propriedade, preserva\u00e7\u00e3o de mata ciliar dos cursos d&#8217;\u00e1gua, contrata\u00e7\u00e3o de trabalhadores com carteira assinada, entre v\u00e1rios outros\u201d, explica o gerente regional da Emater-MG em Lavras e coordenador do concurso, Marcos Fabri.<\/p>\n<p>A an\u00e1lise socioambiental ter\u00e1 peso de 5% na avalia\u00e7\u00e3o final. Para comprovar as boas pr\u00e1ticas de produ\u00e7\u00e3o, o cafeicultor poder\u00e1 apresentar alguma certifica\u00e7\u00e3o reconhecida no mercado. Caso n\u00e3o possua a certifica\u00e7\u00e3o, um t\u00e9cnico da Emater-MG ir\u00e1 at\u00e9 a propriedade para fazer a confer\u00eancia.<\/p>\n<p>O resultado do concurso ser\u00e1 anunciado em novembro. O regulamento completo pode ser acessado no site da Emater-MG: <a href=\"http:\/\/www.emater.mg.gov.br\" target=\"_blank\">www.emater.mg.gov.br<\/a><\/p>\n<p><strong>Concurso de 2015<\/strong><\/p>\n<p>Ano passado, 1.300 amostras participaram da competi\u00e7\u00e3o. Na categoria Caf\u00e9 Natural, o vencedor foi Clayton Monteiro, do munic\u00edpio o Alto Capara\u00f3. J\u00e1 o produtor Jo\u00e3o da Silva Neto, do munic\u00edpio de Araponga, venceu na categoria Caf\u00e9 Cereja Descascado. Ambos os produtores s\u00e3o da regi\u00e3o cafeeira do Estado conhecida como Matas de Minas. (Ag\u00eancia Minas)<\/p>\n","protected":false},"excerpt":{"rendered":"<p>Os cafeicultores interessados em participar do Concurso de Qualidade dos Caf\u00e9s de Minas Gerais de 2016 j\u00e1 podem fazer as inscri\u00e7\u00f5es. A competi\u00e7\u00e3o \u00e9 a maior do pa\u00eds e est\u00e1 em sua 13\u00aa edi\u00e7\u00e3o. S\u00e3o esperados cerca de 2 mil concorrentes. Podem participar produtores dos munic\u00edpios mineiros com amostras de caf\u00e9 Ar\u00e1bica colhidas neste ano. [&hellip;]<\/p>\n","protected":false},"author":1,"featured_media":95202,"comment_status":"open","ping_status":"closed","sticky":false,"template":"","format":"standard","meta":{"amp_status":"","footnotes":""},"categories":[123],"tags":[111577,1716,1558,111584,111580,111579,111578,25775,111583,111582,111581,111585,10090],"class_list":["post-95201","post","type-post","status-publish","format-standard","has-post-thumbnail","hentry","category-gerais","tag-abertas-as-inscricoes-para-o-concurso-de-qualidade-dos-cafes-de-minas-gerais-de-2016","tag-alto-caparao","tag-araponga","tag-clayton-monteiro","tag-concurso-de-qualidade-dos-cafes","tag-concurso-de-qualidade-dos-cafes-de-minas-gerais","tag-concurso-de-qualidade-dos-cafes-de-minas-gerais-de-2016","tag-emater-mg","tag-faepe","tag-inscricoes-para-o-concurso-de-qualidade-dos-cafes-de-minas-gerais","tag-inscricoes-para-o-concurso-de-qualidade-dos-cafes-de-minas-gerais-de-2016","tag-joao-da-silva-neto","tag-ufla"],"_links":{"self":[{"href":"https:\/\/aconteceunovale.com.br\/portal\/index.php?rest_route=\/wp\/v2\/posts\/95201","targetHints":{"allow":["GET"]}}],"collection":[{"href":"https:\/\/aconteceunovale.com.br\/portal\/index.php?rest_route=\/wp\/v2\/posts"}],"about":[{"href":"https:\/\/aconteceunovale.com.br\/portal\/index.php?rest_route=\/wp\/v2\/types\/post"}],"author":[{"embeddable":true,"href":"https:\/\/aconteceunovale.com.br\/portal\/index.php?rest_route=\/wp\/v2\/users\/1"}],"replies":[{"embeddable":true,"href":"https:\/\/aconteceunovale.com.br\/portal\/index.php?rest_route=%2Fwp%2Fv2%2Fcomments&post=95201"}],"version-history":[{"count":0,"href":"https:\/\/aconteceunovale.com.br\/portal\/index.php?rest_route=\/wp\/v2\/posts\/95201\/revisions"}],"wp:featuredmedia":[{"embeddable":true,"href":"https:\/\/aconteceunovale.com.br\/portal\/index.php?rest_route=\/wp\/v2\/media\/95202"}],"wp:attachment":[{"href":"https:\/\/aconteceunovale.com.br\/portal\/index.php?rest_route=%2Fwp%2Fv2%2Fmedia&parent=95201"}],"wp:term":[{"taxonomy":"category","embeddable":true,"href":"https:\/\/aconteceunovale.com.br\/portal\/index.php?rest_route=%2Fwp%2Fv2%2Fcategories&post=95201"},{"taxonomy":"post_tag","embeddable":true,"href":"https:\/\/aconteceunovale.com.br\/portal\/index.php?rest_route=%2Fwp%2Fv2%2Ftags&post=95201"}],"curies":[{"name":"wp","href":"https:\/\/api.w.org\/{rel}","templated":true}]}}