{"id":95193,"date":"2016-08-19T19:05:22","date_gmt":"2016-08-19T22:05:22","guid":{"rendered":"http:\/\/aconteceunovale.com.br\/portal\/?p=95193"},"modified":"2016-08-19T19:05:22","modified_gmt":"2016-08-19T22:05:22","slug":"novos-centros-de-distribuicao-irao-gerar-mil-empregos-em-montes-claros-juiz-de-fora-patos-de-minas-e-bh","status":"publish","type":"post","link":"https:\/\/aconteceunovale.com.br\/portal\/?p=95193","title":{"rendered":"Novos centros de distribui\u00e7\u00e3o ir\u00e3o gerar mil empregos em Montes Claros, Juiz de Fora, Patos de Minas e BH"},"content":{"rendered":"<p>A instala\u00e7\u00e3o de quatro centros de distribui\u00e7\u00e3o em Minas Gerais ir\u00e1 gerar, na primeira etapa, mil empregos diretos nas cidades de Montes Claros (Territ\u00f3rio Norte), Juiz de Fora (Territ\u00f3rio Mata), Patos de Minas (Territ\u00f3rio Noroeste) e Belo Horizonte (Territ\u00f3rio Metropolitano).<\/p>\n<p>O investimento \u00e9 da empresa Tudobom Comercial, que distribui produtos de grandes marcas, como a Nestl\u00e9, Bunge e JBS \u2013 que det\u00e9m v\u00e1rias marcas, entre elas a Friboi.  Um dos centros, o de Montes Claros, j\u00e1 em funcionamento, ter\u00e1 as obras finalizadas at\u00e9 o fim de 2017. O total de investimentos ser\u00e1 de R$ 25 milh\u00f5es.<\/p>\n<p>De acordo com a empresa, os outros tr\u00eas centros, que ir\u00e3o integrar as atividades j\u00e1 realizadas em Coronel Fabriciano (Vale do A\u00e7o), ser\u00e3o constru\u00eddos no pr\u00f3ximo ano. O an\u00fancio do investimento foi feito durante reuni\u00e3o do presidente da Tudobom, Israel Ferreira, com o secret\u00e1rio de Estado de Desenvolvimento Econ\u00f4mico, F\u00e1bio Cherem.<\/p>\n<p>\u201cN\u00f3s queremos que mais empresas tenham condi\u00e7\u00f5es de expandir suas atividades e prosperem em Minas Gerais, assim como a Tudobom\u201d, afirmou Cherem.  A expectativa \u00e9 de que a empresa assine o Protocolo de Inten\u00e7\u00f5es com o Governo de Minas Gerais ainda neste ano.<\/p>\n<p><strong>Incentivo<\/strong><\/p>\n<p>Mesmo com quadro econ\u00f4mico de crise, Israel ressaltou que, no ano passado, a Tudobom  registrou crescimento de R$ 4 milh\u00f5es em vendas. Com a constru\u00e7\u00e3o dos quatro centros, a empresa pretende melhorar a opera\u00e7\u00e3o log\u00edstica em todo o estado, reduzindo custos e integrando as empresas atendidas. <\/p>\n<p>\u201cNossa expectativa \u00e9 crescer ainda mais nos pr\u00f3ximos anos. Queremos atuar com as principais regi\u00f5es, melhorando a log\u00edstica de distribui\u00e7\u00e3o e a qualidade de atua\u00e7\u00e3o das empresas mineiras\u201d, destacou Ferreira. <\/p>\n<p><img decoding=\"async\" src=\"http:\/\/aconteceunovale.com.br\/portal\/wp-content\/uploads\/2016\/08\/investimento_tudobom.jpg\" alt=\"\" \/><em>F\u00e1bio Cherem e o presidente da empresa, Israel Ferreira (Foto: Leonardo Horta\/Sede)<\/em><br \/>\n<\/br><\/p>\n<p>(Ag\u00eancia Minas)<\/p>\n","protected":false},"excerpt":{"rendered":"<p>A instala\u00e7\u00e3o de quatro centros de distribui\u00e7\u00e3o em Minas Gerais ir\u00e1 gerar, na primeira etapa, mil empregos diretos nas cidades de Montes Claros (Territ\u00f3rio Norte), Juiz de Fora (Territ\u00f3rio Mata), Patos de Minas (Territ\u00f3rio Noroeste) e Belo Horizonte (Territ\u00f3rio Metropolitano). O investimento \u00e9 da empresa Tudobom Comercial, que distribui produtos de grandes marcas, como a [&hellip;]<\/p>\n","protected":false},"author":1,"featured_media":95195,"comment_status":"open","ping_status":"closed","sticky":false,"template":"","format":"standard","meta":{"amp_status":"","footnotes":""},"categories":[123,1236],"tags":[194,1524,111562,111567,111564,206,210,111566,111565,214,111563,111561],"class_list":["post-95193","post","type-post","status-publish","format-standard","has-post-thumbnail","hentry","category-gerais","category-norte_de_minas","tag-belo-horizonte","tag-coronel-fabriciano","tag-distribuidora-tudobom","tag-investimento-empresa-tudobom","tag-israel-ferreira","tag-juiz-de-fora","tag-montes-claros","tag-novos-centros-de-distribuicao-da-empresa-tudobom","tag-novos-centros-de-distribuicao-irao-gerar-mil-empregos-em-montes-claros","tag-patos-de-minas","tag-presidente-da-tudobom","tag-tudobom-comercial"],"_links":{"self":[{"href":"https:\/\/aconteceunovale.com.br\/portal\/index.php?rest_route=\/wp\/v2\/posts\/95193","targetHints":{"allow":["GET"]}}],"collection":[{"href":"https:\/\/aconteceunovale.com.br\/portal\/index.php?rest_route=\/wp\/v2\/posts"}],"about":[{"href":"https:\/\/aconteceunovale.com.br\/portal\/index.php?rest_route=\/wp\/v2\/types\/post"}],"author":[{"embeddable":true,"href":"https:\/\/aconteceunovale.com.br\/portal\/index.php?rest_route=\/wp\/v2\/users\/1"}],"replies":[{"embeddable":true,"href":"https:\/\/aconteceunovale.com.br\/portal\/index.php?rest_route=%2Fwp%2Fv2%2Fcomments&post=95193"}],"version-history":[{"count":0,"href":"https:\/\/aconteceunovale.com.br\/portal\/index.php?rest_route=\/wp\/v2\/posts\/95193\/revisions"}],"wp:featuredmedia":[{"embeddable":true,"href":"https:\/\/aconteceunovale.com.br\/portal\/index.php?rest_route=\/wp\/v2\/media\/95195"}],"wp:attachment":[{"href":"https:\/\/aconteceunovale.com.br\/portal\/index.php?rest_route=%2Fwp%2Fv2%2Fmedia&parent=95193"}],"wp:term":[{"taxonomy":"category","embeddable":true,"href":"https:\/\/aconteceunovale.com.br\/portal\/index.php?rest_route=%2Fwp%2Fv2%2Fcategories&post=95193"},{"taxonomy":"post_tag","embeddable":true,"href":"https:\/\/aconteceunovale.com.br\/portal\/index.php?rest_route=%2Fwp%2Fv2%2Ftags&post=95193"}],"curies":[{"name":"wp","href":"https:\/\/api.w.org\/{rel}","templated":true}]}}