{"id":95190,"date":"2016-08-19T18:58:34","date_gmt":"2016-08-19T21:58:34","guid":{"rendered":"http:\/\/aconteceunovale.com.br\/portal\/?p=95190"},"modified":"2016-08-19T18:58:34","modified_gmt":"2016-08-19T21:58:34","slug":"com-27-mineiros-brasil-levara-maior-delegacao-da-historia-aos-jogos-paralimpicos","status":"publish","type":"post","link":"https:\/\/aconteceunovale.com.br\/portal\/?p=95190","title":{"rendered":"Com 27 mineiros, Brasil levar\u00e1 maior delega\u00e7\u00e3o da hist\u00f3ria aos Jogos Paral\u00edmpicos"},"content":{"rendered":"<p>Com o fim dos Jogos Ol\u00edmpicos Rio 2016, os brasileiros ter\u00e3o poucos dias para \u2018descansar\u2019 sua torcida. No dia 7 de setembro t\u00eam in\u00edcio os Jogos Paral\u00edmpicos Rio 2016, que contar\u00e3o com mais de 4 mil atletas de 176 pa\u00edses envolvidos na disputa de 23 modalidades esportivas.<\/p>\n<p>Nesta edi\u00e7\u00e3o do evento, o Brasil ter\u00e1 sua maior delega\u00e7\u00e3o na hist\u00f3ria das Paralimp\u00edadas. Ser\u00e3o 279 atletas \u2013 181 homens e 98 mulheres \u2013, 23 acompanhantes (atletas-guias, calheiros e goleiros) e 195 profissionais t\u00e9cnicos, administrativos e de sa\u00fade. Fazem parte deste recorde 27 representantes do estado de Minas Gerais: 17 atletas, nove t\u00e9cnicos e um auxiliar t\u00e9cnico.<\/p>\n<p>O atletismo \u00e9 a modalidade com maior n\u00famero de mineiros competindo. O destaque \u00e9 a tricampe\u00e3 paral\u00edmpica, oito vezes campe\u00e3 mundial e nove vezes campe\u00e3 parapan-americana Terezinha Guilhermina, que nasceu em Betim.<\/p>\n<p><img decoding=\"async\" src=\"http:\/\/aconteceunovale.com.br\/portal\/wp-content\/uploads\/2016\/08\/raissamachado_toronto.jpg\" alt=\"\" \/><em>A mineira Ra\u00edssa Machado (Foto: Daniel Zappe\/MPIX\/CPB)<\/em><br \/>\n<\/br><\/p>\n<p>Tamb\u00e9m fazem parte da equipe Izabela Silva Campos, da Associa\u00e7\u00e3o dos Amigos do Instituto S\u00e3o Rafael (AAISR), de Belo Horizonte; Jos\u00e9 Humberto Rodrigues, Poliana F\u00e1tima Sousa de Jesus e Raissa Rocha Machado, da Associa\u00e7\u00e3o dos Deficientes F\u00edsicos de Uberaba (Adefu), Mauro Evaristo de Sousa, da Associa\u00e7\u00e3o dos Parapl\u00e9gicos de Uberl\u00e2ndia (Aparu) e Rodrigo Parreira da Silva, do Clube Desportivo para Deficientes de Uberl\u00e2ndia (CDDU). Al\u00e9m deles, C\u00e1ssio Henrique Dami\u00e3o, de Belo Horizonte, e Higor Fiorine, de Uberaba, ser\u00e3o t\u00e9cnicos do Brasil.<\/p>\n<p>Na bocha, o medalhista de ouro no Parapan de Toronto 2015, Jos\u00e9 Carlos das Chagas de Oliveira, da Adefu, est\u00e1 na lista de convocados. Com ele, representam Minas Gerais os t\u00e9cnicos Gl\u00eanio Fernandes Leite, de Uberl\u00e2ndia, e Jana\u00edna Pessato Jer\u00f4nimo, de Uberaba \u2013 ambos assistidos pelo programa Bolsa T\u00e9cnico da Secretaria de Estado de Esportes (Seesp) \u2013 , al\u00e9m do auxiliar t\u00e9cnico Nivaldo Batista Vital, tamb\u00e9m de Uberaba.<\/p>\n<p>No jud\u00f4, Deanne Silva de Almeida \u2013 benefici\u00e1ria do programa Bolsa Atleta, da Seesp \u2013, integra a sele\u00e7\u00e3o brasileira da modalidade no Rio de Janeiro.<\/p>\n<p>Na nata\u00e7\u00e3o, tr\u00eas representantes do Brasil s\u00e3o mineiros: os atletas Ruan Felipe Lima de Souza (Praia Clube) e Ruiter Ant\u00f4nio Gon\u00e7alves Silva (CDDU), e o t\u00e9cnico Alexandre Silva Vieira, todos de Uberl\u00e2ndia.<\/p>\n<p>O Minas Quad Rugby, de Belo Horizonte, campe\u00e3o brasileiro de r\u00fagbi em cadeira de rodas, ter\u00e1 dois dos seus integrantes na Paralimp\u00edada: o atleta Davi Rodrigues Coimbra de Abreu e o t\u00e9cnico Rafael Botelho Gouveia.<\/p>\n<p>No t\u00eanis em cadeira de rodas, os atletas Daniel Alves Rodrigues e Rafael Medeiros Gomes, ambos do Butija Tennis de Belo Horizonte, integram a delega\u00e7\u00e3o brasileira nos Jogos Ol\u00edmpicos, bem como o t\u00e9cnico L\u00e9o Butija. De Uberl\u00e2ndia, o t\u00e9cnico Raphael Oliveira de Moraes, de Uberl\u00e2ndia, tamb\u00e9m foi convocado.<\/p>\n<p>Minas Gerais tamb\u00e9m estar\u00e1 representada por Jana\u00edna Petit, de Varginha, nas competi\u00e7\u00f5es de v\u00f4lei sentado.<\/p>\n<p>Completam a lista de mineiros classificados para os Jogos Paral\u00edmpicos Rio 2016 os atletas de vela adaptada Ant\u00f4nio Marcos do Carmo, de Belo Horizonte, e Jos\u00e9 Maria Gon\u00e7alves de Abreu, de Contagem, al\u00e9m do t\u00e9cnico de tiro com arco, Andr\u00e9 Xavier Mineiro \u00c1lvares, tamb\u00e9m da capital.<\/p>\n<p><strong>Mineiros de cora\u00e7\u00e3o<\/strong><\/p>\n<p>Al\u00e9m dos atletas que nasceram em cidades mineiras, o estado tamb\u00e9m contar\u00e1 com outros quatro esportistas nascidos em outros estados, mas que s\u00e3o vinculados a clubes de Minas Gerais. Da nata\u00e7\u00e3o, Guilherme Batista e Mariana Ribeiro, de Franca (SP) e S\u00e3o Gon\u00e7alo (RJ), respectivamente, s\u00e3o atletas do Praia Clube de Uberl\u00e2ndia que integram a equipe brasileira.<\/p>\n<p>Guilherme Camargo e J\u00falio Braz, nascidos no Rio de Janeiro, fazem parte do Minas Quad Rugby e nos Jogos Paral\u00edmpicos competir\u00e3o com a camisa da Sele\u00e7\u00e3o Brasileira.<\/p>\n<p><strong>Em busca do top 5<\/strong><\/p>\n<p>Pela primeira vez na hist\u00f3ria, o Brasil ter\u00e1 representantes em todas as 23 modalidades que comp\u00f5em o programa dos Jogos Paral\u00edmpicos. Os atletas t\u00eam a tarefa de atingir a meta de ficar entre os cinco melhores no quadro geral de medalhas. O objetivo foi estabelecido ap\u00f3s a s\u00e9tima posi\u00e7\u00e3o nos Jogos de Londres 2012 (21 medalhas de ouro, 14 de prata e oito de bronze \u2013 43 no total).<\/p>\n<p><strong>Mineiros nos Jogos Paral\u00edmpicos<\/strong><\/p>\n<p><embed src=\"http:\/\/agenciaminas.mg.gov.br\/ckeditor_assets\/attachments\/1650\/27_mineiros.pdf\" width=\"600\" height=\"800\"><br \/>\n<\/br><\/p>\n<p>(Ag\u00eancia Minas)<\/p>\n","protected":false},"excerpt":{"rendered":"<p>Com o fim dos Jogos Ol\u00edmpicos Rio 2016, os brasileiros ter\u00e3o poucos dias para \u2018descansar\u2019 sua torcida. No dia 7 de setembro t\u00eam in\u00edcio os Jogos Paral\u00edmpicos Rio 2016, que contar\u00e3o com mais de 4 mil atletas de 176 pa\u00edses envolvidos na disputa de 23 modalidades esportivas. Nesta edi\u00e7\u00e3o do evento, o Brasil ter\u00e1 sua [&hellip;]<\/p>\n","protected":false},"author":1,"featured_media":95191,"comment_status":"open","ping_status":"closed","sticky":false,"template":"","format":"standard","meta":{"amp_status":"","footnotes":""},"categories":[59,123],"tags":[111557,106167,106170,106162,106166,106169,111560,106174,106173,106172,111559,1018,106175,106161,39001,39003,92840,106176,106163,106168,107623,110857,111555,111556,106164,106165,111558,24117,106171,94518],"class_list":["post-95190","post","type-post","status-publish","format-standard","has-post-thumbnail","hentry","category-sports","category-gerais","tag-aaisr","tag-adefu","tag-aparu","tag-associacao-dos-amigos-do-instituto-sao-rafael","tag-associacao-dos-deficientes-fisicos-de-uberaba","tag-associacao-dos-paraplegicos-de-uberlandia","tag-brasil-levara-maior-delegacao-da-historia-aos-jogos-paralimpicos","tag-cassio-henrique-damiao","tag-cddu","tag-clube-desportivo-para-deficientes-de-uberlandia","tag-com-27-mineiros","tag-destaque","tag-higor-fiorine","tag-izabela-silva-campos","tag-jogos-olimpicos-rio-2016","tag-jogos-paralimpicos-rio-2016","tag-jogos-rio-2016","tag-jose-carlos-das-chagas-de-oliveira","tag-jose-humberto-rodrigues","tag-mauro-evaristo-de-sousa","tag-olimpiada-2016","tag-olimpiadas-rio-2016","tag-paralimpiadas-2016","tag-paralimpiadas-rio-2016","tag-poliana-fatima-sousa-de-jesus","tag-raissa-rocha-machado","tag-representantes-mineiros-nos-jogos-paralimpicos","tag-rio-2016","tag-rodrigo-parreira-da-silva","tag-terezinha-guilhermina"],"_links":{"self":[{"href":"https:\/\/aconteceunovale.com.br\/portal\/index.php?rest_route=\/wp\/v2\/posts\/95190","targetHints":{"allow":["GET"]}}],"collection":[{"href":"https:\/\/aconteceunovale.com.br\/portal\/index.php?rest_route=\/wp\/v2\/posts"}],"about":[{"href":"https:\/\/aconteceunovale.com.br\/portal\/index.php?rest_route=\/wp\/v2\/types\/post"}],"author":[{"embeddable":true,"href":"https:\/\/aconteceunovale.com.br\/portal\/index.php?rest_route=\/wp\/v2\/users\/1"}],"replies":[{"embeddable":true,"href":"https:\/\/aconteceunovale.com.br\/portal\/index.php?rest_route=%2Fwp%2Fv2%2Fcomments&post=95190"}],"version-history":[{"count":0,"href":"https:\/\/aconteceunovale.com.br\/portal\/index.php?rest_route=\/wp\/v2\/posts\/95190\/revisions"}],"wp:featuredmedia":[{"embeddable":true,"href":"https:\/\/aconteceunovale.com.br\/portal\/index.php?rest_route=\/wp\/v2\/media\/95191"}],"wp:attachment":[{"href":"https:\/\/aconteceunovale.com.br\/portal\/index.php?rest_route=%2Fwp%2Fv2%2Fmedia&parent=95190"}],"wp:term":[{"taxonomy":"category","embeddable":true,"href":"https:\/\/aconteceunovale.com.br\/portal\/index.php?rest_route=%2Fwp%2Fv2%2Fcategories&post=95190"},{"taxonomy":"post_tag","embeddable":true,"href":"https:\/\/aconteceunovale.com.br\/portal\/index.php?rest_route=%2Fwp%2Fv2%2Ftags&post=95190"}],"curies":[{"name":"wp","href":"https:\/\/api.w.org\/{rel}","templated":true}]}}