{"id":95179,"date":"2016-08-19T17:53:29","date_gmt":"2016-08-19T20:53:29","guid":{"rendered":"http:\/\/aconteceunovale.com.br\/portal\/?p=95179"},"modified":"2016-08-19T17:53:29","modified_gmt":"2016-08-19T20:53:29","slug":"negligencia-pode-ter-provocado-morte-de-bebe-em-governador-valadares-diz-pc","status":"publish","type":"post","link":"https:\/\/aconteceunovale.com.br\/portal\/?p=95179","title":{"rendered":"Neglig\u00eancia pode ter provocado morte de beb\u00ea em Governador Valadares, diz PC"},"content":{"rendered":"<p>A Pol\u00edcia Civil (PC) anunciou na tarde desta sexta-feira (19\/08), em Governador Valadares, no Vale do Rio Doce, a conclus\u00e3o do inqu\u00e9rito de investiga\u00e7\u00e3o da morte de uma crian\u00e7a de um ano e 11 meses, no dia 10 de julho deste ano. O beb\u00ea estava em casa com os pais, de 33 e 42 anos, quando foi encontrado afogado dentro da piscina da resid\u00eancia. O casal vai responder por homic\u00eddio culposo, quando n\u00e3o h\u00e1 inten\u00e7\u00e3o de matar, por cometerem neglig\u00eancia.<\/p>\n<p>De acordo com a delegada do caso, Verenna Vidal, os pais da crian\u00e7a n\u00e3o teriam visto o garoto indo para piscina, que estava descoberta, e quando notaram a aus\u00eancia do menino j\u00e1 o encontraram quase sem vida na \u00e1gua. \u201cN\u00f3s verificamos, segundo as imagens da casa, que desde o dia anterior, a piscina encontrava-se destampada e desprotegida. As portas n\u00e3os estavam trancadas, tinha um puxador grande, que facilitava o acesso das crian\u00e7as.\u201d<\/p>\n<p>Segundo a delegada, os pais do menino v\u00e3o responder em liberdade, e podem ainda receber um perd\u00e3o judicial.<\/p>\n<p><img decoding=\"async\" src=\"http:\/\/aconteceunovale.com.br\/portal\/wp-content\/uploads\/2016\/08\/caso_afogamento_gv.jpg\" alt=\"\" \/><em>Delegada Verenna disse os pais da crian\u00e7a responder\u00e3o em liberdade (Foto: S\u00e1vio Scarabelli\/G1)<\/em><br \/>\n<\/br><\/p>\n<p><em>(Fonte: G1 dos Vales)<\/em><\/p>\n","protected":false},"excerpt":{"rendered":"<p>A Pol\u00edcia Civil (PC) anunciou na tarde desta sexta-feira (19\/08), em Governador Valadares, no Vale do Rio Doce, a conclus\u00e3o do inqu\u00e9rito de investiga\u00e7\u00e3o da morte de uma crian\u00e7a de um ano e 11 meses, no dia 10 de julho deste ano. O beb\u00ea estava em casa com os pais, de 33 e 42 anos, [&hellip;]<\/p>\n","protected":false},"author":1,"featured_media":95180,"comment_status":"open","ping_status":"closed","sticky":false,"template":"","format":"standard","meta":{"amp_status":"","footnotes":""},"categories":[121],"tags":[31288,104486,31289,104489,82057,104491,104487,104488,31287,104490,59978,247,104485,111528,31290,19152,111527],"class_list":["post-95179","post","type-post","status-publish","format-standard","has-post-thumbnail","hentry","category-leste","tag-afogamento","tag-afogamento-crianca-governador-valadares","tag-afogamento-de-criancas","tag-afogamento-em-piscina-governador-valadares","tag-afogamento-governador-valadares","tag-bebe-de-um-ano-morre-afogado-na-piscina-da-propria-casa-em-governador-valadares","tag-crianca-afogada-em-governador-valadares","tag-crianca-afogada-em-piscina","tag-crianca-e-adolescente","tag-dicas-para-evitar-afogamentos-de-criancas","tag-geral","tag-governador-valadares","tag-mateus-campos-de-almeida","tag-negligencia-pode-ter-provocado-morte-de-bebe-em-governador-valadares","tag-prevencao-de-acidentes","tag-saude","tag-verenna-vidal"],"_links":{"self":[{"href":"https:\/\/aconteceunovale.com.br\/portal\/index.php?rest_route=\/wp\/v2\/posts\/95179","targetHints":{"allow":["GET"]}}],"collection":[{"href":"https:\/\/aconteceunovale.com.br\/portal\/index.php?rest_route=\/wp\/v2\/posts"}],"about":[{"href":"https:\/\/aconteceunovale.com.br\/portal\/index.php?rest_route=\/wp\/v2\/types\/post"}],"author":[{"embeddable":true,"href":"https:\/\/aconteceunovale.com.br\/portal\/index.php?rest_route=\/wp\/v2\/users\/1"}],"replies":[{"embeddable":true,"href":"https:\/\/aconteceunovale.com.br\/portal\/index.php?rest_route=%2Fwp%2Fv2%2Fcomments&post=95179"}],"version-history":[{"count":0,"href":"https:\/\/aconteceunovale.com.br\/portal\/index.php?rest_route=\/wp\/v2\/posts\/95179\/revisions"}],"wp:featuredmedia":[{"embeddable":true,"href":"https:\/\/aconteceunovale.com.br\/portal\/index.php?rest_route=\/wp\/v2\/media\/95180"}],"wp:attachment":[{"href":"https:\/\/aconteceunovale.com.br\/portal\/index.php?rest_route=%2Fwp%2Fv2%2Fmedia&parent=95179"}],"wp:term":[{"taxonomy":"category","embeddable":true,"href":"https:\/\/aconteceunovale.com.br\/portal\/index.php?rest_route=%2Fwp%2Fv2%2Fcategories&post=95179"},{"taxonomy":"post_tag","embeddable":true,"href":"https:\/\/aconteceunovale.com.br\/portal\/index.php?rest_route=%2Fwp%2Fv2%2Ftags&post=95179"}],"curies":[{"name":"wp","href":"https:\/\/api.w.org\/{rel}","templated":true}]}}