{"id":95173,"date":"2016-08-19T15:51:45","date_gmt":"2016-08-19T18:51:45","guid":{"rendered":"http:\/\/aconteceunovale.com.br\/portal\/?p=95173"},"modified":"2016-08-19T15:51:45","modified_gmt":"2016-08-19T18:51:45","slug":"minas-gerais-tem-08-representantes-no-parlamento-jovem-brasileiro","status":"publish","type":"post","link":"https:\/\/aconteceunovale.com.br\/portal\/?p=95173","title":{"rendered":"Minas Gerais tem 08 representantes no Parlamento Jovem Brasileiro"},"content":{"rendered":"<p>O PJB-2016 acontece na C\u00e2mara dos Deputados, em Bras\u00edlia, entre os dias 26 a 30 de setembro. Alunos de todo o pa\u00eds simulam a jornada dos deputados federais. <\/p>\n<p>O programa Parlamento Jovem Brasileiro (PJB) est\u00e1 na d\u00e9cima terceira edi\u00e7\u00e3o e atua para despertar nos jovens a reflex\u00e3o cr\u00edtica sobre a import\u00e2ncia da representa\u00e7\u00e3o pol\u00edtica. Para tanto, ao longo de uma semana, os parlamentares jovens brasileiros, assistem a palestras, participam de workshop e oficinas, al\u00e9m de seguir a rotina dos parlamentares: formam chapas, elegem a mesa diretora, elaboram pautas, re\u00fanem-se em comiss\u00f5es e atuam nas sess\u00f5es deliberativas.<\/p>\n<p>Neste ano, o programa contou com 1.425 inscritos. Foram selecionados 78 projetos propostos por estudantes do ensino m\u00e9dio de todo o pa\u00eds.<\/p>\n<p>Saiba quem s\u00e3o os participantes do estado de Minas Gerais:<\/p>\n<p>&#8211; Carlos Hern\u00e2ni Barbosa Gomes, da Escola Estadual Jo\u00e3o Ribeiro da Silva da cidade de Gon\u00e7alves. Seu projeto estabelece a obrigatoriedade da instala\u00e7\u00e3o do sistema de preven\u00e7\u00e3o de inc\u00eandios, Sinaliza\u00e7\u00e3o de Emerg\u00eancia, Cria\u00e7\u00e3o da Brigada de Inc\u00eandio Escolar e disp\u00f5e sobre a cria\u00e7\u00e3o do Programa Jovem Brigadista em Escolas da rede p\u00fablica de  todo o Territ\u00f3rio Nacional e d\u00e1 outras provid\u00eancias.<\/p>\n<p>&#8211; Eliane Cristina da Silva Alves, da Escola Estadual Dr. Tarc\u00edsio Generoso da cidade de S\u00e3o Francisco. Seu projeto altera e acrescenta \u00e0 Lei n\u00b0 8.989, de 24 de fevereiro 1995 que disp\u00f5e sobre a isen\u00e7\u00e3o de imposto sobre produtos industrializados (IPI), a isen\u00e7\u00e3o na aquisi\u00e7\u00e3o de autom\u00f3veis para a utiliza\u00e7\u00e3o no transporte aut\u00f4nomo de passageiros, bem como por pessoas portadoras de defici\u00eancia f\u00edsica e professores que atuam na zona rural e d\u00e1 outras provid\u00eancias.<\/p>\n<p>&#8211; Guilherme Queiroz Alves, do Instituto Educacional Saber da cidade de Nova Serrana. Seu projeto disp\u00f5e sobre o fornecimento de um portal e senha de acesso exclusivo ao \u00d3rg\u00e3o de Prote\u00e7\u00e3o ao Consumidor (PROCON) para consulta dos consumidores sobre cr\u00e9ditos e demais situa\u00e7\u00f5es financeiras.<\/p>\n<p>&#8211; Mariana Carolina Rezende, da Escola Estadual Dr. Bendito Leite Ribeiro da cidade de Guaxup\u00e9. Seu projeto cria o imposto sobre a emiss\u00e3o de g\u00e1s metano pela cria\u00e7\u00e3o de bovinos e d\u00e1 outras provid\u00eancias.<\/p>\n<p>&#8211; Mariana Jorge Medeiros Batista da Silva, do Instituto Federal de Minas Gerais da cidade de Governador Valadares. Seu projeto estabelece a obrigatoriedade da cria\u00e7\u00e3o de espa\u00e7o creche em todas as universidades e faculdades p\u00fablicas ou privadas do pa\u00eds.<\/p>\n<p>&#8211; Mateus Humberto Siqueira, da Escola Estadual Padre Egydio Reis da cidade de Senhora dos Rem\u00e9dios. Seu projeto cria o Programa de Certifica\u00e7\u00e3o \u201cTr\u00e2nsito Nota 10\u201d no \u00e2mbito das Institui\u00e7\u00f5es Nacionais de Ensino, da rede privada, com a finalidade de apoiar solu\u00e7\u00f5es para a melhoria do tr\u00e2nsito no entorno das unidades escolares.<\/p>\n<p>&#8211; Samuel Lourenzo Ferreira Nascimento, da Escola Estadual Francisco Ant\u00f4nio Pires da cidade de Barroso. Seu projeto estabelece o direito do cadastramento volunt\u00e1rio no Registro Nacional de Doadores de Medula \u00d3ssea para pessoas com idade entre 16 e 17 anos.<\/p>\n<p>&#8211; Vitor Douglas de Andrade, da Escola Estadual Caetano Azeredo da cidade de Belo Horizonte. Seu projeto pro\u00edbe cenas de estupro em filmes pornogr\u00e1ficos e d\u00e1 outras provid\u00eancias.<\/p>\n<p><strong>Como participar<\/strong><\/p>\n<p>Para participar o aluno deve estar matriculado e frequentando regularmente o 2\u00ba ou 3\u00ba ano do ensino m\u00e9dio em escolas p\u00fablicas ou particulares, ou o 2\u00ba, 3\u00ba ou 4\u00ba ano do ensino t\u00e9cnico integrado ao ensino m\u00e9dio e ter entre 16 anos e 22 anos. O estudante cria um projeto de lei e faz a inscri\u00e7\u00e3o na sua escola ou diretamente na Secretaria de Educa\u00e7\u00e3o do seu estado. Compete \u00e0 Secretaria de Educa\u00e7\u00e3o proceder a avalia\u00e7\u00e3o e triagem inicial. Depois os projetos selecionados s\u00e3o encaminhados para a C\u00e2mara dos Deputados, onde uma comiss\u00e3o de analistas legislativos e outros servidores analisam e classificam cada um deles de acordo com crit\u00e9rios como originalidade, justificativa e clareza. As propostas devem ser de abrang\u00eancia nacional.<\/p>\n<p>O n\u00famero de representantes jovens por estado e pelo Distrito Federal segue a propor\u00e7\u00e3o de um para oito, ou seja, a cada oito deputados federais, seleciona-se um deputado jovem.<\/p>\n<p>Outras informa\u00e7\u00f5es podem ser obtidas na <a href=\"http:\/\/www2.camara.leg.br\/responsabilidade-social\/parlamentojovem\" target=\"_blank\">p\u00e1gina do PJB no portal da C\u00e2mara dos Deputados (www2.camara.leg.br\/responsabilidade-social\/parlamentojovem)<\/a> ou na <a href=\"https:\/\/www.facebook.com\/parlamento.jovembrasileiro\" target=\"_blank\">fan page do projeto (www.facebook.com\/parlamento.jovembrasileiro)<\/a>.<\/p>\n<p><em>(Maria Jose Garcia Pereira\/C\u00e2mara)<\/em><\/p>\n","protected":false},"excerpt":{"rendered":"<p>O PJB-2016 acontece na C\u00e2mara dos Deputados, em Bras\u00edlia, entre os dias 26 a 30 de setembro. Alunos de todo o pa\u00eds simulam a jornada dos deputados federais. O programa Parlamento Jovem Brasileiro (PJB) est\u00e1 na d\u00e9cima terceira edi\u00e7\u00e3o e atua para despertar nos jovens a reflex\u00e3o cr\u00edtica sobre a import\u00e2ncia da representa\u00e7\u00e3o pol\u00edtica. Para [&hellip;]<\/p>\n","protected":false},"author":1,"featured_media":95174,"comment_status":"open","ping_status":"closed","sticky":false,"template":"","format":"standard","meta":{"amp_status":"","footnotes":""},"categories":[123],"tags":[6945,194,111510,111512,111524,111517,111513,111522,111511,111520,63885,247,959,111514,111515,37409,111516,111518,111519,111507,111504,111506,1515,111505,111509,111508,111521,1522,43361,111523],"class_list":["post-95173","post","type-post","status-publish","format-standard","has-post-thumbnail","hentry","category-gerais","tag-barroso","tag-belo-horizonte","tag-carlos-hernani-barbosa-gomes","tag-eliane-cristina-da-silva-alves","tag-escola-estadual-caetano-azeredo","tag-escola-estadual-dr-bendito-leite-ribeiro","tag-escola-estadual-dr-tarcisio-generoso","tag-escola-estadual-francisco-antonio-pires","tag-escola-estadual-joao-ribeiro-da-silva","tag-escola-estadual-padre-egydio-reis","tag-goncalves","tag-governador-valadares","tag-guaxupe","tag-guilherme-queiroz-alves","tag-instituto-educacional-saber","tag-instituto-federal-de-minas-gerais","tag-mariana-carolina-rezende","tag-mariana-jorge-medeiros-batista-da-silva","tag-mateus-humberto-siqueira","tag-minas-gerais-no-parlamento-jovem-brasileiro","tag-minas-gerais-tem-08-representantes-no-parlamento-jovem-brasileiro","tag-mineiros-no-parlamento-jovem-brasileiro","tag-nova-serrana","tag-parlamento-jovem-brasileiro","tag-pjb","tag-pjb-2016","tag-samuel-lourenzo-ferreira-nascimento","tag-sao-francisco","tag-senhora-dos-remedios","tag-vitor-douglas-de-andrade"],"_links":{"self":[{"href":"https:\/\/aconteceunovale.com.br\/portal\/index.php?rest_route=\/wp\/v2\/posts\/95173","targetHints":{"allow":["GET"]}}],"collection":[{"href":"https:\/\/aconteceunovale.com.br\/portal\/index.php?rest_route=\/wp\/v2\/posts"}],"about":[{"href":"https:\/\/aconteceunovale.com.br\/portal\/index.php?rest_route=\/wp\/v2\/types\/post"}],"author":[{"embeddable":true,"href":"https:\/\/aconteceunovale.com.br\/portal\/index.php?rest_route=\/wp\/v2\/users\/1"}],"replies":[{"embeddable":true,"href":"https:\/\/aconteceunovale.com.br\/portal\/index.php?rest_route=%2Fwp%2Fv2%2Fcomments&post=95173"}],"version-history":[{"count":0,"href":"https:\/\/aconteceunovale.com.br\/portal\/index.php?rest_route=\/wp\/v2\/posts\/95173\/revisions"}],"wp:featuredmedia":[{"embeddable":true,"href":"https:\/\/aconteceunovale.com.br\/portal\/index.php?rest_route=\/wp\/v2\/media\/95174"}],"wp:attachment":[{"href":"https:\/\/aconteceunovale.com.br\/portal\/index.php?rest_route=%2Fwp%2Fv2%2Fmedia&parent=95173"}],"wp:term":[{"taxonomy":"category","embeddable":true,"href":"https:\/\/aconteceunovale.com.br\/portal\/index.php?rest_route=%2Fwp%2Fv2%2Fcategories&post=95173"},{"taxonomy":"post_tag","embeddable":true,"href":"https:\/\/aconteceunovale.com.br\/portal\/index.php?rest_route=%2Fwp%2Fv2%2Ftags&post=95173"}],"curies":[{"name":"wp","href":"https:\/\/api.w.org\/{rel}","templated":true}]}}