{"id":95162,"date":"2016-08-19T13:38:09","date_gmt":"2016-08-19T16:38:09","guid":{"rendered":"http:\/\/aconteceunovale.com.br\/portal\/?p=95162"},"modified":"2016-08-19T13:38:09","modified_gmt":"2016-08-19T16:38:09","slug":"museu-do-cotidiano-reune-colecao-inusitada-na-capital-mineira","status":"publish","type":"post","link":"https:\/\/aconteceunovale.com.br\/portal\/?p=95162","title":{"rendered":"Museu do Cotidiano re\u00fane cole\u00e7\u00e3o inusitada na capital mineira"},"content":{"rendered":"<p>O colecionador Ant\u00f4nio Carlos Figueiredo abre o Museu do Cotidiano, em \u00e1rea de mais de 600 metros quadrados, na rua Bernardo Guimar\u00e3es, esquina de avenida Jo\u00e3o Pinheiro, em pleno Circuito Liberdade. Abarrotado de milhares de itens, esse espa\u00e7o leva o visitante \u00e0s mais variadas dimens\u00f5es da vida urbana. Re\u00fane objetos que testemunham tanto a evolu\u00e7\u00e3o tecnol\u00f3gica quanto o desenvolvimento sociocultural, como as s\u00e9ries de aparelhos e m\u00e1quinas curiosos e surpreendentes.<\/p>\n<p>\u201cOnde a intui\u00e7\u00e3o manda eu des\u00e7o do \u00f4nibus e fa\u00e7o o garimpo. Pode ser no a\u00e7ougue, na feira ou no bar. S\u00e3o os objetos do nosso dia a dia que me energizam e move. A minha luta \u00e9 contra a obsolesc\u00eancia\u201d. Assim Ant\u00f4nio Carlos Figueiredo conta como \u00e9 sua saga em busca ao inusitado das coisas que permeiam a nossa rotina e hoje, reunidas no Museu do Cotidiano, atraem para Minas Gerais at\u00e9 mesmo grava\u00e7\u00f5es com repercuss\u00e3o em n\u00edvel nacional como este clipe.<\/p>\n<p>Placas com dizeres inesperados como \u201cSapataria. Aqui n\u00e3o fazemo sapato s\u00f3 consertamo. As veiz faz\u201d est\u00e3o entre as mais de 100 mil pe\u00e7as do museu. Uma balan\u00e7a de ovos, chuveiro a \u00e1lcool, um celular de 1991, uma f\u00e1brica de h\u00f3stias, uma m\u00e1quina de escrever que tem margaridas como tipos e uma lista de coisas que teriam como destino certo o descarte comp\u00f5em o acervo do Museu, aberto para visita\u00e7\u00e3o mediada e agendada desde janeiro deste ano.<\/p>\n<p><img decoding=\"async\" src=\"http:\/\/aconteceunovale.com.br\/portal\/wp-content\/uploads\/2016\/08\/museu_do_cotidiano.jpg\" alt=\"\" \/><em>Abarrotado de milhares de itens, em \u00e1rea de mais de 600 metros quadrados, o Museu do Cotidiano leva o visitante \u00e0s mais variadas dimens\u00f5es da vida urbana (Foto: Divulga\u00e7\u00e3o \/ SEC \/ Ag\u00eancia Minas)<\/em><br \/>\n<\/br><\/p>\n<p>Ao visitar o Museu do Cotidiano, o secret\u00e1rio de Estado de Cultura, Angelo Oswaldo, disse que \u201cAnt\u00f4nio Carlos Figueiredo estabeleceu uma cole\u00e7\u00e3o inusitada, que brota do cotidiano de ontem ou do amanh\u00e3, ao buscar todo tipo de objeto que referencie a vida que passa. Com isso, criou um formid\u00e1vel acervo hist\u00f3rico, repleto de narrativas, no qual os espectadores encontrar\u00e3o ou formar\u00e3o as mais diversas perspectivas de compreens\u00e3o do cotidiano\u201d.<\/p>\n<p>Segundo o secret\u00e1rio, trata-se de \u201cuma iniciativa merecedora do mais amplo apoio, tanto p\u00fablico quanto privado, porque enriquece, de modo \u00fanico, o patrim\u00f4nio cultural de Minas Gerais e do Brasil\u201d. O colecionador continua, diariamente, a recolher objetos, dispondo de numerosos dep\u00f3sitos para a permanente amplia\u00e7\u00e3o do acervo.<\/p>\n<p>Figueiredo conta que ter o reconhecimento do secret\u00e1rio Angelo Oswaldo, um especialista nas artes museais que j\u00e1 foi presidente do Instituto Brasileiro de Museus \u2013 IBRAM, legitima o equipamento.<\/p>\n<p>\u201cTenho muito orgulho deste trabalho e, com o prest\u00edgio e reconhecimento que tenho recebido de universidades e nomes como o secret\u00e1rio, a cada minuto fico mais convicto da alta capacidade cultural deste equipamento repleto de pe\u00e7as que podem ser sim musealmente tratadas\u201d, afirma Ant\u00f4nio Carlos.<\/p>\n<p>O potencial do acervo ultrapassa as extens\u00f5es do galp\u00e3o no centro da capital mineira. Pe\u00e7as do Museu do Cotidiano fazem parte da exposi\u00e7\u00e3o &#8220;Processaber&#8221; aberta para visita\u00e7\u00e3o at\u00e9 25 de setembro no Espa\u00e7o do Conhecimento UFMG.<\/p>\n<p>O material integrou a \u00faltima mostra do Centro de Arte Popular \u2013 Cemig \u201cBrasilidade \u2013 Cultura Popular \/ Mem\u00f3ria Nacional\u201d e j\u00e1 esteve exposto tamb\u00e9m no Caf\u00e9 com Letras do Centro Cultural Banco do Brasil \u2013 CCBB na mostra \u201cImplac\u00e1veis\u201d.<\/p>\n<p>No momento, as visitas podem ser agendadas pelo e-mail: museudocotidiano@hotmail.com. O objetivo \u00e9 franquear ao p\u00fablico a visita\u00e7\u00e3o ao espa\u00e7o da rua Bernardo Guimar\u00e3es, at\u00e9 que o conjunto de acervos possa ser instalado em local que permita a plena consecu\u00e7\u00e3o de um projeto museol\u00f3gico e expogr\u00e1fico de grande porte.<\/p>\n<p>Servi\u00e7o: Museu do Cotidiano<br \/>\nContato para agendamento de visitas: museudocotidiano@hotmail.com ou (31) 99612-2431<br \/>\nEndere\u00e7o: Rua Bernardo Guimar\u00e3es 1296, Funcion\u00e1rios \u2013 Belo Horizonte.<\/p>\n","protected":false},"excerpt":{"rendered":"<p>O colecionador Ant\u00f4nio Carlos Figueiredo abre o Museu do Cotidiano, em \u00e1rea de mais de 600 metros quadrados, na rua Bernardo Guimar\u00e3es, esquina de avenida Jo\u00e3o Pinheiro, em pleno Circuito Liberdade. Abarrotado de milhares de itens, esse espa\u00e7o leva o visitante \u00e0s mais variadas dimens\u00f5es da vida urbana. Re\u00fane objetos que testemunham tanto a evolu\u00e7\u00e3o [&hellip;]<\/p>\n","protected":false},"author":1,"featured_media":95163,"comment_status":"open","ping_status":"closed","sticky":false,"template":"","format":"standard","meta":{"amp_status":"","footnotes":""},"categories":[123],"tags":[111484,194,111483,111482,111485,111486,111487],"class_list":["post-95162","post","type-post","status-publish","format-standard","has-post-thumbnail","hentry","category-gerais","tag-antonio-carlos-figueiredo","tag-belo-horizonte","tag-colecionador-antonio-carlos-figueiredo","tag-colecionador-antonio-carlos-figueiredo-abre-o-museu-do-cotidiano","tag-museu-do-cotidiano","tag-museu-do-cotidiano-belo-horizonte","tag-museu-do-cotidiano-reune-colecao-inusitada-na-capital-mineira"],"_links":{"self":[{"href":"https:\/\/aconteceunovale.com.br\/portal\/index.php?rest_route=\/wp\/v2\/posts\/95162","targetHints":{"allow":["GET"]}}],"collection":[{"href":"https:\/\/aconteceunovale.com.br\/portal\/index.php?rest_route=\/wp\/v2\/posts"}],"about":[{"href":"https:\/\/aconteceunovale.com.br\/portal\/index.php?rest_route=\/wp\/v2\/types\/post"}],"author":[{"embeddable":true,"href":"https:\/\/aconteceunovale.com.br\/portal\/index.php?rest_route=\/wp\/v2\/users\/1"}],"replies":[{"embeddable":true,"href":"https:\/\/aconteceunovale.com.br\/portal\/index.php?rest_route=%2Fwp%2Fv2%2Fcomments&post=95162"}],"version-history":[{"count":0,"href":"https:\/\/aconteceunovale.com.br\/portal\/index.php?rest_route=\/wp\/v2\/posts\/95162\/revisions"}],"wp:featuredmedia":[{"embeddable":true,"href":"https:\/\/aconteceunovale.com.br\/portal\/index.php?rest_route=\/wp\/v2\/media\/95163"}],"wp:attachment":[{"href":"https:\/\/aconteceunovale.com.br\/portal\/index.php?rest_route=%2Fwp%2Fv2%2Fmedia&parent=95162"}],"wp:term":[{"taxonomy":"category","embeddable":true,"href":"https:\/\/aconteceunovale.com.br\/portal\/index.php?rest_route=%2Fwp%2Fv2%2Fcategories&post=95162"},{"taxonomy":"post_tag","embeddable":true,"href":"https:\/\/aconteceunovale.com.br\/portal\/index.php?rest_route=%2Fwp%2Fv2%2Ftags&post=95162"}],"curies":[{"name":"wp","href":"https:\/\/api.w.org\/{rel}","templated":true}]}}