{"id":95156,"date":"2016-08-19T10:56:07","date_gmt":"2016-08-19T12:56:07","guid":{"rendered":"http:\/\/aconteceunovale.com.br\/portal\/?p=95156"},"modified":"2019-08-22T16:04:49","modified_gmt":"2019-08-22T18:04:49","slug":"imoveis-de-coronel-fabriciano-serao-leiloados-no-dia-29-de-agosto","status":"publish","type":"post","link":"https:\/\/aconteceunovale.com.br\/portal\/?p=95156","title":{"rendered":"Im\u00f3veis de Coronel Fabriciano ser\u00e3o leiloados no dia 29 de agosto"},"content":{"rendered":"<p><img decoding=\"async\" src=\"http:\/\/aconteceunovale.com.br\/portal\/wp-content\/uploads\/2016\/08\/leilao_cf.jpg\" alt=\"\" \/><\/p>\n<p>Leil\u00e3o de im\u00f3veis localizados em Coronel Fabriciano e regi\u00e3o<br \/>\nData\/hora: 29 de agosto, \u00e0s 12h00<br \/>\nLocal: Audit\u00f3rio da Caixa \/ Avenida Brasil, 342, Santa Efig\u00eania &#8211; Belo Horizonte<br \/>\nDetalhes no site: <strong><a href=\"http:\/\/www.jonasleiloeiro.com.br\" target=\"_blank\"><font color=\"blue\">www.jonasleiloeiro.com.br<\/font><\/strong><\/a><\/p>\n","protected":false},"excerpt":{"rendered":"<p>Leil\u00e3o de im\u00f3veis localizados em Coronel Fabriciano e regi\u00e3o Data\/hora: 29 de agosto, \u00e0s 12h00 Local: Audit\u00f3rio da Caixa \/ Avenida Brasil, 342, Santa Efig\u00eania &#8211; Belo Horizonte Detalhes no site: www.jonasleiloeiro.com.br<\/p>\n","protected":false},"author":1,"featured_media":95157,"comment_status":"open","ping_status":"closed","sticky":false,"template":"","format":"standard","meta":{"amp_status":"","footnotes":""},"categories":[121],"tags":[1524,1018,111462,111461,201,111468,111470,111469,111473,111467,111465,111466,111472,111463,111475,111471,111474,2101,1105,111464],"class_list":["post-95156","post","type-post","status-publish","format-standard","has-post-thumbnail","hentry","category-leste","tag-coronel-fabriciano","tag-destaque","tag-imoveis-de-coronel-fabriciano","tag-imoveis-de-coronel-fabriciano-serao-leiloados-no-dia-29-de-agosto","tag-ipatinga","tag-jonas-leiloeiro","tag-leilao-caixa-coronel-fabriciano","tag-leilao-caixa-jonas-leiloeiro","tag-leilao-caixa-minas-gerais","tag-leilao-da-caixa-minas-gerais","tag-leilao-de-imoveis-caixa-coronel-fabriciano","tag-leilao-de-imoveis-caixa-minas-gerais","tag-leilao-de-imoveis-da-caixa-localizados-em-coronel-fabriciano","tag-leilao-de-imoveis-de-coronel-fabriciano","tag-leilao-de-imoveis-em-minas-gerais","tag-leilao-de-imoveis-localizados-em-coronel-fabriciano","tag-leilao-em-minas-gerais","tag-santana-do-paraiso","tag-timoteo","tag-venda-de-imoveis-de-coronel-fabriciano"],"_links":{"self":[{"href":"https:\/\/aconteceunovale.com.br\/portal\/index.php?rest_route=\/wp\/v2\/posts\/95156","targetHints":{"allow":["GET"]}}],"collection":[{"href":"https:\/\/aconteceunovale.com.br\/portal\/index.php?rest_route=\/wp\/v2\/posts"}],"about":[{"href":"https:\/\/aconteceunovale.com.br\/portal\/index.php?rest_route=\/wp\/v2\/types\/post"}],"author":[{"embeddable":true,"href":"https:\/\/aconteceunovale.com.br\/portal\/index.php?rest_route=\/wp\/v2\/users\/1"}],"replies":[{"embeddable":true,"href":"https:\/\/aconteceunovale.com.br\/portal\/index.php?rest_route=%2Fwp%2Fv2%2Fcomments&post=95156"}],"version-history":[{"count":1,"href":"https:\/\/aconteceunovale.com.br\/portal\/index.php?rest_route=\/wp\/v2\/posts\/95156\/revisions"}],"predecessor-version":[{"id":151005,"href":"https:\/\/aconteceunovale.com.br\/portal\/index.php?rest_route=\/wp\/v2\/posts\/95156\/revisions\/151005"}],"wp:featuredmedia":[{"embeddable":true,"href":"https:\/\/aconteceunovale.com.br\/portal\/index.php?rest_route=\/wp\/v2\/media\/95157"}],"wp:attachment":[{"href":"https:\/\/aconteceunovale.com.br\/portal\/index.php?rest_route=%2Fwp%2Fv2%2Fmedia&parent=95156"}],"wp:term":[{"taxonomy":"category","embeddable":true,"href":"https:\/\/aconteceunovale.com.br\/portal\/index.php?rest_route=%2Fwp%2Fv2%2Fcategories&post=95156"},{"taxonomy":"post_tag","embeddable":true,"href":"https:\/\/aconteceunovale.com.br\/portal\/index.php?rest_route=%2Fwp%2Fv2%2Ftags&post=95156"}],"curies":[{"name":"wp","href":"https:\/\/api.w.org\/{rel}","templated":true}]}}