{"id":95150,"date":"2016-08-19T09:23:58","date_gmt":"2016-08-19T12:23:58","guid":{"rendered":"http:\/\/aconteceunovale.com.br\/portal\/?p=95150"},"modified":"2016-08-19T09:23:58","modified_gmt":"2016-08-19T12:23:58","slug":"previsao-do-tempo-para-minas-gerais-nesta-sexta-feira-19-de-agosto","status":"publish","type":"post","link":"https:\/\/aconteceunovale.com.br\/portal\/?p=95150","title":{"rendered":"Previs\u00e3o do tempo para Minas Gerais, nesta sexta-feira, 19 de agosto"},"content":{"rendered":"<h4><strong><em>Dia ensolarado a parcialmente nublado em boa parte do estado. Chegada de frente fria pode provocar chuvas no fim de semana.<\/em><\/strong><\/h4>\n<p>Nesta sexta-feira (19\/8) a intensifica\u00e7\u00e3o de \u00e1reas de instabilidade, associada ao aquecimento, deixa o inst\u00e1vel e favorece a ocorr\u00eancia de pancadas de chuva isoladas em parte da Regi\u00e3o Sudeste do Brasil.<\/p>\n<p>Em Minas Gerais o tempo deve ficar ensolarado a parcialmente nublado, com possibilidade de chuva isolada a partir da tarde no Sul, Noroeste, Sudeste e Centro. Nas demais regi\u00f5es mineiras o tempo deve ficar est\u00e1vel, com predom\u00ednio de sol.<\/p>\n<p>Na Regi\u00e3o Metropolitana de Belo Horizonte o dia ser\u00e1 de tempo ensolarado a parcialmente nublado. Na capital mineira o tempo deve ficar parcialmente nublado, os term\u00f4metros variam entre 17\u00b0C e 31\u00b0C, com umidade do ar m\u00ednima \u00e0 tarde na casa dos 30%.<\/p>\n<p>De acordo com o TempoClima PUC Minas, uma nova frente fria deve provocar chuva no pr\u00f3ximo final de semana, especialmente no Centro, Oeste e Sul de Minas Gerais, e uma massa de ar frio polar proporcionar\u00e1 decl\u00ednio de temperatura do ar.<\/p>\n","protected":false},"excerpt":{"rendered":"<p>Dia ensolarado a parcialmente nublado em boa parte do estado. Chegada de frente fria pode provocar chuvas no fim de semana. Nesta sexta-feira (19\/8) a intensifica\u00e7\u00e3o de \u00e1reas de instabilidade, associada ao aquecimento, deixa o inst\u00e1vel e favorece a ocorr\u00eancia de pancadas de chuva isoladas em parte da Regi\u00e3o Sudeste do Brasil. Em Minas Gerais [&hellip;]<\/p>\n","protected":false},"author":1,"featured_media":82499,"comment_status":"open","ping_status":"closed","sticky":false,"template":"","format":"standard","meta":{"amp_status":"","footnotes":""},"categories":[123],"tags":[55679,194,131,38395,1956,27340,111449,86248,111448,1839,111446,27976,111445,111447],"class_list":["post-95150","post","type-post","status-publish","format-standard","has-post-thumbnail","hentry","category-gerais","tag-19-de-agosto","tag-belo-horizonte","tag-minas-gerais","tag-nesta-sexta-feira","tag-previsao-do-tempo","tag-previsao-do-tempo-para-belo-horizonte","tag-previsao-do-tempo-para-belo-horizonte-19-de-agosto","tag-previsao-do-tempo-para-belo-horizonte-nesta-sexta-feira","tag-previsao-do-tempo-para-belo-horizonte-nesta-sexta-feira-19-de-agosto","tag-previsao-do-tempo-para-minas-gerais","tag-previsao-do-tempo-para-minas-gerais-19-de-agosto","tag-previsao-do-tempo-para-minas-gerais-nesta-sexta-feira","tag-previsao-do-tempo-para-minas-gerais-nesta-sexta-feira-19-de-agosto","tag-sexta-feira-19-de-agosto"],"_links":{"self":[{"href":"https:\/\/aconteceunovale.com.br\/portal\/index.php?rest_route=\/wp\/v2\/posts\/95150","targetHints":{"allow":["GET"]}}],"collection":[{"href":"https:\/\/aconteceunovale.com.br\/portal\/index.php?rest_route=\/wp\/v2\/posts"}],"about":[{"href":"https:\/\/aconteceunovale.com.br\/portal\/index.php?rest_route=\/wp\/v2\/types\/post"}],"author":[{"embeddable":true,"href":"https:\/\/aconteceunovale.com.br\/portal\/index.php?rest_route=\/wp\/v2\/users\/1"}],"replies":[{"embeddable":true,"href":"https:\/\/aconteceunovale.com.br\/portal\/index.php?rest_route=%2Fwp%2Fv2%2Fcomments&post=95150"}],"version-history":[{"count":0,"href":"https:\/\/aconteceunovale.com.br\/portal\/index.php?rest_route=\/wp\/v2\/posts\/95150\/revisions"}],"wp:featuredmedia":[{"embeddable":true,"href":"https:\/\/aconteceunovale.com.br\/portal\/index.php?rest_route=\/wp\/v2\/media\/82499"}],"wp:attachment":[{"href":"https:\/\/aconteceunovale.com.br\/portal\/index.php?rest_route=%2Fwp%2Fv2%2Fmedia&parent=95150"}],"wp:term":[{"taxonomy":"category","embeddable":true,"href":"https:\/\/aconteceunovale.com.br\/portal\/index.php?rest_route=%2Fwp%2Fv2%2Fcategories&post=95150"},{"taxonomy":"post_tag","embeddable":true,"href":"https:\/\/aconteceunovale.com.br\/portal\/index.php?rest_route=%2Fwp%2Fv2%2Ftags&post=95150"}],"curies":[{"name":"wp","href":"https:\/\/api.w.org\/{rel}","templated":true}]}}