{"id":95143,"date":"2016-08-18T21:56:39","date_gmt":"2016-08-19T00:56:39","guid":{"rendered":"http:\/\/aconteceunovale.com.br\/portal\/?p=95143"},"modified":"2016-08-18T21:56:39","modified_gmt":"2016-08-19T00:56:39","slug":"ima-reforca-vigilancia-para-evitar-a-entrada-de-bananas-com-sigatoka-negra-no-estado","status":"publish","type":"post","link":"https:\/\/aconteceunovale.com.br\/portal\/?p=95143","title":{"rendered":"IMA refor\u00e7a vigil\u00e2ncia para evitar a entrada de bananas com sigatoka negra no estado"},"content":{"rendered":"<p>Minas Gerais \u00e9 o terceiro maior produtor nacional de bananas, com produ\u00e7\u00e3o estimada de 839 mil toneladas para este ano de acordo com o IBGE. Desde 2005 n\u00e3o tem registros de sigatoka negra, uma praga que acomete as planta\u00e7\u00f5es, trazendo preju\u00edzos para as lavouras e para os produtores rurais.<\/p>\n<p>Para manter esta condi\u00e7\u00e3o o Instituto Mineiro de Agropecu\u00e1ria (IMA) realiza uma s\u00e9rie de a\u00e7\u00f5es preventivas relacionadas \u00e0 entrada em Minas de carregamentos de banana procedentes de outros estados.<\/p>\n<p>A a\u00e7\u00e3o mais recente, implementada a partir deste m\u00eas, refere-se \u00e0 intensifica\u00e7\u00e3o da fiscaliza\u00e7\u00e3o, nas barreiras sanit\u00e1rias, dos documentos que acompanham os carregamentos de vegetais, as chamadas Permiss\u00e3o de Tr\u00e2nsito Vegetal (PTVs). <\/p>\n<p>Desde o in\u00edcio de agosto estas guias dever\u00e3o trazer expressamente a informa\u00e7\u00e3o de que aquela mercadoria, caso seja procedente de um estado onde foi detectado foco da doen\u00e7a, \u00e9 oriunda de propriedade que adotou o sistema de mitiga\u00e7\u00e3o de riscos para sigatoka negra do Minist\u00e9rio da Agricultura, Pecu\u00e1ria e Abastecimento (Mapa). O refor\u00e7o na fiscaliza\u00e7\u00e3o deve-se ao registro recente de casos da doen\u00e7a em planta\u00e7\u00f5es da Bahia e do Esp\u00edrito Santo.<\/p>\n<p><img decoding=\"async\" src=\"http:\/\/aconteceunovale.com.br\/portal\/wp-content\/uploads\/2016\/08\/bananas_ima.jpg\" alt=\"\" \/><em>Instituto Mineiro de Agropecu\u00e1ria realiza a\u00e7\u00f5es preventivas relacionadas \u00e0 entrada em Minas de carregamentos de banana de outros estados (Foto: Divulga\u00e7\u00e3o\/IMA)<\/em><br \/>\n<\/br><\/p>\n<p><strong>A\u00e7\u00f5es preventivas<\/strong><\/p>\n<p>O engenheiro agr\u00f4nomo da Ger\u00eancia de Defesa Vegetal (GDV) do IMA, Leonardo Henrique Martins do Carmo, explica que at\u00e9 ent\u00e3o as PTVs que acompanhavam os carregamentos de banana procedentes destes dois estados traziam a informa\u00e7\u00e3o de que pertenciam a \u00e1reas livres da doen\u00e7a.<\/p>\n<p>A partir dos registros de focos da praga e da revoga\u00e7\u00e3o do status de \u00e1rea livre pelo Mapa, agora as PTVs que acompanham a produ\u00e7\u00e3o de banana do ES e BA dever\u00e3o, obrigatoriamente,  informar que originam de propriedades que adotaram a\u00e7\u00f5es  de manejo fitossanit\u00e1rio para diminuir o risco de surgimento da doen\u00e7a.<\/p>\n<p>Leonardo do Carmo ressalta que esta \u00e9 mais uma a\u00e7\u00e3o preventiva realizada pelo IMA para proteger as planta\u00e7\u00f5es mineiras de banana. Ele explica que o instituto j\u00e1 realiza trimestralmente os levantamentos fitossanit\u00e1rios nas regi\u00f5es consideradas \u00e1reas livres de sigatoka negra no estado, incluindo propriedades rurais e urbanas.<\/p>\n<p>\u201cEste levantamento consiste na coleta de amostras de folhas de bananeira nestas planta\u00e7\u00f5es, as quais s\u00e3o encaminhadas para an\u00e1lise no Laborat\u00f3rio de Qu\u00edmica Agr\u00edcola (LQA) do IMA. Os resultados comprovando a n\u00e3o ocorr\u00eancia da doen\u00e7a s\u00e3o enviados ao Mapa a cada tr\u00eas meses\u201d, informa.<\/p>\n<p>O engenheiro agr\u00f4nomo explica que os  demais munic\u00edpios mineiros  n\u00e3o pertencentes \u00e0s \u00e1reas livres  poder\u00e3o comercializar a produ\u00e7\u00e3o para os demais estados da federa\u00e7\u00e3o devendo, para tanto, cadastrar as propriedades no Sistema de Mitiga\u00e7\u00e3o de Risco (SMR) junto ao IMA.<\/p>\n<p>Leonardo do Carmo relata que o IMA realiza tamb\u00e9m a fiscaliza\u00e7\u00e3o  das cargas e respectivos documentos sanit\u00e1rios nas 16 barreiras sanit\u00e1rias do Instituto,  localizadas em pontos estrat\u00e9gicos nas regi\u00f5es de fronteira de Minas Gerais e na regi\u00e3o central do estado, al\u00e9m de outras duas instaladas nos entrepostos da Ceasa em Contagem e Juiz Fora.<\/p>\n<p>A maior parte da produ\u00e7\u00e3o de bananas em Minas est\u00e1 concentrada na regi\u00e3o Norte do estado, nos munic\u00edpios de Ja\u00edba, Nova Porteirinha, Jana\u00faba e Matias Cardoso. Delfin\u00f3polis, no Sul de Minas, tamb\u00e9m est\u00e1 entre os cinco maiores produtores, de acordo com dados do IBGE e da Secretaria de Estado de Agricultura, Pecu\u00e1ria e Abastecimento (Seapa).<\/p>\n<p>O diretor-geral do IMA, Marc\u00edlio de Sousa Magalh\u00e3es, ressalta a import\u00e2ncia das a\u00e7\u00f5es de vigil\u00e2ncia permanente realizadas pelo Instituto relacionadas n\u00e3o apenas \u00e0 preven\u00e7\u00e3o contra a sigatoka negra, mas a todas que t\u00eam o objetivo de proteger as lavouras mineiras como um todo. \u201cMinas \u00e9 um importante celeiro agr\u00edcola do Brasil e os trabalhos de defesa sanit\u00e1ria vegetal s\u00e3o importantes para garantir o status de Minas como fornecedor de alimentos para o pa\u00eds\u201d. (Ag\u00eancia Minas)<\/p>\n","protected":false},"excerpt":{"rendered":"<p>Minas Gerais \u00e9 o terceiro maior produtor nacional de bananas, com produ\u00e7\u00e3o estimada de 839 mil toneladas para este ano de acordo com o IBGE. Desde 2005 n\u00e3o tem registros de sigatoka negra, uma praga que acomete as planta\u00e7\u00f5es, trazendo preju\u00edzos para as lavouras e para os produtores rurais. Para manter esta condi\u00e7\u00e3o o Instituto [&hellip;]<\/p>\n","protected":false},"author":1,"featured_media":95144,"comment_status":"open","ping_status":"closed","sticky":false,"template":"","format":"standard","meta":{"amp_status":"","footnotes":""},"categories":[123],"tags":[1062,20955,111436,20954,111435,111433,36032,72677,111434],"class_list":["post-95143","post","type-post","status-publish","format-standard","has-post-thumbnail","hentry","category-gerais","tag-ibge","tag-ima","tag-ima-reforca-vigilancia-para-evitar-a-entrada-de-bananas-com-sigatoka-negra-no-estado","tag-instituto-mineiro-de-agropecuaria","tag-leonardo-henrique-martins-do-carmo","tag-minas-gerais-e-o-terceiro-maior-produtor-nacional-de-bananas","tag-producao-de-banana-em-minas-gerais","tag-sigatoka-negra","tag-sigatoka-negra-minas-gerais"],"_links":{"self":[{"href":"https:\/\/aconteceunovale.com.br\/portal\/index.php?rest_route=\/wp\/v2\/posts\/95143","targetHints":{"allow":["GET"]}}],"collection":[{"href":"https:\/\/aconteceunovale.com.br\/portal\/index.php?rest_route=\/wp\/v2\/posts"}],"about":[{"href":"https:\/\/aconteceunovale.com.br\/portal\/index.php?rest_route=\/wp\/v2\/types\/post"}],"author":[{"embeddable":true,"href":"https:\/\/aconteceunovale.com.br\/portal\/index.php?rest_route=\/wp\/v2\/users\/1"}],"replies":[{"embeddable":true,"href":"https:\/\/aconteceunovale.com.br\/portal\/index.php?rest_route=%2Fwp%2Fv2%2Fcomments&post=95143"}],"version-history":[{"count":0,"href":"https:\/\/aconteceunovale.com.br\/portal\/index.php?rest_route=\/wp\/v2\/posts\/95143\/revisions"}],"wp:featuredmedia":[{"embeddable":true,"href":"https:\/\/aconteceunovale.com.br\/portal\/index.php?rest_route=\/wp\/v2\/media\/95144"}],"wp:attachment":[{"href":"https:\/\/aconteceunovale.com.br\/portal\/index.php?rest_route=%2Fwp%2Fv2%2Fmedia&parent=95143"}],"wp:term":[{"taxonomy":"category","embeddable":true,"href":"https:\/\/aconteceunovale.com.br\/portal\/index.php?rest_route=%2Fwp%2Fv2%2Fcategories&post=95143"},{"taxonomy":"post_tag","embeddable":true,"href":"https:\/\/aconteceunovale.com.br\/portal\/index.php?rest_route=%2Fwp%2Fv2%2Ftags&post=95143"}],"curies":[{"name":"wp","href":"https:\/\/api.w.org\/{rel}","templated":true}]}}