{"id":95015,"date":"2016-08-17T09:38:29","date_gmt":"2016-08-17T12:38:29","guid":{"rendered":"http:\/\/aconteceunovale.com.br\/portal\/?p=95015"},"modified":"2016-08-17T09:38:29","modified_gmt":"2016-08-17T12:38:29","slug":"previsao-do-tempo-para-minas-gerais-nesta-quarta-feira-17-de-agosto","status":"publish","type":"post","link":"https:\/\/aconteceunovale.com.br\/portal\/?p=95015","title":{"rendered":"Previs\u00e3o do tempo para Minas Gerais, nesta quarta-feira, 17 de agosto"},"content":{"rendered":"<h4><strong><em>C\u00e9u parcialmente nublado a nublado, com possibilidade de chuvas em algumas regi\u00f5es do estado. Na capital, temperatura m\u00e1xima chega a 29 graus.<\/em><\/strong><\/h4>\n<p>Nesta quarta-feira (17\/8) as \u00e1reas de instabilidade atmosf\u00e9rica enfraquecem sobre o Sudeste do Brasil, mas ainda podem ocorrer chuvas isoladas. No estado de Minas Gerais o tempo deve ficar parcialmente nublado a nublado, com possibilidade de chuva localizadas no Noroeste, Norte, Vale do Rio Doce, Vale do Mucuri e Vale do Jequitinhonha. Nas demais regi\u00f5es mineiras o tempo deve ficar parcialmente nublado.<\/p>\n<p>Na Regi\u00e3o Metropolitana de Belo Horizonte o dia ser\u00e1 de tempo parcialmente nublado. Em Belo Horizonte o tempo deve ficar ensolarado a parcialmente nublado, a temperatura varia entre 14\u00b0C e 29\u00b0C, com umidade do ar \u00e0 tarde na casa dos 35%. <\/p>\n<p>De acordo com o TempoClima PUC Minas, uma nova frente fria deve provocar chuva no pr\u00f3ximo final de semana, especialmente no Centro, Oeste e Sul de Minas Gerais.<\/p>\n","protected":false},"excerpt":{"rendered":"<p>C\u00e9u parcialmente nublado a nublado, com possibilidade de chuvas em algumas regi\u00f5es do estado. Na capital, temperatura m\u00e1xima chega a 29 graus. Nesta quarta-feira (17\/8) as \u00e1reas de instabilidade atmosf\u00e9rica enfraquecem sobre o Sudeste do Brasil, mas ainda podem ocorrer chuvas isoladas. No estado de Minas Gerais o tempo deve ficar parcialmente nublado a nublado, [&hellip;]<\/p>\n","protected":false},"author":1,"featured_media":82499,"comment_status":"open","ping_status":"closed","sticky":false,"template":"","format":"standard","meta":{"amp_status":"","footnotes":""},"categories":[123],"tags":[55468,194,131,47774,1956,27340,111207,87201,111206,1839,111204,29094,111203,111205],"class_list":["post-95015","post","type-post","status-publish","format-standard","has-post-thumbnail","hentry","category-gerais","tag-17-de-agosto","tag-belo-horizonte","tag-minas-gerais","tag-nesta-quarta-feira","tag-previsao-do-tempo","tag-previsao-do-tempo-para-belo-horizonte","tag-previsao-do-tempo-para-belo-horizonte-17-de-agosto","tag-previsao-do-tempo-para-belo-horizonte-nesta-quarta-feira","tag-previsao-do-tempo-para-belo-horizonte-nesta-quarta-feira-17-de-agosto","tag-previsao-do-tempo-para-minas-gerais","tag-previsao-do-tempo-para-minas-gerais-17-de-agosto","tag-previsao-do-tempo-para-minas-gerais-nesta-quarta-feira","tag-previsao-do-tempo-para-minas-gerais-nesta-quarta-feira-17-de-agosto","tag-quarta-feira-17-de-agosto"],"_links":{"self":[{"href":"https:\/\/aconteceunovale.com.br\/portal\/index.php?rest_route=\/wp\/v2\/posts\/95015","targetHints":{"allow":["GET"]}}],"collection":[{"href":"https:\/\/aconteceunovale.com.br\/portal\/index.php?rest_route=\/wp\/v2\/posts"}],"about":[{"href":"https:\/\/aconteceunovale.com.br\/portal\/index.php?rest_route=\/wp\/v2\/types\/post"}],"author":[{"embeddable":true,"href":"https:\/\/aconteceunovale.com.br\/portal\/index.php?rest_route=\/wp\/v2\/users\/1"}],"replies":[{"embeddable":true,"href":"https:\/\/aconteceunovale.com.br\/portal\/index.php?rest_route=%2Fwp%2Fv2%2Fcomments&post=95015"}],"version-history":[{"count":0,"href":"https:\/\/aconteceunovale.com.br\/portal\/index.php?rest_route=\/wp\/v2\/posts\/95015\/revisions"}],"wp:featuredmedia":[{"embeddable":true,"href":"https:\/\/aconteceunovale.com.br\/portal\/index.php?rest_route=\/wp\/v2\/media\/82499"}],"wp:attachment":[{"href":"https:\/\/aconteceunovale.com.br\/portal\/index.php?rest_route=%2Fwp%2Fv2%2Fmedia&parent=95015"}],"wp:term":[{"taxonomy":"category","embeddable":true,"href":"https:\/\/aconteceunovale.com.br\/portal\/index.php?rest_route=%2Fwp%2Fv2%2Fcategories&post=95015"},{"taxonomy":"post_tag","embeddable":true,"href":"https:\/\/aconteceunovale.com.br\/portal\/index.php?rest_route=%2Fwp%2Fv2%2Ftags&post=95015"}],"curies":[{"name":"wp","href":"https:\/\/api.w.org\/{rel}","templated":true}]}}