{"id":95009,"date":"2016-08-16T21:11:50","date_gmt":"2016-08-17T00:11:50","guid":{"rendered":"http:\/\/aconteceunovale.com.br\/portal\/?p=95009"},"modified":"2016-08-16T21:11:50","modified_gmt":"2016-08-17T00:11:50","slug":"policia-registra-tres-homicidios-em-governador-valadares","status":"publish","type":"post","link":"https:\/\/aconteceunovale.com.br\/portal\/?p=95009","title":{"rendered":"Pol\u00edcia registra tr\u00eas homic\u00eddios em Governador Valadares"},"content":{"rendered":"<p>A Pol\u00edcia de Governador Valadares, no Vale do Rio Doce, registrou tr\u00eas homic\u00eddios em um per\u00edodo de 72 horas. Na madrugada de ter\u00e7a-feira (16\/08), o corpo de Wellington Pereira Costa, de 22 anos, foi encontrado por uma amiga na Avenida Cant\u00eddio Ferreira da Silva, no bairro Jardim Atalaia. Informa\u00e7\u00f5es da pol\u00edcia d\u00e3o conta que o jovem tinha sa\u00eddo de casa havia alguns meses, por envolvimento com o tr\u00e1fico de drogas, e que estaria morando com uma mulher de 20 anos h\u00e1 pouco tempo.<\/p>\n<p>A mulher acionou a PM, cuja equipe encontrou Wellington j\u00e1 morto. A amiga contou que estava em casa no momento em que ouviu estampidos bem pr\u00f3ximos \u2014 a v\u00edtima estava na entrada da casa. Ao sair, encontrou o rapaz ca\u00eddo no ch\u00e3o e ensanguentado. Sobre poss\u00edveis autores, ela disse que n\u00e3o viu nenhum suspeito.<\/p>\n<p>Uma equipe do Samu constatou o \u00f3bito e segundo a per\u00edcia da Pol\u00edcia Civil, a princ\u00edpio seriam dois disparos \u201ccolados\u201d na face da v\u00edtima. As c\u00e1psulas n\u00e3o foram encontradas.<\/p>\n<p><img decoding=\"async\" src=\"http:\/\/aconteceunovale.com.br\/portal\/wp-content\/uploads\/2016\/08\/vitima_gv.gif\" alt=\"\" \/><em>Wellington Pereira Costa tinha 22 anos (Foto: Divulga\u00e7\u00e3o)<\/em><br \/>\n<\/br><\/p>\n<h4><strong>Jovem morto no Santa Teresinha<\/strong><\/h4>\n<p>Valdeir Jardim Costa, de 22 anos, foi assassinado no domingo (14\/08), \u00e0s 19h20, na rua Jo\u00e3o Pessoa, no bairro Santa Teresinha, com um tiro pr\u00f3ximo ao pesco\u00e7o. Apesar de ter sido levado logo para o Hospital Municipal, ele n\u00e3o resistiu ao ferimento e morreu. O suspeito do crime n\u00e3o foi localizado, mesmo com a PM tendo realizado buscas pelo bairro. <\/p>\n<p>O assassinato ocorreu no &#8216;Beco do Baga\u00e7o&#8217;, onde h\u00e1 um ponto de venda de drogas no bairro. Segundo a PM, o autor do homic\u00eddio chegou ao local e perguntou onde encontraria maconha para comprar. O grupo que estava na rua, por\u00e9m, se recusou a responder. Com isso, o homem se foi e voltou armado. Ele efetuou cinco disparos na dire\u00e7\u00e3o desse grupo, e acertou Valdeir no pesco\u00e7o. <\/p>\n<p>Depois o autor fugiu pela rua Porto Alegre, pr\u00f3ximo ao Figueirinha. A PM segue \u00e0 procura dele.<\/p>\n<p><img decoding=\"async\" src=\"http:\/\/aconteceunovale.com.br\/portal\/wp-content\/uploads\/2016\/08\/vitima_gv2.gif\" alt=\"\" \/><em>Valdeir foi assassinado no Beco do Baga\u00e7o (Foto: Divulga\u00e7\u00e3o)<\/em><br \/>\n<\/br><\/p>\n<h4><strong>Momentos de terror no bairro Planalto<\/strong><\/h4>\n<p>Na tarde do \u00faltimo s\u00e1bado (13\/08), uma fam\u00edlia viveu momentos de terror em Governador Valadares. O jovem Carlos Welvis Ribeiro, de 25 anos, foi morto dentro de casa, na avenida Gil Pacheco de Magalh\u00e3es, no bairro Planalto. Segundo a Pol\u00edcia Militar, as av\u00f3s da v\u00edtima, que estavam na casa no momento do crime, foram amea\u00e7adas caso repassassem alguma informa\u00e7\u00e3o sobre os autores. O crime aconteceu por volta das 15h30. Os militares que atenderam \u00e0 ocorr\u00eancia encontraram Carlos inconsciente, com v\u00e1rias perfura\u00e7\u00f5es provocadas por arma de fogo. <\/p>\n<p>De imediato, o Samu foi acionado e conduziu o rapaz ao Hospital Municipal, contudo, ele n\u00e3o resistiu aos ferimentos e morreu. Carlos levou pelo menos sete tiros. No local do crime foram recolhidas c\u00e1psulas deflagradas de pistola de calibre 380, al\u00e9m de um proj\u00e9til aparentemente de rev\u00f3lver de calibre 38 e dois proj\u00e9teis deformados, aparentando ser de calibre 380.  <\/p>\n<p>Testemunhas \u2014 que n\u00e3o quiseram se identificar \u2014 disseram que foram tr\u00eas autores e que um deles \u00e9 integrante da &#8216;Gangue do Melete&#8217;. Eles chegaram encapuzados pelos fundos da casa e logo atiraram contra Carlos. Ainda segundo informa\u00e7\u00f5es de terceiros, os mandantes do crime seriam dois irm\u00e3os que lideram o tr\u00e1fico de drogas no bairro Planalto. A motiva\u00e7\u00e3o seria uma rixa que existia entre a v\u00edtima e os irm\u00e3os devido \u00e0 venda de drogas. <\/p>\n<p>Com as informa\u00e7\u00f5es, a PM iniciou levantamentos e descobriu que um dos suspeitos estava em liberdade condicional. Nenhum deles havia sido encontrado at\u00e9 o meio da tarde de ontem.<\/p>\n<p><em>(Fonte: Di\u00e1rio do Rio Doce)<\/em><\/p>\n","protected":false},"excerpt":{"rendered":"<p>A Pol\u00edcia de Governador Valadares, no Vale do Rio Doce, registrou tr\u00eas homic\u00eddios em um per\u00edodo de 72 horas. Na madrugada de ter\u00e7a-feira (16\/08), o corpo de Wellington Pereira Costa, de 22 anos, foi encontrado por uma amiga na Avenida Cant\u00eddio Ferreira da Silva, no bairro Jardim Atalaia. Informa\u00e7\u00f5es da pol\u00edcia d\u00e3o conta que o [&hellip;]<\/p>\n","protected":false},"author":1,"featured_media":90576,"comment_status":"open","ping_status":"closed","sticky":false,"template":"","format":"standard","meta":{"amp_status":"","footnotes":""},"categories":[121],"tags":[80226,111201,247,80225,80227,80228,111202,111200,80558,111199],"class_list":["post-95009","post","type-post","status-publish","format-standard","has-post-thumbnail","hentry","category-leste","tag-assassinatos-governador-valadares","tag-carlos-welvis-ribeiro","tag-governador-valadares","tag-homicidios-governador-valadares","tag-mortes-governador-valadares","tag-mortos-governador-valadares","tag-policia-registra-tres-homicidios-em-governador-valadares","tag-valdeir-jardim-costa","tag-violencia-governador-valadares","tag-wellington-pereira-costa"],"_links":{"self":[{"href":"https:\/\/aconteceunovale.com.br\/portal\/index.php?rest_route=\/wp\/v2\/posts\/95009","targetHints":{"allow":["GET"]}}],"collection":[{"href":"https:\/\/aconteceunovale.com.br\/portal\/index.php?rest_route=\/wp\/v2\/posts"}],"about":[{"href":"https:\/\/aconteceunovale.com.br\/portal\/index.php?rest_route=\/wp\/v2\/types\/post"}],"author":[{"embeddable":true,"href":"https:\/\/aconteceunovale.com.br\/portal\/index.php?rest_route=\/wp\/v2\/users\/1"}],"replies":[{"embeddable":true,"href":"https:\/\/aconteceunovale.com.br\/portal\/index.php?rest_route=%2Fwp%2Fv2%2Fcomments&post=95009"}],"version-history":[{"count":0,"href":"https:\/\/aconteceunovale.com.br\/portal\/index.php?rest_route=\/wp\/v2\/posts\/95009\/revisions"}],"wp:featuredmedia":[{"embeddable":true,"href":"https:\/\/aconteceunovale.com.br\/portal\/index.php?rest_route=\/wp\/v2\/media\/90576"}],"wp:attachment":[{"href":"https:\/\/aconteceunovale.com.br\/portal\/index.php?rest_route=%2Fwp%2Fv2%2Fmedia&parent=95009"}],"wp:term":[{"taxonomy":"category","embeddable":true,"href":"https:\/\/aconteceunovale.com.br\/portal\/index.php?rest_route=%2Fwp%2Fv2%2Fcategories&post=95009"},{"taxonomy":"post_tag","embeddable":true,"href":"https:\/\/aconteceunovale.com.br\/portal\/index.php?rest_route=%2Fwp%2Fv2%2Ftags&post=95009"}],"curies":[{"name":"wp","href":"https:\/\/api.w.org\/{rel}","templated":true}]}}