{"id":94780,"date":"2016-08-14T23:42:57","date_gmt":"2016-08-15T02:42:57","guid":{"rendered":"http:\/\/aconteceunovale.com.br\/portal\/?p=94780"},"modified":"2016-08-14T23:43:59","modified_gmt":"2016-08-15T02:43:59","slug":"em-pequim-cai-de-bunda-em-londres-de-cara-hoje-cai-de-pe-diz-diego-hypolito-apos-prata-na-rio-2016","status":"publish","type":"post","link":"https:\/\/aconteceunovale.com.br\/portal\/?p=94780","title":{"rendered":"\u201cEm Pequim, ca\u00ed de bunda. Em Londres, de cara. Hoje, ca\u00ed de p\u00e9\u201d, diz Diego Hyp\u00f3lito ap\u00f3s ganhar prata na Rio 2016"},"content":{"rendered":"<p>Diego Hyp\u00f3lito teve que cair duas vezes na final do solo antes de entrar no seleto rol dos atletas que conseguiram uma medalha em Jogos Ol\u00edmpicos. Na primeira, em Pequim, no ano de 2008, \u201cquando eu achava que era invenc\u00edvel\u201d e vinha da conquista do t\u00edtulo mundial no solo, n\u00e3o conseguiu se firmar ap\u00f3s saltar para encerrar sua apresenta\u00e7\u00e3o e acabou caindo sentado no ch\u00e3o. Quatro anos depois, em Londres, escorregou logo no come\u00e7o de sua s\u00e9rie e deu de cara no ch\u00e3o. Desacreditado e tachado de velho para gin\u00e1stica art\u00edstica, ele tentou pela terceira vez, e em casa. A insist\u00eancia veio em forma de nota: 15.533, o suficiente para torn\u00e1-lo vice-campe\u00e3o ol\u00edmpico.<\/p>\n<p>\u201cEu n\u00e3o consigo acreditar que isso \u00e9 real. Isso mostra para qualquer pessoa que, se voc\u00ea acreditar nos seus sonhos, \u00e9 poss\u00edvel alcan\u00e7\u00e1-los. Eu tive uma Olimp\u00edada em que ca\u00ed de bunda. Outra em que, literalmente, eu ca\u00ed de cara. E na terceira Olimp\u00edada, eu ca\u00ed de p\u00e9. Eu nem sou t\u00e3o bom quanto era nas outras Olimp\u00edadas, e eu consegui uma medalha. \u00c9 inexplic\u00e1vel, uma sensa\u00e7\u00e3o maravilhosa\u201d, comemora o atleta, de 30 anos.<\/p>\n<p><img decoding=\"async\" src=\"http:\/\/aconteceunovale.com.br\/portal\/wp-content\/uploads\/2016\/08\/hipolito_nory.jpg\" alt=\"\" \/><em>Diego Hyp\u00f3lito e Artur Mariano (Foto: Ben Stansall\/AFP\/Veja)<\/em><br \/>\n<\/br><\/p>\n<p><strong>Supera\u00e7\u00e3o<\/strong><\/p>\n<p>Os fracassos consecutivos doeram na alma de Hyp\u00f3lito: \u201cJ\u00e1 aconteceu de tudo comigo. Eu tive depress\u00e3o e fui internado. Eu me senti extremamente humilhado, mas quis enfrentar. A nossa cabe\u00e7a acaba sendo o nosso maior problema, porque a gente deixa de acreditar na gente e deixa de trabalhar da maneira mais adequada. J\u00e1 tive tantos altos e baixos na minha carreira e isso mostra, para qualquer pessoa, que todos n\u00f3s temos o direito de errar\u201d. E os fantasmas insistiram tem atorment\u00e1-lo at\u00e9 durante o momento crucial de sua s\u00e9rie prateada. A diferen\u00e7a \u00e9 que se depararam com um atleta calejado e fortalecido.<\/p>\n<p>\u201cNa hora que fui para a \u00faltima acrobacia, me veio um filme na cabe\u00e7a. Eu estava concentrado para finalizar a minha s\u00e9rie e vi a imagem do que aconteceu em Pequim. Mas disse para mim mesmo, \u2018voc\u00ea treinou e se dedicou. N\u00e3o deixa seu trabalho ir por \u00e1gua abaixo por conta de um pensamento negativo. Vai l\u00e1 e faz\u2019&#8217;. Eu estava muito ansioso de ontem para hoje. Mas quando acordei, falei que n\u00e3o ia deixar escapar desta vez. N\u00e3o teria nada que fosse me impedir de alcan\u00e7ar meu sonho e conseguir acertar nesta Olimp\u00edada\u201d.<\/p>\n<p>Segundo ginasta a se apresentar, Hyp\u00f3lito assistiu \u00e0s apresenta\u00e7\u00f5es de mais seis atletas \u2013 entre eles, o multicampe\u00e3o Kohei Uchimura e o atual campe\u00e3o no aparelho, Kenzo Shirai \u2013 at\u00e9 que a reden\u00e7\u00e3o chegasse. E foi uma espera sofrida: \u201cEu estava passando muito mal e achei sim que n\u00e3o daria para ficar com a medalha. Quando terminei a prova, pensei que daria para ficar em quarto ou quinto lugar. D\u00e1 uma ansiedade em ver todo mundo competindo, porque voc\u00ea j\u00e1 fez a sua parte e agora depende s\u00f3 dois ju\u00edzes. Decidi n\u00e3o olhar, mas todo mundo come\u00e7ou a falar comigo e bateu um desespero enorme. O (t\u00e9cnico) Marcos (Goto) tentou me acalmar e eu comecei a ficar tonto e pensei que fosse desmaiar. S\u00f3 n\u00e3o desmaiei porque n\u00e3o queria dar esse vexame aqui\u201d, ri.<\/p>\n<p><strong>Emo\u00e7\u00e3o<\/strong><\/p>\n<p>Para o ginasta, o que aconteceu neste domingo \u00e9 o momento mais emocionante de sua vida. &#8220;Vou levar isso para sempre. H\u00e1 pouqu\u00edssimo tempo nem me colocavam na equipe ol\u00edmpica e eu n\u00e3o era nem titular do time. A\u00ed eu me classifiquei para a Olimp\u00edada. Depois, fiquei em quarto no primeiro dia, o que j\u00e1 foi a realiza\u00e7\u00e3o de um sonho. Muitas pessoas falaram que eu n\u00e3o conseguiria, mas eu nunca deixei de acreditar. Parece que eu tirei um caminh\u00e3o das minhas costas. O mais dif\u00edcil nem foi essa medalha, mas eu me propor a estar mais uma vez em uma Olimp\u00edada\u201d, confessa.<\/p>\n<p>Apesar de ser o protagonista de sua reviravolta, o ginasta enxerga muita gente por detr\u00e1s de seu feito: \u201cEssa medalha \u00e9 da minha irm\u00e3 (a ginasta Daniele Hyp\u00f3lito), do meu pai, da minha irm\u00e3, de todas as pessoas que acreditaram em mim, da imprensa, dos f\u00e3s. \u00c9 uma medalha coletiva, uma medalha do Brasil. Isso mostra para o nosso povo que a gente tem sim que sonhar, e sonhar alto. Nunca desistam dos sonhos de voc\u00eas\u201d.<\/p>\n<p>(Ag\u00eancia Brasil)<\/p>\n","protected":false},"excerpt":{"rendered":"<p>Diego Hyp\u00f3lito teve que cair duas vezes na final do solo antes de entrar no seleto rol dos atletas que conseguiram uma medalha em Jogos Ol\u00edmpicos. Na primeira, em Pequim, no ano de 2008, \u201cquando eu achava que era invenc\u00edvel\u201d e vinha da conquista do t\u00edtulo mundial no solo, n\u00e3o conseguiu se firmar ap\u00f3s saltar [&hellip;]<\/p>\n","protected":false},"author":1,"featured_media":94781,"comment_status":"open","ping_status":"closed","sticky":false,"template":"","format":"standard","meta":{"amp_status":"","footnotes":""},"categories":[6,59],"tags":[110860,110866,110861,110870,110864,110863,110869,110865,39001,92840,110867,107623,24858,110857,24117,110868,110862],"class_list":["post-94780","post","type-post","status-publish","format-standard","has-post-thumbnail","hentry","category-br","category-sports","tag-diego-hypolito","tag-diego-hypolito-apos-prata-na-rio-2016","tag-diego-hypolito-ganha-prata","tag-diego-hypolito-medalha-de-prata","tag-em-londres-de-cara","tag-em-pequim-cai-de-bunda","tag-ginastica-artistica","tag-hoje-cai-de-pe","tag-jogos-olimpicos-rio-2016","tag-jogos-rio-2016","tag-medalha-de-prata","tag-olimpiada-2016","tag-olimpiadas","tag-olimpiadas-rio-2016","tag-rio-2016","tag-solo","tag-superacao-de-diego-hypolito"],"_links":{"self":[{"href":"https:\/\/aconteceunovale.com.br\/portal\/index.php?rest_route=\/wp\/v2\/posts\/94780","targetHints":{"allow":["GET"]}}],"collection":[{"href":"https:\/\/aconteceunovale.com.br\/portal\/index.php?rest_route=\/wp\/v2\/posts"}],"about":[{"href":"https:\/\/aconteceunovale.com.br\/portal\/index.php?rest_route=\/wp\/v2\/types\/post"}],"author":[{"embeddable":true,"href":"https:\/\/aconteceunovale.com.br\/portal\/index.php?rest_route=\/wp\/v2\/users\/1"}],"replies":[{"embeddable":true,"href":"https:\/\/aconteceunovale.com.br\/portal\/index.php?rest_route=%2Fwp%2Fv2%2Fcomments&post=94780"}],"version-history":[{"count":0,"href":"https:\/\/aconteceunovale.com.br\/portal\/index.php?rest_route=\/wp\/v2\/posts\/94780\/revisions"}],"wp:featuredmedia":[{"embeddable":true,"href":"https:\/\/aconteceunovale.com.br\/portal\/index.php?rest_route=\/wp\/v2\/media\/94781"}],"wp:attachment":[{"href":"https:\/\/aconteceunovale.com.br\/portal\/index.php?rest_route=%2Fwp%2Fv2%2Fmedia&parent=94780"}],"wp:term":[{"taxonomy":"category","embeddable":true,"href":"https:\/\/aconteceunovale.com.br\/portal\/index.php?rest_route=%2Fwp%2Fv2%2Fcategories&post=94780"},{"taxonomy":"post_tag","embeddable":true,"href":"https:\/\/aconteceunovale.com.br\/portal\/index.php?rest_route=%2Fwp%2Fv2%2Ftags&post=94780"}],"curies":[{"name":"wp","href":"https:\/\/api.w.org\/{rel}","templated":true}]}}