{"id":94774,"date":"2016-08-14T22:56:47","date_gmt":"2016-08-15T01:56:47","guid":{"rendered":"http:\/\/aconteceunovale.com.br\/portal\/?p=94774"},"modified":"2016-08-14T22:56:47","modified_gmt":"2016-08-15T01:56:47","slug":"dr-armando-dr-aecio-e-tadeu-do-posto-registram-candidaturas-a-prefeito-de-aracuai","status":"publish","type":"post","link":"https:\/\/aconteceunovale.com.br\/portal\/?p=94774","title":{"rendered":"Dr. Armando, Dr. A\u00e9cio e Tadeu do Posto registram candidaturas a prefeito de Ara\u00e7ua\u00ed"},"content":{"rendered":"<p>O atual prefeito Armando Jardim Paix\u00e3o (Dr. Armando), o m\u00e9dico A\u00e9cio Silva Jardim (Dr. A\u00e9cio) e o administrador Tadeu Barbosa de Oliveira (Tadeu do Posto) solicitaram o registro de suas candidaturas ao executivo de Ara\u00e7ua\u00ed, no Vale do Jequitinhonha, para o per\u00edodo de 2017\/2020. <a href=\"http:\/\/aconteceunovale.com.br\/portal\/?p=93057\" target=\"_blank\"><font color=\"blue\">Os dados dos candidatos j\u00e1 foram inseridos no sistema de divulga\u00e7\u00e3o do Tribunal Superior Eleitoral (TSE)<\/font><\/a>.<\/p>\n<p>Dr. Armando, que \u00e9 filiado ao Partido dos Trabalhadores (PT), disputar\u00e1 as elei\u00e7\u00f5es municipais pela coliga\u00e7\u00e3o &#8220;Ara\u00e7ua\u00ed em boas m\u00e3os, o povo sabe, o povo quer!&#8221;, composta pelos partidos PT e PPL. Ele comp\u00f5e chapa com a m\u00e9dica Rita de C\u00e1ssia Silva Capdeville, a Dr. Rita (PPL).<\/p>\n<p>Dr. A\u00e9cio, do Partido do Movimento Democr\u00e1tico Brasileiro (PMDB), \u00e9 o cabe\u00e7a de chapa da coliga\u00e7\u00e3o \u201cA mudan\u00e7a que o povo quer\u201d, formada pelos partidos PMDB, PSDB e PT do B. O aposentado Leonardo dos Santos Oliveira (PMDB) \u00e9 a candidato a vice-prefeito.<\/p>\n<p>J\u00e1 Tadeu do Posto, do Partido Social Democr\u00e1tico (PSD), representa a coliga\u00e7\u00e3o &#8220;Uni\u00e3o e trabalho por uma Ara\u00e7ua\u00ed melhor&#8221;, composta pelos partidos PSD, PTB, PRB, DEM e PV. O candidato a vice-prefeito da chapa \u00e9 o comerciante Itamar Alves de Matos (PSD).<\/p>\n<p><img decoding=\"async\" src=\"http:\/\/aconteceunovale.com.br\/portal\/wp-content\/uploads\/2016\/08\/candidatos_aracuai.jpg\" alt=\"\" \/><em>Os candidatos Dr. Armando, Dr. A\u00e9cio e Tadeu do Posto (Foto: Divulga\u00e7\u00e3o\/TSE)<\/em><br \/>\n<\/br><\/p>\n<h4><strong>Divulga\u00e7\u00e3o de candidatos<\/strong><\/h4>\n<p>O sistema de divulga\u00e7\u00e3o das Elei\u00e7\u00f5es Municipais 2016 apresenta informa\u00e7\u00f5es detalhadas sobre todos os candidatos que pediram registro \u00e0 Justi\u00e7a Eleitoral e sobra as suas contas eleitorais e as dos partidos pol\u00edticos. Confira todas as informa\u00e7\u00f5es sobre os candidatos no endere\u00e7o <strong><a href=\"http:\/\/aconteceunovale.com.br\/portal\/?p=93057\" target=\"_blank\"><font color=\"blue\">http:\/\/aconteceunovale.com.br\/portal\/?p=93057<\/font><\/a><\/strong>.<\/p>\n","protected":false},"excerpt":{"rendered":"<p>O atual prefeito Armando Jardim Paix\u00e3o (Dr. Armando), o m\u00e9dico A\u00e9cio Silva Jardim (Dr. A\u00e9cio) e o administrador Tadeu Barbosa de Oliveira (Tadeu do Posto) solicitaram o registro de suas candidaturas ao executivo de Ara\u00e7ua\u00ed, no Vale do Jequitinhonha, para o per\u00edodo de 2017\/2020. Os dados dos candidatos j\u00e1 foram inseridos no sistema de divulga\u00e7\u00e3o [&hellip;]<\/p>\n","protected":false},"author":1,"featured_media":94775,"comment_status":"open","ping_status":"closed","sticky":false,"template":"","format":"standard","meta":{"amp_status":"","footnotes":""},"categories":[79927,40240,120],"tags":[109048,186,110847,110848,107337,110849,107336,107342,107338,107339,107335,107341,107340,107334,107316,107325,107321,107331,110850,109046,110846,107322,107332,107347,110851,107343,107315,107323,109047,110844,110845,59515,110852,107324,78864,107333,110853,107330,107344,107345,107346,107320,107329,107318,107327,107319,107328,107317,107326],"class_list":["post-94774","post","type-post","status-publish","format-standard","has-post-thumbnail","hentry","category-eleicoes-2016-2","category-politica-2","category-jequi","tag-aplicativo-candidaturas-2016","tag-aracuai","tag-candidato-a-prefeito-de-aracuai","tag-candidato-a-prefeito-eleicoes-2016-aracuai","tag-candidatos-a-prefeito-de","tag-candidatos-a-prefeito-de-aracuai","tag-candidatos-a-prefeito-eleicoes-2016","tag-candidatos-a-prefeito-eleicoes-municipais-2016","tag-candidatos-a-prefeito-em","tag-candidatos-a-vereador-de","tag-candidatos-a-vereador-eleicoes-2016","tag-candidatos-a-vereador-eleicoes-municipais-2016","tag-candidatos-a-vereador-em","tag-candidatos-a-vereador-em-2016","tag-candidatos-eleicoes-2016","tag-candidatos-eleicoes-2016-minas-gerais","tag-candidatos-eleicoes-municipais-2016","tag-candidatos-eleicoes-municipais-2016-minas-gerais","tag-candidatos-em-aracuai","tag-candidaturas-2016","tag-candidaturas-a-prefeito-de-aracuai","tag-candidaturas-eleicoes-municipais-2016","tag-candidaturas-eleicoes-municipais-2016-minas-gerais","tag-consultas-sobre-candidatos-2016","tag-disputa-eleitoral-aracuai","tag-divulgacao-de-candidaturas-2016","tag-divulgacao-de-candidaturas-eleicoes-2016","tag-divulgacao-de-candidaturas-eleicoes-2016-minas-gerais","tag-download-aplicativo-candidaturas-2016","tag-dr-aecio-e-tadeu-do-posto-registram-candidaturas-a-prefeito-de-aracuai","tag-dr-armando","tag-eleicoes-2016","tag-eleicoes-2016-aracuai","tag-eleicoes-2016-minas-gerais","tag-eleicoes-municipais-2016","tag-eleicoes-municipais-2016-divulgacao-de-candidaturas","tag-eleicoes-municipais-2016-em-aracuai","tag-eleicoes-municipais-2016-minas-gerais","tag-informacoes-detalhadas-sobre-todos-os-candidatos-de-2016","tag-informacoes-sobre-todos-os-candidatos","tag-informacoes-sobre-todos-os-candidatos-de-2016","tag-lista-candidaturas-eleicoes-2016","tag-lista-candidaturas-eleicoes-2016-minas-gerais","tag-lista-de-todos-os-candidatos-eleicoes-2016","tag-lista-de-todos-os-candidatos-eleicoes-2016-minas-gerais","tag-relacao-candidaturas-eleicoes-2016","tag-relacao-candidaturas-eleicoes-2016-minas-gerais","tag-relacao-de-todos-os-candidatos-eleicoes-2016","tag-relacao-de-todos-os-candidatos-eleicoes-2016-minas-gerais"],"_links":{"self":[{"href":"https:\/\/aconteceunovale.com.br\/portal\/index.php?rest_route=\/wp\/v2\/posts\/94774","targetHints":{"allow":["GET"]}}],"collection":[{"href":"https:\/\/aconteceunovale.com.br\/portal\/index.php?rest_route=\/wp\/v2\/posts"}],"about":[{"href":"https:\/\/aconteceunovale.com.br\/portal\/index.php?rest_route=\/wp\/v2\/types\/post"}],"author":[{"embeddable":true,"href":"https:\/\/aconteceunovale.com.br\/portal\/index.php?rest_route=\/wp\/v2\/users\/1"}],"replies":[{"embeddable":true,"href":"https:\/\/aconteceunovale.com.br\/portal\/index.php?rest_route=%2Fwp%2Fv2%2Fcomments&post=94774"}],"version-history":[{"count":0,"href":"https:\/\/aconteceunovale.com.br\/portal\/index.php?rest_route=\/wp\/v2\/posts\/94774\/revisions"}],"wp:featuredmedia":[{"embeddable":true,"href":"https:\/\/aconteceunovale.com.br\/portal\/index.php?rest_route=\/wp\/v2\/media\/94775"}],"wp:attachment":[{"href":"https:\/\/aconteceunovale.com.br\/portal\/index.php?rest_route=%2Fwp%2Fv2%2Fmedia&parent=94774"}],"wp:term":[{"taxonomy":"category","embeddable":true,"href":"https:\/\/aconteceunovale.com.br\/portal\/index.php?rest_route=%2Fwp%2Fv2%2Fcategories&post=94774"},{"taxonomy":"post_tag","embeddable":true,"href":"https:\/\/aconteceunovale.com.br\/portal\/index.php?rest_route=%2Fwp%2Fv2%2Ftags&post=94774"}],"curies":[{"name":"wp","href":"https:\/\/api.w.org\/{rel}","templated":true}]}}