{"id":94771,"date":"2016-08-14T22:19:05","date_gmt":"2016-08-15T01:19:05","guid":{"rendered":"http:\/\/aconteceunovale.com.br\/portal\/?p=94771"},"modified":"2016-08-14T22:19:05","modified_gmt":"2016-08-15T01:19:05","slug":"zailson-godinho-e-carlinhos-barbosa-registram-candidaturas-a-prefeito-de-turmalina","status":"publish","type":"post","link":"https:\/\/aconteceunovale.com.br\/portal\/?p=94771","title":{"rendered":"Zailson Godinho e Carlinhos Barbosa registram candidaturas a prefeito de Turmalina"},"content":{"rendered":"<p>O comerciante Zailson Jo\u00e3o Macedo Godinho e Carlinhos Barbosa Xavier solicitaram o registro de suas candidaturas ao executivo de Turmalina, no Vale do Jequitinhonha, para o per\u00edodo de 2017\/2020. <a href=\"http:\/\/aconteceunovale.com.br\/portal\/?p=93057\" target=\"_blank\"><font color=\"blue\">Os dados dos candidatos j\u00e1 foram inseridos no sistema de divulga\u00e7\u00e3o do Tribunal Superior Eleitoral (TSE)<\/font><\/a>.<\/p>\n<p>Zailson Godinho, que \u00e9 filiado ao Partido do Movimento Democr\u00e1tico Brasileiro (PMDB), disputar\u00e1 as elei\u00e7\u00f5es municipais pela coliga\u00e7\u00e3o &#8220;De volta ao progresso&#8221;, composta pelos partidos PMDB, PSDB, DEM, PP, PV, PSL e PROS. Joaquim Dias de Souza, o Quincas (PSDB) \u00e9 o candidato a vice-prefeito.<\/p>\n<p>J\u00e1 Carlinhos Barbosa, do Partido Trabalhista Brasileiro (PTB), \u00e9 o cabe\u00e7a de chapa da coliga\u00e7\u00e3o \u201cJuntos para mudar\u201d, formada pelos partidos PTB, PPS, PDT, PRP, PT do B, PSB e PRTB. Ele comp\u00f5e chapa com o administrador Roberto Meire da Rocha (PPS).<\/p>\n<p><img decoding=\"async\" src=\"http:\/\/aconteceunovale.com.br\/portal\/wp-content\/uploads\/2016\/08\/candidatos_turmalina.jpg\" alt=\"\" \/><em>Os candidatos Zailson Godinho e Carlinhos Barbosa (Foto: Divulga\u00e7\u00e3o\/TSE)<\/em><br \/>\n<\/br><\/p>\n<h4><strong>Divulga\u00e7\u00e3o de candidatos<\/strong><\/h4>\n<p>O sistema de divulga\u00e7\u00e3o das Elei\u00e7\u00f5es Municipais 2016 apresenta informa\u00e7\u00f5es detalhadas sobre todos os candidatos que pediram registro \u00e0 Justi\u00e7a Eleitoral e sobra as suas contas eleitorais e as dos partidos pol\u00edticos. Confira todas as informa\u00e7\u00f5es sobre os candidatos no endere\u00e7o <strong><a href=\"http:\/\/aconteceunovale.com.br\/portal\/?p=93057\" target=\"_blank\"><font color=\"blue\">http:\/\/aconteceunovale.com.br\/portal\/?p=93057<\/font><\/a><\/strong>.<\/p>\n","protected":false},"excerpt":{"rendered":"<p>O comerciante Zailson Jo\u00e3o Macedo Godinho e Carlinhos Barbosa Xavier solicitaram o registro de suas candidaturas ao executivo de Turmalina, no Vale do Jequitinhonha, para o per\u00edodo de 2017\/2020. Os dados dos candidatos j\u00e1 foram inseridos no sistema de divulga\u00e7\u00e3o do Tribunal Superior Eleitoral (TSE). Zailson Godinho, que \u00e9 filiado ao Partido do Movimento Democr\u00e1tico [&hellip;]<\/p>\n","protected":false},"author":1,"featured_media":94772,"comment_status":"open","ping_status":"closed","sticky":false,"template":"","format":"standard","meta":{"amp_status":"","footnotes":""},"categories":[79927,40240,120],"tags":[109048,110837,110838,107337,110839,107336,107342,107338,107339,107335,107341,107340,107334,107316,107325,107321,107331,110840,109046,107322,107332,107347,110841,107343,107315,107323,109047,59515,107324,110842,78864,107333,110843,107330,107344,107345,107346,107320,107329,107318,107327,107319,107328,107317,107326,178,110836],"class_list":["post-94771","post","type-post","status-publish","format-standard","has-post-thumbnail","hentry","category-eleicoes-2016-2","category-politica-2","category-jequi","tag-aplicativo-candidaturas-2016","tag-candidato-a-prefeito-de-turmalina","tag-candidato-a-prefeito-eleicoes-2016-turmalina","tag-candidatos-a-prefeito-de","tag-candidatos-a-prefeito-de-turmalina","tag-candidatos-a-prefeito-eleicoes-2016","tag-candidatos-a-prefeito-eleicoes-municipais-2016","tag-candidatos-a-prefeito-em","tag-candidatos-a-vereador-de","tag-candidatos-a-vereador-eleicoes-2016","tag-candidatos-a-vereador-eleicoes-municipais-2016","tag-candidatos-a-vereador-em","tag-candidatos-a-vereador-em-2016","tag-candidatos-eleicoes-2016","tag-candidatos-eleicoes-2016-minas-gerais","tag-candidatos-eleicoes-municipais-2016","tag-candidatos-eleicoes-municipais-2016-minas-gerais","tag-candidatos-em-turmalina","tag-candidaturas-2016","tag-candidaturas-eleicoes-municipais-2016","tag-candidaturas-eleicoes-municipais-2016-minas-gerais","tag-consultas-sobre-candidatos-2016","tag-disputa-eleitoral-turmalina","tag-divulgacao-de-candidaturas-2016","tag-divulgacao-de-candidaturas-eleicoes-2016","tag-divulgacao-de-candidaturas-eleicoes-2016-minas-gerais","tag-download-aplicativo-candidaturas-2016","tag-eleicoes-2016","tag-eleicoes-2016-minas-gerais","tag-eleicoes-2016-turmalina","tag-eleicoes-municipais-2016","tag-eleicoes-municipais-2016-divulgacao-de-candidaturas","tag-eleicoes-municipais-2016-em-turmalina","tag-eleicoes-municipais-2016-minas-gerais","tag-informacoes-detalhadas-sobre-todos-os-candidatos-de-2016","tag-informacoes-sobre-todos-os-candidatos","tag-informacoes-sobre-todos-os-candidatos-de-2016","tag-lista-candidaturas-eleicoes-2016","tag-lista-candidaturas-eleicoes-2016-minas-gerais","tag-lista-de-todos-os-candidatos-eleicoes-2016","tag-lista-de-todos-os-candidatos-eleicoes-2016-minas-gerais","tag-relacao-candidaturas-eleicoes-2016","tag-relacao-candidaturas-eleicoes-2016-minas-gerais","tag-relacao-de-todos-os-candidatos-eleicoes-2016","tag-relacao-de-todos-os-candidatos-eleicoes-2016-minas-gerais","tag-turmalina","tag-zailson-godinho-e-carlinhos-barbosa-registram-candidaturas-a-prefeito-de-turmalina"],"_links":{"self":[{"href":"https:\/\/aconteceunovale.com.br\/portal\/index.php?rest_route=\/wp\/v2\/posts\/94771","targetHints":{"allow":["GET"]}}],"collection":[{"href":"https:\/\/aconteceunovale.com.br\/portal\/index.php?rest_route=\/wp\/v2\/posts"}],"about":[{"href":"https:\/\/aconteceunovale.com.br\/portal\/index.php?rest_route=\/wp\/v2\/types\/post"}],"author":[{"embeddable":true,"href":"https:\/\/aconteceunovale.com.br\/portal\/index.php?rest_route=\/wp\/v2\/users\/1"}],"replies":[{"embeddable":true,"href":"https:\/\/aconteceunovale.com.br\/portal\/index.php?rest_route=%2Fwp%2Fv2%2Fcomments&post=94771"}],"version-history":[{"count":0,"href":"https:\/\/aconteceunovale.com.br\/portal\/index.php?rest_route=\/wp\/v2\/posts\/94771\/revisions"}],"wp:featuredmedia":[{"embeddable":true,"href":"https:\/\/aconteceunovale.com.br\/portal\/index.php?rest_route=\/wp\/v2\/media\/94772"}],"wp:attachment":[{"href":"https:\/\/aconteceunovale.com.br\/portal\/index.php?rest_route=%2Fwp%2Fv2%2Fmedia&parent=94771"}],"wp:term":[{"taxonomy":"category","embeddable":true,"href":"https:\/\/aconteceunovale.com.br\/portal\/index.php?rest_route=%2Fwp%2Fv2%2Fcategories&post=94771"},{"taxonomy":"post_tag","embeddable":true,"href":"https:\/\/aconteceunovale.com.br\/portal\/index.php?rest_route=%2Fwp%2Fv2%2Ftags&post=94771"}],"curies":[{"name":"wp","href":"https:\/\/api.w.org\/{rel}","templated":true}]}}