{"id":94550,"date":"2016-08-13T13:42:56","date_gmt":"2016-08-13T16:42:56","guid":{"rendered":"http:\/\/aconteceunovale.com.br\/portal\/?p=94550"},"modified":"2026-09-02T12:58:29","modified_gmt":"2026-09-02T15:58:29","slug":"miguel-veloso-e-ricardo-rocha-registram-candidaturas-a-prefeito-de-felicio-dos-santos","status":"publish","type":"post","link":"https:\/\/aconteceunovale.com.br\/portal\/?p=94550","title":{"rendered":"Miguel Veloso e Ricardo Rocha registram candidaturas a prefeito de Fel\u00edcio dos Santos"},"content":{"rendered":"<p>O atual prefeito Miguel Arcanjo Veloso e o servidor p\u00fablico estadual Ricardo Jos\u00e9 Rocha solicitaram o registro de suas candidaturas ao executivo de Fel\u00edcio dos Santos, no Vale do Jequitinhonha, para o per\u00edodo de 2017\/2020. <a href=\"http:\/\/aconteceunovale.com.br\/portal\/?p=93057\" target=\"_blank\"><font color=\"blue\">Os dados dos candidatos j\u00e1 foram inseridos no sistema de divulga\u00e7\u00e3o do Tribunal Superior Eleitoral (TSE)<\/font><\/a>.<\/p>\n<p>Miguel Veloso, que \u00e9 filiado ao Partido do Movimento Democr\u00e1tico Brasileiro (PMDB), disputar\u00e1 as elei\u00e7\u00f5es municipais pela coliga\u00e7\u00e3o &#8220;Juntos para governar com o povo&#8221;, composta pelos partidos PRB, PMDB e PT. Ele comp\u00f5e chapa com o servidor p\u00fablico municipal Ant\u00f4nio Jos\u00e9 Rosa, o Toezinho Andr\u00e9.<\/p>\n<p>J\u00e1 Ricardo Rocha, do Partido da Social Democracia Brasileira (PSDB), \u00e9 o cabe\u00e7a de chapa da coliga\u00e7\u00e3o &#8220;Por um Fel\u00edcio Melhor&#8221;, composta pelos partidos PSC, PR, PHS, PSDB e PEN. Luiz Lopes do Nascimento, o Luiz Expedito, \u00e9 o candidato vice-prefeito.<\/p>\n<p><img decoding=\"async\" src=\"http:\/\/aconteceunovale.com.br\/portal\/wp-content\/uploads\/2016\/08\/candidatos_felicio_dos_santos.jpg\" alt=\"\" \/><em>Miguel Veloso e Ricardo Rocha, candidatos a prefeito em Fel\u00edcio dos Santos (Foto: TSE)<\/em><br \/>\n<\/br><\/p>\n<h4><strong>Divulga\u00e7\u00e3o de candidatos<\/strong><\/h4>\n<p>O sistema de divulga\u00e7\u00e3o das Elei\u00e7\u00f5es Municipais 2016 apresenta informa\u00e7\u00f5es detalhadas sobre todos os candidatos que pediram registro \u00e0 Justi\u00e7a Eleitoral e sobra as suas contas eleitorais e as dos partidos pol\u00edticos. Confira todas as informa\u00e7\u00f5es sobre os candidatos no endere\u00e7o <strong><a href=\"http:\/\/aconteceunovale.com.br\/portal\/?p=93057\" target=\"_blank\"><font color=\"blue\">http:\/\/aconteceunovale.com.br\/portal\/?p=93057<\/font><\/a><\/strong>.<\/p>\n","protected":false},"excerpt":{"rendered":"<p>O atual prefeito Miguel Arcanjo Veloso e o servidor p\u00fablico estadual Ricardo Jos\u00e9 Rocha solicitaram o registro de suas candidaturas ao executivo de Fel\u00edcio dos Santos, no Vale do Jequitinhonha, para o per\u00edodo de 2017\/2020. Os dados dos candidatos j\u00e1 foram inseridos no sistema de divulga\u00e7\u00e3o do Tribunal Superior Eleitoral (TSE). Miguel Veloso, que \u00e9 [&hellip;]<\/p>\n","protected":false},"author":1,"featured_media":94551,"comment_status":"open","ping_status":"closed","sticky":false,"template":"","format":"standard","meta":{"amp_status":"","footnotes":""},"categories":[79927,272545,40240,120],"tags":[109048,110345,110347,107337,110346,107336,107342,107338,107339,107335,107341,107340,107334,107316,107325,107321,107331,110348,109046,107322,107332,107347,110349,107343,107315,107323,109047,59515,110350,107324,78864,107333,110351,107330,107344,107345,107346,107320,107329,107318,107327,110344,107319,107328,107317,107326],"class_list":["post-94550","post","type-post","status-publish","format-standard","has-post-thumbnail","hentry","category-eleicoes-2016-2","category-felicio-dos-santos","category-politica","category-jequi","tag-aplicativo-candidaturas-2016","tag-candidato-a-prefeito-de-felicio-dos-santos","tag-candidato-a-prefeito-eleicoes-2016-felicio-dos-santos","tag-candidatos-a-prefeito-de","tag-candidatos-a-prefeito-de-felicio-dos-santos","tag-candidatos-a-prefeito-eleicoes-2016","tag-candidatos-a-prefeito-eleicoes-municipais-2016","tag-candidatos-a-prefeito-em","tag-candidatos-a-vereador-de","tag-candidatos-a-vereador-eleicoes-2016","tag-candidatos-a-vereador-eleicoes-municipais-2016","tag-candidatos-a-vereador-em","tag-candidatos-a-vereador-em-2016","tag-candidatos-eleicoes-2016","tag-candidatos-eleicoes-2016-minas-gerais","tag-candidatos-eleicoes-municipais-2016","tag-candidatos-eleicoes-municipais-2016-minas-gerais","tag-candidatos-em-felicio-dos-santos","tag-candidaturas-2016","tag-candidaturas-eleicoes-municipais-2016","tag-candidaturas-eleicoes-municipais-2016-minas-gerais","tag-consultas-sobre-candidatos-2016","tag-disputa-eleitoral-felicio-dos-santos","tag-divulgacao-de-candidaturas-2016","tag-divulgacao-de-candidaturas-eleicoes-2016","tag-divulgacao-de-candidaturas-eleicoes-2016-minas-gerais","tag-download-aplicativo-candidaturas-2016","tag-eleicoes-2016","tag-eleicoes-2016-felicio-dos-santos","tag-eleicoes-2016-minas-gerais","tag-eleicoes-municipais-2016","tag-eleicoes-municipais-2016-divulgacao-de-candidaturas","tag-eleicoes-municipais-2016-em-felicio-dos-santos","tag-eleicoes-municipais-2016-minas-gerais","tag-informacoes-detalhadas-sobre-todos-os-candidatos-de-2016","tag-informacoes-sobre-todos-os-candidatos","tag-informacoes-sobre-todos-os-candidatos-de-2016","tag-lista-candidaturas-eleicoes-2016","tag-lista-candidaturas-eleicoes-2016-minas-gerais","tag-lista-de-todos-os-candidatos-eleicoes-2016","tag-lista-de-todos-os-candidatos-eleicoes-2016-minas-gerais","tag-miguel-veloso-e-ricardo-rocha-registram-candidaturas-a-prefeito-de-felicio-dos-santos","tag-relacao-candidaturas-eleicoes-2016","tag-relacao-candidaturas-eleicoes-2016-minas-gerais","tag-relacao-de-todos-os-candidatos-eleicoes-2016","tag-relacao-de-todos-os-candidatos-eleicoes-2016-minas-gerais"],"yoast_head":"<!-- This site is optimized with the Yoast SEO plugin v28.3 - https:\/\/yoast.com\/product\/yoast-seo-wordpress\/ -->\n<title>Miguel Veloso e Ricardo Rocha registram candidaturas a prefeito de Fel\u00edcio dos Santos - Aconteceu no Vale<\/title>\n<meta name=\"robots\" content=\"index, follow, max-snippet:-1, max-image-preview:large, max-video-preview:-1\" \/>\n<link rel=\"canonical\" href=\"https:\/\/aconteceunovale.com.br\/portal\/?p=94550\" \/>\n<meta property=\"og:locale\" content=\"pt_BR\" \/>\n<meta property=\"og:type\" content=\"article\" \/>\n<meta property=\"og:title\" content=\"Miguel Veloso e Ricardo Rocha registram candidaturas a prefeito de Fel\u00edcio dos Santos - Aconteceu no Vale\" \/>\n<meta property=\"og:description\" content=\"O atual prefeito Miguel Arcanjo Veloso e o servidor p\u00fablico estadual Ricardo Jos\u00e9 Rocha solicitaram o registro de suas candidaturas ao executivo de Fel\u00edcio dos Santos, no Vale do Jequitinhonha, para o per\u00edodo de 2017\/2020. Os dados dos candidatos j\u00e1 foram inseridos no sistema de divulga\u00e7\u00e3o do Tribunal Superior Eleitoral (TSE). Miguel Veloso, que \u00e9 [&hellip;]\" \/>\n<meta property=\"og:url\" content=\"https:\/\/aconteceunovale.com.br\/portal\/?p=94550\" \/>\n<meta property=\"og:site_name\" content=\"Aconteceu no Vale\" \/>\n<meta property=\"article:publisher\" content=\"https:\/\/www.facebook.com\/aconteceunovale\/\" \/>\n<meta property=\"article:published_time\" content=\"2016-08-13T16:42:56+00:00\" \/>\n<meta property=\"article:modified_time\" content=\"2026-09-02T15:58:29+00:00\" \/>\n<meta property=\"og:image\" content=\"https:\/\/aconteceunovale.com.br\/portal\/wp-content\/uploads\/2016\/08\/candidatos_felicio_dos_santos.jpg\" \/>\n\t<meta property=\"og:image:width\" content=\"624\" \/>\n\t<meta property=\"og:image:height\" content=\"420\" \/>\n\t<meta property=\"og:image:type\" content=\"image\/jpeg\" \/>\n<meta name=\"author\" content=\"Aconteceu no Vale\" \/>\n<meta name=\"twitter:card\" content=\"summary_large_image\" \/>\n<meta name=\"twitter:creator\" content=\"@noticiadosvales\" \/>\n<meta name=\"twitter:site\" content=\"@noticiadosvales\" \/>\n<meta name=\"twitter:label1\" content=\"Escrito por\" \/>\n\t<meta name=\"twitter:data1\" content=\"Aconteceu no Vale\" \/>\n\t<meta name=\"twitter:label2\" content=\"Est. tempo de leitura\" \/>\n\t<meta name=\"twitter:data2\" content=\"1 minuto\" \/>\n<script type=\"application\/ld+json\" class=\"yoast-schema-graph\">{\"@context\":\"https:\\\/\\\/schema.org\",\"@graph\":[{\"@type\":\"Article\",\"@id\":\"https:\\\/\\\/aconteceunovale.com.br\\\/portal\\\/?p=94550#article\",\"isPartOf\":{\"@id\":\"https:\\\/\\\/aconteceunovale.com.br\\\/portal\\\/?p=94550\"},\"author\":{\"name\":\"Aconteceu no Vale\",\"@id\":\"https:\\\/\\\/aconteceunovale.com.br\\\/portal\\\/#\\\/schema\\\/person\\\/633529146f2c94272bef50ac2953d589\"},\"headline\":\"Miguel Veloso e Ricardo Rocha registram candidaturas a prefeito de Fel\u00edcio dos Santos\",\"datePublished\":\"2016-08-13T16:42:56+00:00\",\"dateModified\":\"2026-09-02T15:58:29+00:00\",\"mainEntityOfPage\":{\"@id\":\"https:\\\/\\\/aconteceunovale.com.br\\\/portal\\\/?p=94550\"},\"wordCount\":231,\"commentCount\":0,\"image\":{\"@id\":\"https:\\\/\\\/aconteceunovale.com.br\\\/portal\\\/?p=94550#primaryimage\"},\"thumbnailUrl\":\"https:\\\/\\\/aconteceunovale.com.br\\\/portal\\\/wp-content\\\/uploads\\\/2016\\\/08\\\/candidatos_felicio_dos_santos.jpg\",\"keywords\":[\"Aplicativo Candidaturas 2016\",\"Candidato a prefeito de Fel\u00edcio dos Santos\",\"Candidato a prefeito elei\u00e7\u00f5es 2016 Fel\u00edcio dos Santos\",\"Candidatos a prefeito de\",\"Candidatos a prefeito de Fel\u00edcio dos Santos\",\"Candidatos a prefeito Elei\u00e7\u00f5es 2016\",\"Candidatos a prefeito Elei\u00e7\u00f5es Municipais 2016\",\"Candidatos a prefeito em\",\"Candidatos a vereador de\",\"Candidatos a vereador Elei\u00e7\u00f5es 2016\",\"Candidatos a vereador Elei\u00e7\u00f5es Municipais 2016\",\"Candidatos a vereador em\",\"candidatos a vereador em 2016\",\"Candidatos Elei\u00e7\u00f5es 2016\",\"Candidatos Elei\u00e7\u00f5es 2016 Minas Gerais\",\"Candidatos Elei\u00e7\u00f5es Municipais 2016\",\"Candidatos Elei\u00e7\u00f5es Municipais 2016 Minas Gerais\",\"Candidatos em Fel\u00edcio dos Santos\",\"Candidaturas 2016\",\"Candidaturas Elei\u00e7\u00f5es Municipais 2016\",\"Candidaturas Elei\u00e7\u00f5es Municipais 2016 Minas Gerais\",\"Consultas sobre candidatos 2016\",\"Disputa eleitoral Fel\u00edcio dos Santos\",\"Divulga\u00e7\u00e3o de Candidaturas 2016\",\"Divulga\u00e7\u00e3o de Candidaturas Elei\u00e7\u00f5es 2016\",\"Divulga\u00e7\u00e3o de Candidaturas Elei\u00e7\u00f5es 2016 Minas Gerais\",\"Download Aplicativo Candidaturas 2016\",\"elei\u00e7\u00f5es 2016\",\"Elei\u00e7\u00f5es 2016 Fel\u00edcio dos Santos\",\"Elei\u00e7\u00f5es 2016 Minas Gerais\",\"elei\u00e7\u00f5es municipais 2016\",\"Elei\u00e7\u00f5es Municipais 2016 Divulga\u00e7\u00e3o de Candidaturas\",\"Elei\u00e7\u00f5es municipais 2016 em Fel\u00edcio dos Santos\",\"Elei\u00e7\u00f5es Municipais 2016 Minas Gerais\",\"informa\u00e7\u00f5es detalhadas sobre todos os candidatos de 2016\",\"informa\u00e7\u00f5es sobre todos os candidatos\",\"informa\u00e7\u00f5es sobre todos os candidatos de 2016\",\"Lista candidaturas Elei\u00e7\u00f5es 2016\",\"Lista candidaturas Elei\u00e7\u00f5es 2016 Minas Gerais\",\"Lista de todos os candidatos Elei\u00e7\u00f5es 2016\",\"Lista de todos os candidatos Elei\u00e7\u00f5es 2016 Minas Gerais\",\"Miguel Veloso e Ricardo Rocha registram candidaturas a prefeito de Fel\u00edcio dos Santos\",\"Rela\u00e7\u00e3o candidaturas Elei\u00e7\u00f5es 2016\",\"Rela\u00e7\u00e3o candidaturas Elei\u00e7\u00f5es 2016 Minas Gerais\",\"Rela\u00e7\u00e3o de todos os candidatos Elei\u00e7\u00f5es 2016\",\"Rela\u00e7\u00e3o de todos os candidatos Elei\u00e7\u00f5es 2016 Minas Gerais\"],\"articleSection\":[\"Elei\u00e7\u00f5es 2016\",\"Fel\u00edcio dos Santos\",\"Pol\u00edtica\",\"Vale do Jequitinhonha\"],\"inLanguage\":\"pt-BR\",\"potentialAction\":[{\"@type\":\"CommentAction\",\"name\":\"Comment\",\"target\":[\"https:\\\/\\\/aconteceunovale.com.br\\\/portal\\\/?p=94550#respond\"]}]},{\"@type\":\"WebPage\",\"@id\":\"https:\\\/\\\/aconteceunovale.com.br\\\/portal\\\/?p=94550\",\"url\":\"https:\\\/\\\/aconteceunovale.com.br\\\/portal\\\/?p=94550\",\"name\":\"Miguel Veloso e Ricardo Rocha registram candidaturas a prefeito de Fel\u00edcio dos Santos - Aconteceu no Vale\",\"isPartOf\":{\"@id\":\"https:\\\/\\\/aconteceunovale.com.br\\\/portal\\\/#website\"},\"primaryImageOfPage\":{\"@id\":\"https:\\\/\\\/aconteceunovale.com.br\\\/portal\\\/?p=94550#primaryimage\"},\"image\":{\"@id\":\"https:\\\/\\\/aconteceunovale.com.br\\\/portal\\\/?p=94550#primaryimage\"},\"thumbnailUrl\":\"https:\\\/\\\/aconteceunovale.com.br\\\/portal\\\/wp-content\\\/uploads\\\/2016\\\/08\\\/candidatos_felicio_dos_santos.jpg\",\"datePublished\":\"2016-08-13T16:42:56+00:00\",\"dateModified\":\"2026-09-02T15:58:29+00:00\",\"author\":{\"@id\":\"https:\\\/\\\/aconteceunovale.com.br\\\/portal\\\/#\\\/schema\\\/person\\\/633529146f2c94272bef50ac2953d589\"},\"breadcrumb\":{\"@id\":\"https:\\\/\\\/aconteceunovale.com.br\\\/portal\\\/?p=94550#breadcrumb\"},\"inLanguage\":\"pt-BR\",\"potentialAction\":[{\"@type\":\"ReadAction\",\"target\":[\"https:\\\/\\\/aconteceunovale.com.br\\\/portal\\\/?p=94550\"]}]},{\"@type\":\"ImageObject\",\"inLanguage\":\"pt-BR\",\"@id\":\"https:\\\/\\\/aconteceunovale.com.br\\\/portal\\\/?p=94550#primaryimage\",\"url\":\"https:\\\/\\\/aconteceunovale.com.br\\\/portal\\\/wp-content\\\/uploads\\\/2016\\\/08\\\/candidatos_felicio_dos_santos.jpg\",\"contentUrl\":\"https:\\\/\\\/aconteceunovale.com.br\\\/portal\\\/wp-content\\\/uploads\\\/2016\\\/08\\\/candidatos_felicio_dos_santos.jpg\",\"width\":624,\"height\":420},{\"@type\":\"BreadcrumbList\",\"@id\":\"https:\\\/\\\/aconteceunovale.com.br\\\/portal\\\/?p=94550#breadcrumb\",\"itemListElement\":[{\"@type\":\"ListItem\",\"position\":1,\"name\":\"In\u00edcio\",\"item\":\"https:\\\/\\\/aconteceunovale.com.br\\\/portal\\\/\"},{\"@type\":\"ListItem\",\"position\":2,\"name\":\"Miguel Veloso e Ricardo Rocha registram candidaturas a prefeito de Fel\u00edcio dos Santos\"}]},{\"@type\":\"WebSite\",\"@id\":\"https:\\\/\\\/aconteceunovale.com.br\\\/portal\\\/#website\",\"url\":\"https:\\\/\\\/aconteceunovale.com.br\\\/portal\\\/\",\"name\":\"Aconteceu no Vale\",\"description\":\"Portal de Not\u00edcias\",\"potentialAction\":[{\"@type\":\"SearchAction\",\"target\":{\"@type\":\"EntryPoint\",\"urlTemplate\":\"https:\\\/\\\/aconteceunovale.com.br\\\/portal\\\/?s={search_term_string}\"},\"query-input\":{\"@type\":\"PropertyValueSpecification\",\"valueRequired\":true,\"valueName\":\"search_term_string\"}}],\"inLanguage\":\"pt-BR\"},{\"@type\":\"Person\",\"@id\":\"https:\\\/\\\/aconteceunovale.com.br\\\/portal\\\/#\\\/schema\\\/person\\\/633529146f2c94272bef50ac2953d589\",\"name\":\"Aconteceu no Vale\",\"description\":\"Equipe de reportagem do Aconteceu no Vale, portal de not\u00edcias do Vale do Jequitinhonha, em Minas Gerais. Cobrimos as 51 cidades do Vale desde 2013. Sugest\u00f5es de pauta e pedidos de corre\u00e7\u00e3o: contato@aconteceunovale.com.br\",\"sameAs\":[\"http:\\\/\\\/www.aconteceunovale.com.br\"],\"url\":\"https:\\\/\\\/aconteceunovale.com.br\\\/portal\\\/?author=1\"}]}<\/script>\n<!-- \/ Yoast SEO plugin. -->","yoast_head_json":{"title":"Miguel Veloso e Ricardo Rocha registram candidaturas a prefeito de Fel\u00edcio dos Santos - Aconteceu no Vale","robots":{"index":"index","follow":"follow","max-snippet":"max-snippet:-1","max-image-preview":"max-image-preview:large","max-video-preview":"max-video-preview:-1"},"canonical":"https:\/\/aconteceunovale.com.br\/portal\/?p=94550","og_locale":"pt_BR","og_type":"article","og_title":"Miguel Veloso e Ricardo Rocha registram candidaturas a prefeito de Fel\u00edcio dos Santos - Aconteceu no Vale","og_description":"O atual prefeito Miguel Arcanjo Veloso e o servidor p\u00fablico estadual Ricardo Jos\u00e9 Rocha solicitaram o registro de suas candidaturas ao executivo de Fel\u00edcio dos Santos, no Vale do Jequitinhonha, para o per\u00edodo de 2017\/2020. Os dados dos candidatos j\u00e1 foram inseridos no sistema de divulga\u00e7\u00e3o do Tribunal Superior Eleitoral (TSE). Miguel Veloso, que \u00e9 [&hellip;]","og_url":"https:\/\/aconteceunovale.com.br\/portal\/?p=94550","og_site_name":"Aconteceu no Vale","article_publisher":"https:\/\/www.facebook.com\/aconteceunovale\/","article_published_time":"2016-08-13T16:42:56+00:00","article_modified_time":"2026-09-02T15:58:29+00:00","og_image":[{"width":624,"height":420,"url":"https:\/\/aconteceunovale.com.br\/portal\/wp-content\/uploads\/2016\/08\/candidatos_felicio_dos_santos.jpg","type":"image\/jpeg"}],"author":"Aconteceu no Vale","twitter_card":"summary_large_image","twitter_creator":"@noticiadosvales","twitter_site":"@noticiadosvales","twitter_misc":{"Escrito por":"Aconteceu no Vale","Est. tempo de leitura":"1 minuto"},"schema":{"@context":"https:\/\/schema.org","@graph":[{"@type":"Article","@id":"https:\/\/aconteceunovale.com.br\/portal\/?p=94550#article","isPartOf":{"@id":"https:\/\/aconteceunovale.com.br\/portal\/?p=94550"},"author":{"name":"Aconteceu no Vale","@id":"https:\/\/aconteceunovale.com.br\/portal\/#\/schema\/person\/633529146f2c94272bef50ac2953d589"},"headline":"Miguel Veloso e Ricardo Rocha registram candidaturas a prefeito de Fel\u00edcio dos Santos","datePublished":"2016-08-13T16:42:56+00:00","dateModified":"2026-09-02T15:58:29+00:00","mainEntityOfPage":{"@id":"https:\/\/aconteceunovale.com.br\/portal\/?p=94550"},"wordCount":231,"commentCount":0,"image":{"@id":"https:\/\/aconteceunovale.com.br\/portal\/?p=94550#primaryimage"},"thumbnailUrl":"https:\/\/aconteceunovale.com.br\/portal\/wp-content\/uploads\/2016\/08\/candidatos_felicio_dos_santos.jpg","keywords":["Aplicativo Candidaturas 2016","Candidato a prefeito de Fel\u00edcio dos Santos","Candidato a prefeito elei\u00e7\u00f5es 2016 Fel\u00edcio dos Santos","Candidatos a prefeito de","Candidatos a prefeito de Fel\u00edcio dos Santos","Candidatos a prefeito Elei\u00e7\u00f5es 2016","Candidatos a prefeito Elei\u00e7\u00f5es Municipais 2016","Candidatos a prefeito em","Candidatos a vereador de","Candidatos a vereador Elei\u00e7\u00f5es 2016","Candidatos a vereador Elei\u00e7\u00f5es Municipais 2016","Candidatos a vereador em","candidatos a vereador em 2016","Candidatos Elei\u00e7\u00f5es 2016","Candidatos Elei\u00e7\u00f5es 2016 Minas Gerais","Candidatos Elei\u00e7\u00f5es Municipais 2016","Candidatos Elei\u00e7\u00f5es Municipais 2016 Minas Gerais","Candidatos em Fel\u00edcio dos Santos","Candidaturas 2016","Candidaturas Elei\u00e7\u00f5es Municipais 2016","Candidaturas Elei\u00e7\u00f5es Municipais 2016 Minas Gerais","Consultas sobre candidatos 2016","Disputa eleitoral Fel\u00edcio dos Santos","Divulga\u00e7\u00e3o de Candidaturas 2016","Divulga\u00e7\u00e3o de Candidaturas Elei\u00e7\u00f5es 2016","Divulga\u00e7\u00e3o de Candidaturas Elei\u00e7\u00f5es 2016 Minas Gerais","Download Aplicativo Candidaturas 2016","elei\u00e7\u00f5es 2016","Elei\u00e7\u00f5es 2016 Fel\u00edcio dos Santos","Elei\u00e7\u00f5es 2016 Minas Gerais","elei\u00e7\u00f5es municipais 2016","Elei\u00e7\u00f5es Municipais 2016 Divulga\u00e7\u00e3o de Candidaturas","Elei\u00e7\u00f5es municipais 2016 em Fel\u00edcio dos Santos","Elei\u00e7\u00f5es Municipais 2016 Minas Gerais","informa\u00e7\u00f5es detalhadas sobre todos os candidatos de 2016","informa\u00e7\u00f5es sobre todos os candidatos","informa\u00e7\u00f5es sobre todos os candidatos de 2016","Lista candidaturas Elei\u00e7\u00f5es 2016","Lista candidaturas Elei\u00e7\u00f5es 2016 Minas Gerais","Lista de todos os candidatos Elei\u00e7\u00f5es 2016","Lista de todos os candidatos Elei\u00e7\u00f5es 2016 Minas Gerais","Miguel Veloso e Ricardo Rocha registram candidaturas a prefeito de Fel\u00edcio dos Santos","Rela\u00e7\u00e3o candidaturas Elei\u00e7\u00f5es 2016","Rela\u00e7\u00e3o candidaturas Elei\u00e7\u00f5es 2016 Minas Gerais","Rela\u00e7\u00e3o de todos os candidatos Elei\u00e7\u00f5es 2016","Rela\u00e7\u00e3o de todos os candidatos Elei\u00e7\u00f5es 2016 Minas Gerais"],"articleSection":["Elei\u00e7\u00f5es 2016","Fel\u00edcio dos Santos","Pol\u00edtica","Vale do Jequitinhonha"],"inLanguage":"pt-BR","potentialAction":[{"@type":"CommentAction","name":"Comment","target":["https:\/\/aconteceunovale.com.br\/portal\/?p=94550#respond"]}]},{"@type":"WebPage","@id":"https:\/\/aconteceunovale.com.br\/portal\/?p=94550","url":"https:\/\/aconteceunovale.com.br\/portal\/?p=94550","name":"Miguel Veloso e Ricardo Rocha registram candidaturas a prefeito de Fel\u00edcio dos Santos - Aconteceu no Vale","isPartOf":{"@id":"https:\/\/aconteceunovale.com.br\/portal\/#website"},"primaryImageOfPage":{"@id":"https:\/\/aconteceunovale.com.br\/portal\/?p=94550#primaryimage"},"image":{"@id":"https:\/\/aconteceunovale.com.br\/portal\/?p=94550#primaryimage"},"thumbnailUrl":"https:\/\/aconteceunovale.com.br\/portal\/wp-content\/uploads\/2016\/08\/candidatos_felicio_dos_santos.jpg","datePublished":"2016-08-13T16:42:56+00:00","dateModified":"2026-09-02T15:58:29+00:00","author":{"@id":"https:\/\/aconteceunovale.com.br\/portal\/#\/schema\/person\/633529146f2c94272bef50ac2953d589"},"breadcrumb":{"@id":"https:\/\/aconteceunovale.com.br\/portal\/?p=94550#breadcrumb"},"inLanguage":"pt-BR","potentialAction":[{"@type":"ReadAction","target":["https:\/\/aconteceunovale.com.br\/portal\/?p=94550"]}]},{"@type":"ImageObject","inLanguage":"pt-BR","@id":"https:\/\/aconteceunovale.com.br\/portal\/?p=94550#primaryimage","url":"https:\/\/aconteceunovale.com.br\/portal\/wp-content\/uploads\/2016\/08\/candidatos_felicio_dos_santos.jpg","contentUrl":"https:\/\/aconteceunovale.com.br\/portal\/wp-content\/uploads\/2016\/08\/candidatos_felicio_dos_santos.jpg","width":624,"height":420},{"@type":"BreadcrumbList","@id":"https:\/\/aconteceunovale.com.br\/portal\/?p=94550#breadcrumb","itemListElement":[{"@type":"ListItem","position":1,"name":"In\u00edcio","item":"https:\/\/aconteceunovale.com.br\/portal\/"},{"@type":"ListItem","position":2,"name":"Miguel Veloso e Ricardo Rocha registram candidaturas a prefeito de Fel\u00edcio dos Santos"}]},{"@type":"WebSite","@id":"https:\/\/aconteceunovale.com.br\/portal\/#website","url":"https:\/\/aconteceunovale.com.br\/portal\/","name":"Aconteceu no Vale","description":"Portal de Not\u00edcias","potentialAction":[{"@type":"SearchAction","target":{"@type":"EntryPoint","urlTemplate":"https:\/\/aconteceunovale.com.br\/portal\/?s={search_term_string}"},"query-input":{"@type":"PropertyValueSpecification","valueRequired":true,"valueName":"search_term_string"}}],"inLanguage":"pt-BR"},{"@type":"Person","@id":"https:\/\/aconteceunovale.com.br\/portal\/#\/schema\/person\/633529146f2c94272bef50ac2953d589","name":"Aconteceu no Vale","description":"Equipe de reportagem do Aconteceu no Vale, portal de not\u00edcias do Vale do Jequitinhonha, em Minas Gerais. Cobrimos as 51 cidades do Vale desde 2013. Sugest\u00f5es de pauta e pedidos de corre\u00e7\u00e3o: contato@aconteceunovale.com.br","sameAs":["http:\/\/www.aconteceunovale.com.br"],"url":"https:\/\/aconteceunovale.com.br\/portal\/?author=1"}]}},"_links":{"self":[{"href":"https:\/\/aconteceunovale.com.br\/portal\/index.php?rest_route=\/wp\/v2\/posts\/94550","targetHints":{"allow":["GET"]}}],"collection":[{"href":"https:\/\/aconteceunovale.com.br\/portal\/index.php?rest_route=\/wp\/v2\/posts"}],"about":[{"href":"https:\/\/aconteceunovale.com.br\/portal\/index.php?rest_route=\/wp\/v2\/types\/post"}],"author":[{"embeddable":true,"href":"https:\/\/aconteceunovale.com.br\/portal\/index.php?rest_route=\/wp\/v2\/users\/1"}],"replies":[{"embeddable":true,"href":"https:\/\/aconteceunovale.com.br\/portal\/index.php?rest_route=%2Fwp%2Fv2%2Fcomments&post=94550"}],"version-history":[{"count":1,"href":"https:\/\/aconteceunovale.com.br\/portal\/index.php?rest_route=\/wp\/v2\/posts\/94550\/revisions"}],"predecessor-version":[{"id":200673,"href":"https:\/\/aconteceunovale.com.br\/portal\/index.php?rest_route=\/wp\/v2\/posts\/94550\/revisions\/200673"}],"wp:featuredmedia":[{"embeddable":true,"href":"https:\/\/aconteceunovale.com.br\/portal\/index.php?rest_route=\/wp\/v2\/media\/94551"}],"wp:attachment":[{"href":"https:\/\/aconteceunovale.com.br\/portal\/index.php?rest_route=%2Fwp%2Fv2%2Fmedia&parent=94550"}],"wp:term":[{"taxonomy":"category","embeddable":true,"href":"https:\/\/aconteceunovale.com.br\/portal\/index.php?rest_route=%2Fwp%2Fv2%2Fcategories&post=94550"},{"taxonomy":"post_tag","embeddable":true,"href":"https:\/\/aconteceunovale.com.br\/portal\/index.php?rest_route=%2Fwp%2Fv2%2Ftags&post=94550"}],"curies":[{"name":"wp","href":"https:\/\/api.w.org\/{rel}","templated":true}]}}