{"id":94547,"date":"2016-08-13T13:29:50","date_gmt":"2016-08-13T16:29:50","guid":{"rendered":"http:\/\/aconteceunovale.com.br\/portal\/?p=94547"},"modified":"2026-09-02T12:51:39","modified_gmt":"2026-09-02T15:51:39","slug":"juscelino-roque-luiz-henrique-e-mauricio-maia-registram-candidaturas-a-prefeito-de-diamantina","status":"publish","type":"post","link":"https:\/\/aconteceunovale.com.br\/portal\/?p=94547","title":{"rendered":"Juscelino Roque, Luiz Henrique e Maur\u00edcio Maia registram candidaturas a prefeito de Diamantina"},"content":{"rendered":"<p>O empres\u00e1rio Juscelino Brasiliano Roque, o odont\u00f3logo Luiz Henrique Maia Santiago e o empres\u00e1rio Maur\u00edcio Paix\u00e3o Maia solicitaram o registro de suas candidaturas ao executivo de Diamantina, no Vale do Jequitinhonha, para o per\u00edodo de 2017\/2020. <a href=\"http:\/\/aconteceunovale.com.br\/portal\/?p=93057\" target=\"_blank\"><font color=\"blue\">Os dados dos candidatos j\u00e1 foram inseridos no sistema de divulga\u00e7\u00e3o do Tribunal Superior Eleitoral (TSE)<\/font><\/a>.<\/p>\n<p>Juscelino Roque, que \u00e9 filiado ao Partido do Movimento Democr\u00e1tico Brasileiro (PMDB), disputar\u00e1 as elei\u00e7\u00f5es municipais pela coliga\u00e7\u00e3o &#8220;Diamantina Rumo ao Progresso&#8221;, composta pelos partidos PMDB, PRTB, PR, PC do B, PPL, PSDC e PSD. O empres\u00e1rio Adauto Genezio Lopes, o Adautinho, \u00e9 o candidato a vice-prefeito.<\/p>\n<p>Luiz Henrique, do Partido da Social Democracia Brasileira (PSDB), representa a coliga\u00e7\u00e3o &#8220;F\u00e9 e Trabalho&#8221;, composta pelos partidos PSDB, DEM, PP, PPS, PTB e PROS. Ele comp\u00f5e chapa com C\u00e1ssio Ant\u00f4nio Moreira.<\/p>\n<p>J\u00e1 Maur\u00edcio Maia, do partido Solidariedade (SD), \u00e9 o cabe\u00e7a de chapa da coliga\u00e7\u00e3o &#8220;Juntos somos mais&#8221;, composta pelos partidos SD, PHS, PTC, PSB, PT, PDT e PRB. A m\u00e9dica Maria Zilmar de Medeiros Quirino, a Dra. Zilmar (SD) \u00e9 candidata \u00e0 vice-prefeita.<\/p>\n<p><img decoding=\"async\" src=\"http:\/\/aconteceunovale.com.br\/portal\/wp-content\/uploads\/2016\/08\/candidatos_diamantina.jpg\" alt=\"\" \/><em>Os candidatos Juscelino Roque, Luiz Henrique e Maur\u00edcio Maia (Foto: Divulga\u00e7\u00e3o\/TSE)<\/em><br \/>\n<\/br><\/p>\n<h4><strong>Divulga\u00e7\u00e3o de candidatos<\/strong><\/h4>\n<p>O sistema de divulga\u00e7\u00e3o das Elei\u00e7\u00f5es Municipais 2016 apresenta informa\u00e7\u00f5es detalhadas sobre todos os candidatos que pediram registro \u00e0 Justi\u00e7a Eleitoral e sobra as suas contas eleitorais e as dos partidos pol\u00edticos. Confira todas as informa\u00e7\u00f5es sobre os candidatos no endere\u00e7o <strong><a href=\"http:\/\/aconteceunovale.com.br\/portal\/?p=93057\" target=\"_blank\"><font color=\"blue\">http:\/\/aconteceunovale.com.br\/portal\/?p=93057<\/font><\/a><\/strong>.<\/p>\n","protected":false},"excerpt":{"rendered":"<p>O empres\u00e1rio Juscelino Brasiliano Roque, o odont\u00f3logo Luiz Henrique Maia Santiago e o empres\u00e1rio Maur\u00edcio Paix\u00e3o Maia solicitaram o registro de suas candidaturas ao executivo de Diamantina, no Vale do Jequitinhonha, para o per\u00edodo de 2017\/2020. Os dados dos candidatos j\u00e1 foram inseridos no sistema de divulga\u00e7\u00e3o do Tribunal Superior Eleitoral (TSE). Juscelino Roque, que [&hellip;]<\/p>\n","protected":false},"author":1,"featured_media":94548,"comment_status":"open","ping_status":"closed","sticky":false,"template":"","format":"standard","meta":{"amp_status":"","footnotes":""},"categories":[272543,79927,40240,120],"tags":[109048,110337,110339,107337,110338,107336,107342,107338,107339,107335,107341,107340,107334,107316,107325,107321,107331,110340,109046,107322,107332,107347,110341,107343,107315,107323,109047,59515,110342,107324,78864,107333,110343,107330,107344,107345,107346,110336,107320,107329,107318,107327,107319,107328,107317,107326],"class_list":["post-94547","post","type-post","status-publish","format-standard","has-post-thumbnail","hentry","category-diamantina","category-eleicoes-2016-2","category-politica","category-jequi","tag-aplicativo-candidaturas-2016","tag-candidato-a-prefeito-de-diamantina","tag-candidato-a-prefeito-eleicoes-2016-diamantina","tag-candidatos-a-prefeito-de","tag-candidatos-a-prefeito-de-diamantina","tag-candidatos-a-prefeito-eleicoes-2016","tag-candidatos-a-prefeito-eleicoes-municipais-2016","tag-candidatos-a-prefeito-em","tag-candidatos-a-vereador-de","tag-candidatos-a-vereador-eleicoes-2016","tag-candidatos-a-vereador-eleicoes-municipais-2016","tag-candidatos-a-vereador-em","tag-candidatos-a-vereador-em-2016","tag-candidatos-eleicoes-2016","tag-candidatos-eleicoes-2016-minas-gerais","tag-candidatos-eleicoes-municipais-2016","tag-candidatos-eleicoes-municipais-2016-minas-gerais","tag-candidatos-em-diamantina","tag-candidaturas-2016","tag-candidaturas-eleicoes-municipais-2016","tag-candidaturas-eleicoes-municipais-2016-minas-gerais","tag-consultas-sobre-candidatos-2016","tag-disputa-eleitoral-diamantina","tag-divulgacao-de-candidaturas-2016","tag-divulgacao-de-candidaturas-eleicoes-2016","tag-divulgacao-de-candidaturas-eleicoes-2016-minas-gerais","tag-download-aplicativo-candidaturas-2016","tag-eleicoes-2016","tag-eleicoes-2016-diamantina","tag-eleicoes-2016-minas-gerais","tag-eleicoes-municipais-2016","tag-eleicoes-municipais-2016-divulgacao-de-candidaturas","tag-eleicoes-municipais-2016-em-diamantina","tag-eleicoes-municipais-2016-minas-gerais","tag-informacoes-detalhadas-sobre-todos-os-candidatos-de-2016","tag-informacoes-sobre-todos-os-candidatos","tag-informacoes-sobre-todos-os-candidatos-de-2016","tag-juscelino-roque-luiz-henrique-e-mauricio-maia-registram-candidaturas-a-prefeito-de-diamantina","tag-lista-candidaturas-eleicoes-2016","tag-lista-candidaturas-eleicoes-2016-minas-gerais","tag-lista-de-todos-os-candidatos-eleicoes-2016","tag-lista-de-todos-os-candidatos-eleicoes-2016-minas-gerais","tag-relacao-candidaturas-eleicoes-2016","tag-relacao-candidaturas-eleicoes-2016-minas-gerais","tag-relacao-de-todos-os-candidatos-eleicoes-2016","tag-relacao-de-todos-os-candidatos-eleicoes-2016-minas-gerais"],"yoast_head":"<!-- This site is optimized with the Yoast SEO plugin v28.3 - https:\/\/yoast.com\/product\/yoast-seo-wordpress\/ -->\n<title>Juscelino Roque, Luiz Henrique e Maur\u00edcio Maia registram candidaturas a prefeito de Diamantina - Aconteceu no Vale<\/title>\n<meta name=\"robots\" content=\"index, follow, max-snippet:-1, max-image-preview:large, max-video-preview:-1\" \/>\n<link rel=\"canonical\" href=\"https:\/\/aconteceunovale.com.br\/portal\/?p=94547\" \/>\n<meta property=\"og:locale\" content=\"pt_BR\" \/>\n<meta property=\"og:type\" content=\"article\" \/>\n<meta property=\"og:title\" content=\"Juscelino Roque, Luiz Henrique e Maur\u00edcio Maia registram candidaturas a prefeito de Diamantina - Aconteceu no Vale\" \/>\n<meta property=\"og:description\" content=\"O empres\u00e1rio Juscelino Brasiliano Roque, o odont\u00f3logo Luiz Henrique Maia Santiago e o empres\u00e1rio Maur\u00edcio Paix\u00e3o Maia solicitaram o registro de suas candidaturas ao executivo de Diamantina, no Vale do Jequitinhonha, para o per\u00edodo de 2017\/2020. Os dados dos candidatos j\u00e1 foram inseridos no sistema de divulga\u00e7\u00e3o do Tribunal Superior Eleitoral (TSE). Juscelino Roque, que [&hellip;]\" \/>\n<meta property=\"og:url\" content=\"https:\/\/aconteceunovale.com.br\/portal\/?p=94547\" \/>\n<meta property=\"og:site_name\" content=\"Aconteceu no Vale\" \/>\n<meta property=\"article:publisher\" content=\"https:\/\/www.facebook.com\/aconteceunovale\/\" \/>\n<meta property=\"article:published_time\" content=\"2016-08-13T16:29:50+00:00\" \/>\n<meta property=\"article:modified_time\" content=\"2026-09-02T15:51:39+00:00\" \/>\n<meta property=\"og:image\" content=\"https:\/\/aconteceunovale.com.br\/portal\/wp-content\/uploads\/2016\/08\/candidatos_diamantina.jpg\" \/>\n\t<meta property=\"og:image:width\" content=\"678\" \/>\n\t<meta property=\"og:image:height\" content=\"308\" \/>\n\t<meta property=\"og:image:type\" content=\"image\/jpeg\" \/>\n<meta name=\"author\" content=\"Aconteceu no Vale\" \/>\n<meta name=\"twitter:card\" content=\"summary_large_image\" \/>\n<meta name=\"twitter:creator\" content=\"@noticiadosvales\" \/>\n<meta name=\"twitter:site\" content=\"@noticiadosvales\" \/>\n<meta name=\"twitter:label1\" content=\"Escrito por\" \/>\n\t<meta name=\"twitter:data1\" content=\"Aconteceu no Vale\" \/>\n\t<meta name=\"twitter:label2\" content=\"Est. tempo de leitura\" \/>\n\t<meta name=\"twitter:data2\" content=\"1 minuto\" \/>\n<script type=\"application\/ld+json\" class=\"yoast-schema-graph\">{\"@context\":\"https:\\\/\\\/schema.org\",\"@graph\":[{\"@type\":\"Article\",\"@id\":\"https:\\\/\\\/aconteceunovale.com.br\\\/portal\\\/?p=94547#article\",\"isPartOf\":{\"@id\":\"https:\\\/\\\/aconteceunovale.com.br\\\/portal\\\/?p=94547\"},\"author\":{\"name\":\"Aconteceu no Vale\",\"@id\":\"https:\\\/\\\/aconteceunovale.com.br\\\/portal\\\/#\\\/schema\\\/person\\\/633529146f2c94272bef50ac2953d589\"},\"headline\":\"Juscelino Roque, Luiz Henrique e Maur\u00edcio Maia registram candidaturas a prefeito de Diamantina\",\"datePublished\":\"2016-08-13T16:29:50+00:00\",\"dateModified\":\"2026-09-02T15:51:39+00:00\",\"mainEntityOfPage\":{\"@id\":\"https:\\\/\\\/aconteceunovale.com.br\\\/portal\\\/?p=94547\"},\"wordCount\":271,\"commentCount\":1,\"image\":{\"@id\":\"https:\\\/\\\/aconteceunovale.com.br\\\/portal\\\/?p=94547#primaryimage\"},\"thumbnailUrl\":\"https:\\\/\\\/aconteceunovale.com.br\\\/portal\\\/wp-content\\\/uploads\\\/2016\\\/08\\\/candidatos_diamantina.jpg\",\"keywords\":[\"Aplicativo Candidaturas 2016\",\"Candidato a prefeito de Diamantina\",\"Candidato a prefeito elei\u00e7\u00f5es 2016 Diamantina\",\"Candidatos a prefeito de\",\"Candidatos a prefeito de Diamantina\",\"Candidatos a prefeito Elei\u00e7\u00f5es 2016\",\"Candidatos a prefeito Elei\u00e7\u00f5es Municipais 2016\",\"Candidatos a prefeito em\",\"Candidatos a vereador de\",\"Candidatos a vereador Elei\u00e7\u00f5es 2016\",\"Candidatos a vereador Elei\u00e7\u00f5es Municipais 2016\",\"Candidatos a vereador em\",\"candidatos a vereador em 2016\",\"Candidatos Elei\u00e7\u00f5es 2016\",\"Candidatos Elei\u00e7\u00f5es 2016 Minas Gerais\",\"Candidatos Elei\u00e7\u00f5es Municipais 2016\",\"Candidatos Elei\u00e7\u00f5es Municipais 2016 Minas Gerais\",\"Candidatos em Diamantina\",\"Candidaturas 2016\",\"Candidaturas Elei\u00e7\u00f5es Municipais 2016\",\"Candidaturas Elei\u00e7\u00f5es Municipais 2016 Minas Gerais\",\"Consultas sobre candidatos 2016\",\"Disputa eleitoral Diamantina\",\"Divulga\u00e7\u00e3o de Candidaturas 2016\",\"Divulga\u00e7\u00e3o de Candidaturas Elei\u00e7\u00f5es 2016\",\"Divulga\u00e7\u00e3o de Candidaturas Elei\u00e7\u00f5es 2016 Minas Gerais\",\"Download Aplicativo Candidaturas 2016\",\"elei\u00e7\u00f5es 2016\",\"Elei\u00e7\u00f5es 2016 Diamantina\",\"Elei\u00e7\u00f5es 2016 Minas Gerais\",\"elei\u00e7\u00f5es municipais 2016\",\"Elei\u00e7\u00f5es Municipais 2016 Divulga\u00e7\u00e3o de Candidaturas\",\"Elei\u00e7\u00f5es municipais 2016 em Diamantina\",\"Elei\u00e7\u00f5es Municipais 2016 Minas Gerais\",\"informa\u00e7\u00f5es detalhadas sobre todos os candidatos de 2016\",\"informa\u00e7\u00f5es sobre todos os candidatos\",\"informa\u00e7\u00f5es sobre todos os candidatos de 2016\",\"Juscelino Roque Luiz Henrique e Maur\u00edcio Maia registram candidaturas a prefeito de Diamantina\",\"Lista candidaturas Elei\u00e7\u00f5es 2016\",\"Lista candidaturas Elei\u00e7\u00f5es 2016 Minas Gerais\",\"Lista de todos os candidatos Elei\u00e7\u00f5es 2016\",\"Lista de todos os candidatos Elei\u00e7\u00f5es 2016 Minas Gerais\",\"Rela\u00e7\u00e3o candidaturas Elei\u00e7\u00f5es 2016\",\"Rela\u00e7\u00e3o candidaturas Elei\u00e7\u00f5es 2016 Minas Gerais\",\"Rela\u00e7\u00e3o de todos os candidatos Elei\u00e7\u00f5es 2016\",\"Rela\u00e7\u00e3o de todos os candidatos Elei\u00e7\u00f5es 2016 Minas Gerais\"],\"articleSection\":[\"Diamantina\",\"Elei\u00e7\u00f5es 2016\",\"Pol\u00edtica\",\"Vale do Jequitinhonha\"],\"inLanguage\":\"pt-BR\",\"potentialAction\":[{\"@type\":\"CommentAction\",\"name\":\"Comment\",\"target\":[\"https:\\\/\\\/aconteceunovale.com.br\\\/portal\\\/?p=94547#respond\"]}]},{\"@type\":\"WebPage\",\"@id\":\"https:\\\/\\\/aconteceunovale.com.br\\\/portal\\\/?p=94547\",\"url\":\"https:\\\/\\\/aconteceunovale.com.br\\\/portal\\\/?p=94547\",\"name\":\"Juscelino Roque, Luiz Henrique e Maur\u00edcio Maia registram candidaturas a prefeito de Diamantina - Aconteceu no Vale\",\"isPartOf\":{\"@id\":\"https:\\\/\\\/aconteceunovale.com.br\\\/portal\\\/#website\"},\"primaryImageOfPage\":{\"@id\":\"https:\\\/\\\/aconteceunovale.com.br\\\/portal\\\/?p=94547#primaryimage\"},\"image\":{\"@id\":\"https:\\\/\\\/aconteceunovale.com.br\\\/portal\\\/?p=94547#primaryimage\"},\"thumbnailUrl\":\"https:\\\/\\\/aconteceunovale.com.br\\\/portal\\\/wp-content\\\/uploads\\\/2016\\\/08\\\/candidatos_diamantina.jpg\",\"datePublished\":\"2016-08-13T16:29:50+00:00\",\"dateModified\":\"2026-09-02T15:51:39+00:00\",\"author\":{\"@id\":\"https:\\\/\\\/aconteceunovale.com.br\\\/portal\\\/#\\\/schema\\\/person\\\/633529146f2c94272bef50ac2953d589\"},\"breadcrumb\":{\"@id\":\"https:\\\/\\\/aconteceunovale.com.br\\\/portal\\\/?p=94547#breadcrumb\"},\"inLanguage\":\"pt-BR\",\"potentialAction\":[{\"@type\":\"ReadAction\",\"target\":[\"https:\\\/\\\/aconteceunovale.com.br\\\/portal\\\/?p=94547\"]}]},{\"@type\":\"ImageObject\",\"inLanguage\":\"pt-BR\",\"@id\":\"https:\\\/\\\/aconteceunovale.com.br\\\/portal\\\/?p=94547#primaryimage\",\"url\":\"https:\\\/\\\/aconteceunovale.com.br\\\/portal\\\/wp-content\\\/uploads\\\/2016\\\/08\\\/candidatos_diamantina.jpg\",\"contentUrl\":\"https:\\\/\\\/aconteceunovale.com.br\\\/portal\\\/wp-content\\\/uploads\\\/2016\\\/08\\\/candidatos_diamantina.jpg\",\"width\":678,\"height\":308},{\"@type\":\"BreadcrumbList\",\"@id\":\"https:\\\/\\\/aconteceunovale.com.br\\\/portal\\\/?p=94547#breadcrumb\",\"itemListElement\":[{\"@type\":\"ListItem\",\"position\":1,\"name\":\"In\u00edcio\",\"item\":\"https:\\\/\\\/aconteceunovale.com.br\\\/portal\\\/\"},{\"@type\":\"ListItem\",\"position\":2,\"name\":\"Juscelino Roque, Luiz Henrique e Maur\u00edcio Maia registram candidaturas a prefeito de Diamantina\"}]},{\"@type\":\"WebSite\",\"@id\":\"https:\\\/\\\/aconteceunovale.com.br\\\/portal\\\/#website\",\"url\":\"https:\\\/\\\/aconteceunovale.com.br\\\/portal\\\/\",\"name\":\"Aconteceu no Vale\",\"description\":\"Portal de Not\u00edcias\",\"potentialAction\":[{\"@type\":\"SearchAction\",\"target\":{\"@type\":\"EntryPoint\",\"urlTemplate\":\"https:\\\/\\\/aconteceunovale.com.br\\\/portal\\\/?s={search_term_string}\"},\"query-input\":{\"@type\":\"PropertyValueSpecification\",\"valueRequired\":true,\"valueName\":\"search_term_string\"}}],\"inLanguage\":\"pt-BR\"},{\"@type\":\"Person\",\"@id\":\"https:\\\/\\\/aconteceunovale.com.br\\\/portal\\\/#\\\/schema\\\/person\\\/633529146f2c94272bef50ac2953d589\",\"name\":\"Aconteceu no Vale\",\"description\":\"Equipe de reportagem do Aconteceu no Vale, portal de not\u00edcias do Vale do Jequitinhonha, em Minas Gerais. Cobrimos as 51 cidades do Vale desde 2013. Sugest\u00f5es de pauta e pedidos de corre\u00e7\u00e3o: contato@aconteceunovale.com.br\",\"sameAs\":[\"http:\\\/\\\/www.aconteceunovale.com.br\"],\"url\":\"https:\\\/\\\/aconteceunovale.com.br\\\/portal\\\/?author=1\"}]}<\/script>\n<!-- \/ Yoast SEO plugin. -->","yoast_head_json":{"title":"Juscelino Roque, Luiz Henrique e Maur\u00edcio Maia registram candidaturas a prefeito de Diamantina - Aconteceu no Vale","robots":{"index":"index","follow":"follow","max-snippet":"max-snippet:-1","max-image-preview":"max-image-preview:large","max-video-preview":"max-video-preview:-1"},"canonical":"https:\/\/aconteceunovale.com.br\/portal\/?p=94547","og_locale":"pt_BR","og_type":"article","og_title":"Juscelino Roque, Luiz Henrique e Maur\u00edcio Maia registram candidaturas a prefeito de Diamantina - Aconteceu no Vale","og_description":"O empres\u00e1rio Juscelino Brasiliano Roque, o odont\u00f3logo Luiz Henrique Maia Santiago e o empres\u00e1rio Maur\u00edcio Paix\u00e3o Maia solicitaram o registro de suas candidaturas ao executivo de Diamantina, no Vale do Jequitinhonha, para o per\u00edodo de 2017\/2020. Os dados dos candidatos j\u00e1 foram inseridos no sistema de divulga\u00e7\u00e3o do Tribunal Superior Eleitoral (TSE). Juscelino Roque, que [&hellip;]","og_url":"https:\/\/aconteceunovale.com.br\/portal\/?p=94547","og_site_name":"Aconteceu no Vale","article_publisher":"https:\/\/www.facebook.com\/aconteceunovale\/","article_published_time":"2016-08-13T16:29:50+00:00","article_modified_time":"2026-09-02T15:51:39+00:00","og_image":[{"width":678,"height":308,"url":"https:\/\/aconteceunovale.com.br\/portal\/wp-content\/uploads\/2016\/08\/candidatos_diamantina.jpg","type":"image\/jpeg"}],"author":"Aconteceu no Vale","twitter_card":"summary_large_image","twitter_creator":"@noticiadosvales","twitter_site":"@noticiadosvales","twitter_misc":{"Escrito por":"Aconteceu no Vale","Est. tempo de leitura":"1 minuto"},"schema":{"@context":"https:\/\/schema.org","@graph":[{"@type":"Article","@id":"https:\/\/aconteceunovale.com.br\/portal\/?p=94547#article","isPartOf":{"@id":"https:\/\/aconteceunovale.com.br\/portal\/?p=94547"},"author":{"name":"Aconteceu no Vale","@id":"https:\/\/aconteceunovale.com.br\/portal\/#\/schema\/person\/633529146f2c94272bef50ac2953d589"},"headline":"Juscelino Roque, Luiz Henrique e Maur\u00edcio Maia registram candidaturas a prefeito de Diamantina","datePublished":"2016-08-13T16:29:50+00:00","dateModified":"2026-09-02T15:51:39+00:00","mainEntityOfPage":{"@id":"https:\/\/aconteceunovale.com.br\/portal\/?p=94547"},"wordCount":271,"commentCount":1,"image":{"@id":"https:\/\/aconteceunovale.com.br\/portal\/?p=94547#primaryimage"},"thumbnailUrl":"https:\/\/aconteceunovale.com.br\/portal\/wp-content\/uploads\/2016\/08\/candidatos_diamantina.jpg","keywords":["Aplicativo Candidaturas 2016","Candidato a prefeito de Diamantina","Candidato a prefeito elei\u00e7\u00f5es 2016 Diamantina","Candidatos a prefeito de","Candidatos a prefeito de Diamantina","Candidatos a prefeito Elei\u00e7\u00f5es 2016","Candidatos a prefeito Elei\u00e7\u00f5es Municipais 2016","Candidatos a prefeito em","Candidatos a vereador de","Candidatos a vereador Elei\u00e7\u00f5es 2016","Candidatos a vereador Elei\u00e7\u00f5es Municipais 2016","Candidatos a vereador em","candidatos a vereador em 2016","Candidatos Elei\u00e7\u00f5es 2016","Candidatos Elei\u00e7\u00f5es 2016 Minas Gerais","Candidatos Elei\u00e7\u00f5es Municipais 2016","Candidatos Elei\u00e7\u00f5es Municipais 2016 Minas Gerais","Candidatos em Diamantina","Candidaturas 2016","Candidaturas Elei\u00e7\u00f5es Municipais 2016","Candidaturas Elei\u00e7\u00f5es Municipais 2016 Minas Gerais","Consultas sobre candidatos 2016","Disputa eleitoral Diamantina","Divulga\u00e7\u00e3o de Candidaturas 2016","Divulga\u00e7\u00e3o de Candidaturas Elei\u00e7\u00f5es 2016","Divulga\u00e7\u00e3o de Candidaturas Elei\u00e7\u00f5es 2016 Minas Gerais","Download Aplicativo Candidaturas 2016","elei\u00e7\u00f5es 2016","Elei\u00e7\u00f5es 2016 Diamantina","Elei\u00e7\u00f5es 2016 Minas Gerais","elei\u00e7\u00f5es municipais 2016","Elei\u00e7\u00f5es Municipais 2016 Divulga\u00e7\u00e3o de Candidaturas","Elei\u00e7\u00f5es municipais 2016 em Diamantina","Elei\u00e7\u00f5es Municipais 2016 Minas Gerais","informa\u00e7\u00f5es detalhadas sobre todos os candidatos de 2016","informa\u00e7\u00f5es sobre todos os candidatos","informa\u00e7\u00f5es sobre todos os candidatos de 2016","Juscelino Roque Luiz Henrique e Maur\u00edcio Maia registram candidaturas a prefeito de Diamantina","Lista candidaturas Elei\u00e7\u00f5es 2016","Lista candidaturas Elei\u00e7\u00f5es 2016 Minas Gerais","Lista de todos os candidatos Elei\u00e7\u00f5es 2016","Lista de todos os candidatos Elei\u00e7\u00f5es 2016 Minas Gerais","Rela\u00e7\u00e3o candidaturas Elei\u00e7\u00f5es 2016","Rela\u00e7\u00e3o candidaturas Elei\u00e7\u00f5es 2016 Minas Gerais","Rela\u00e7\u00e3o de todos os candidatos Elei\u00e7\u00f5es 2016","Rela\u00e7\u00e3o de todos os candidatos Elei\u00e7\u00f5es 2016 Minas Gerais"],"articleSection":["Diamantina","Elei\u00e7\u00f5es 2016","Pol\u00edtica","Vale do Jequitinhonha"],"inLanguage":"pt-BR","potentialAction":[{"@type":"CommentAction","name":"Comment","target":["https:\/\/aconteceunovale.com.br\/portal\/?p=94547#respond"]}]},{"@type":"WebPage","@id":"https:\/\/aconteceunovale.com.br\/portal\/?p=94547","url":"https:\/\/aconteceunovale.com.br\/portal\/?p=94547","name":"Juscelino Roque, Luiz Henrique e Maur\u00edcio Maia registram candidaturas a prefeito de Diamantina - Aconteceu no Vale","isPartOf":{"@id":"https:\/\/aconteceunovale.com.br\/portal\/#website"},"primaryImageOfPage":{"@id":"https:\/\/aconteceunovale.com.br\/portal\/?p=94547#primaryimage"},"image":{"@id":"https:\/\/aconteceunovale.com.br\/portal\/?p=94547#primaryimage"},"thumbnailUrl":"https:\/\/aconteceunovale.com.br\/portal\/wp-content\/uploads\/2016\/08\/candidatos_diamantina.jpg","datePublished":"2016-08-13T16:29:50+00:00","dateModified":"2026-09-02T15:51:39+00:00","author":{"@id":"https:\/\/aconteceunovale.com.br\/portal\/#\/schema\/person\/633529146f2c94272bef50ac2953d589"},"breadcrumb":{"@id":"https:\/\/aconteceunovale.com.br\/portal\/?p=94547#breadcrumb"},"inLanguage":"pt-BR","potentialAction":[{"@type":"ReadAction","target":["https:\/\/aconteceunovale.com.br\/portal\/?p=94547"]}]},{"@type":"ImageObject","inLanguage":"pt-BR","@id":"https:\/\/aconteceunovale.com.br\/portal\/?p=94547#primaryimage","url":"https:\/\/aconteceunovale.com.br\/portal\/wp-content\/uploads\/2016\/08\/candidatos_diamantina.jpg","contentUrl":"https:\/\/aconteceunovale.com.br\/portal\/wp-content\/uploads\/2016\/08\/candidatos_diamantina.jpg","width":678,"height":308},{"@type":"BreadcrumbList","@id":"https:\/\/aconteceunovale.com.br\/portal\/?p=94547#breadcrumb","itemListElement":[{"@type":"ListItem","position":1,"name":"In\u00edcio","item":"https:\/\/aconteceunovale.com.br\/portal\/"},{"@type":"ListItem","position":2,"name":"Juscelino Roque, Luiz Henrique e Maur\u00edcio Maia registram candidaturas a prefeito de Diamantina"}]},{"@type":"WebSite","@id":"https:\/\/aconteceunovale.com.br\/portal\/#website","url":"https:\/\/aconteceunovale.com.br\/portal\/","name":"Aconteceu no Vale","description":"Portal de Not\u00edcias","potentialAction":[{"@type":"SearchAction","target":{"@type":"EntryPoint","urlTemplate":"https:\/\/aconteceunovale.com.br\/portal\/?s={search_term_string}"},"query-input":{"@type":"PropertyValueSpecification","valueRequired":true,"valueName":"search_term_string"}}],"inLanguage":"pt-BR"},{"@type":"Person","@id":"https:\/\/aconteceunovale.com.br\/portal\/#\/schema\/person\/633529146f2c94272bef50ac2953d589","name":"Aconteceu no Vale","description":"Equipe de reportagem do Aconteceu no Vale, portal de not\u00edcias do Vale do Jequitinhonha, em Minas Gerais. Cobrimos as 51 cidades do Vale desde 2013. Sugest\u00f5es de pauta e pedidos de corre\u00e7\u00e3o: contato@aconteceunovale.com.br","sameAs":["http:\/\/www.aconteceunovale.com.br"],"url":"https:\/\/aconteceunovale.com.br\/portal\/?author=1"}]}},"_links":{"self":[{"href":"https:\/\/aconteceunovale.com.br\/portal\/index.php?rest_route=\/wp\/v2\/posts\/94547","targetHints":{"allow":["GET"]}}],"collection":[{"href":"https:\/\/aconteceunovale.com.br\/portal\/index.php?rest_route=\/wp\/v2\/posts"}],"about":[{"href":"https:\/\/aconteceunovale.com.br\/portal\/index.php?rest_route=\/wp\/v2\/types\/post"}],"author":[{"embeddable":true,"href":"https:\/\/aconteceunovale.com.br\/portal\/index.php?rest_route=\/wp\/v2\/users\/1"}],"replies":[{"embeddable":true,"href":"https:\/\/aconteceunovale.com.br\/portal\/index.php?rest_route=%2Fwp%2Fv2%2Fcomments&post=94547"}],"version-history":[{"count":1,"href":"https:\/\/aconteceunovale.com.br\/portal\/index.php?rest_route=\/wp\/v2\/posts\/94547\/revisions"}],"predecessor-version":[{"id":200399,"href":"https:\/\/aconteceunovale.com.br\/portal\/index.php?rest_route=\/wp\/v2\/posts\/94547\/revisions\/200399"}],"wp:featuredmedia":[{"embeddable":true,"href":"https:\/\/aconteceunovale.com.br\/portal\/index.php?rest_route=\/wp\/v2\/media\/94548"}],"wp:attachment":[{"href":"https:\/\/aconteceunovale.com.br\/portal\/index.php?rest_route=%2Fwp%2Fv2%2Fmedia&parent=94547"}],"wp:term":[{"taxonomy":"category","embeddable":true,"href":"https:\/\/aconteceunovale.com.br\/portal\/index.php?rest_route=%2Fwp%2Fv2%2Fcategories&post=94547"},{"taxonomy":"post_tag","embeddable":true,"href":"https:\/\/aconteceunovale.com.br\/portal\/index.php?rest_route=%2Fwp%2Fv2%2Ftags&post=94547"}],"curies":[{"name":"wp","href":"https:\/\/api.w.org\/{rel}","templated":true}]}}