{"id":94494,"date":"2016-08-12T22:10:51","date_gmt":"2016-08-13T01:10:51","guid":{"rendered":"http:\/\/aconteceunovale.com.br\/portal\/?p=94494"},"modified":"2016-08-12T22:10:51","modified_gmt":"2016-08-13T01:10:51","slug":"homem-e-preso-acusado-de-vender-produtos-de-cargas-roubadas-no-norte-de-minas","status":"publish","type":"post","link":"https:\/\/aconteceunovale.com.br\/portal\/?p=94494","title":{"rendered":"Homem \u00e9 preso acusado de vender produtos de cargas roubadas no Norte de Minas"},"content":{"rendered":"<p>Ap\u00f3s monitoramento, a Pol\u00edcia Militar (PM) prendeu no fim da tarde desta sexta-feira (12\/08) um homem de 53 anos acusado de vender produtos roubados de caminhoneiros. A pris\u00e3o ocorreu em Curral de Dentro e os militares encontraram com o homem pe\u00e7as de roupa, sand\u00e1lias, cosm\u00e9ticos e uma espingarda. A suspeita \u00e9 que os produtos tenham sido roubados de caminhoneiros que passam pela BR-251, no Norte de Minas.<\/p>\n<p>Segundo a PM, devido ao grande n\u00famero de roubos a caminhoneiros na regi\u00e3o, \u00e9 feito monitoramento constante para identificar pessoas que comercializavam os produtos e tamb\u00e9m os que compram as mercadorias, o que \u00e9 considerado crime de recepta\u00e7\u00e3o.<\/p>\n<p>O homem preso hoje foi flagrado em uma destas vendas. A pol\u00edcia o acompanhou at\u00e9 sua resid\u00eancia, na Rua Belo Horizonte, Bairro Boa Vista, e confirmaram o crime. No local estavam v\u00e1rios objetos. O homem n\u00e3o explicou a origem da mercadoria, mas disse que costuma realizar compras de pessoas desconhecidas.<\/p>\n<p>Ele foi levado \u00e0 delegacia de Taiobeiras, junto ao material apreendido, para demais provid\u00eancias.<\/p>\n<p><img decoding=\"async\" src=\"http:\/\/aconteceunovale.com.br\/portal\/wp-content\/uploads\/2016\/08\/roubo_nm.jpeg\" alt=\"\" \/><em>Material encontrado com o suspeito (Foto: Pol\u00edcia Militar\/Divulga\u00e7\u00e3o)<\/em><br \/>\n<\/br><\/p>\n<p><em>(Fonte: G1 Grande Minas)<\/em><\/p>\n","protected":false},"excerpt":{"rendered":"<p>Ap\u00f3s monitoramento, a Pol\u00edcia Militar (PM) prendeu no fim da tarde desta sexta-feira (12\/08) um homem de 53 anos acusado de vender produtos roubados de caminhoneiros. A pris\u00e3o ocorreu em Curral de Dentro e os militares encontraram com o homem pe\u00e7as de roupa, sand\u00e1lias, cosm\u00e9ticos e uma espingarda. A suspeita \u00e9 que os produtos tenham [&hellip;]<\/p>\n","protected":false},"author":1,"featured_media":94495,"comment_status":"open","ping_status":"closed","sticky":false,"template":"","format":"standard","meta":{"amp_status":"","footnotes":""},"categories":[1236],"tags":[1702,110233,110232,92318,92319,419],"class_list":["post-94494","post","type-post","status-publish","format-standard","has-post-thumbnail","hentry","category-norte_de_minas","tag-curral-de-dentro","tag-homem-e-preso-acusado-de-vender-produtos-de-cargas-roubadas-na-br-251","tag-homem-e-preso-acusado-de-vender-produtos-de-cargas-roubadas-no-norte-de-minas","tag-roubo-de-cargas-br-251","tag-roubo-de-cargas-norte-de-minas","tag-taiobeiras"],"_links":{"self":[{"href":"https:\/\/aconteceunovale.com.br\/portal\/index.php?rest_route=\/wp\/v2\/posts\/94494","targetHints":{"allow":["GET"]}}],"collection":[{"href":"https:\/\/aconteceunovale.com.br\/portal\/index.php?rest_route=\/wp\/v2\/posts"}],"about":[{"href":"https:\/\/aconteceunovale.com.br\/portal\/index.php?rest_route=\/wp\/v2\/types\/post"}],"author":[{"embeddable":true,"href":"https:\/\/aconteceunovale.com.br\/portal\/index.php?rest_route=\/wp\/v2\/users\/1"}],"replies":[{"embeddable":true,"href":"https:\/\/aconteceunovale.com.br\/portal\/index.php?rest_route=%2Fwp%2Fv2%2Fcomments&post=94494"}],"version-history":[{"count":0,"href":"https:\/\/aconteceunovale.com.br\/portal\/index.php?rest_route=\/wp\/v2\/posts\/94494\/revisions"}],"wp:featuredmedia":[{"embeddable":true,"href":"https:\/\/aconteceunovale.com.br\/portal\/index.php?rest_route=\/wp\/v2\/media\/94495"}],"wp:attachment":[{"href":"https:\/\/aconteceunovale.com.br\/portal\/index.php?rest_route=%2Fwp%2Fv2%2Fmedia&parent=94494"}],"wp:term":[{"taxonomy":"category","embeddable":true,"href":"https:\/\/aconteceunovale.com.br\/portal\/index.php?rest_route=%2Fwp%2Fv2%2Fcategories&post=94494"},{"taxonomy":"post_tag","embeddable":true,"href":"https:\/\/aconteceunovale.com.br\/portal\/index.php?rest_route=%2Fwp%2Fv2%2Ftags&post=94494"}],"curies":[{"name":"wp","href":"https:\/\/api.w.org\/{rel}","templated":true}]}}