{"id":94466,"date":"2016-08-12T21:04:48","date_gmt":"2016-08-13T00:04:48","guid":{"rendered":"http:\/\/aconteceunovale.com.br\/portal\/?p=94466"},"modified":"2016-08-12T21:04:48","modified_gmt":"2016-08-13T00:04:48","slug":"apos-criticas-ministro-pede-desculpas-por-declaracao-sobre-mulheres-no-trabalho","status":"publish","type":"post","link":"https:\/\/aconteceunovale.com.br\/portal\/?p=94466","title":{"rendered":"Ap\u00f3s cr\u00edticas, ministro pede desculpas por declara\u00e7\u00e3o sobre mulheres no trabalho"},"content":{"rendered":"<p>Por meio de nota, o ministro da Sa\u00fade, Ricardo Barros, se desculpou hoje (12\/08) por dizer que os homens trabalham mais que as mulheres. A declara\u00e7\u00e3o foi feita ontem (11), em Bras\u00edlia, durante o lan\u00e7amento de campanha para sensibilizar os homens no cuidado \u00e0 sa\u00fade. Na ocasi\u00e3o, Barros avaliou que eles procuram menos os servi\u00e7os de sa\u00fade porque trabalham mais que as mulheres e porque s\u00e3o os provedores da maioria das fam\u00edlias brasileiras.<\/p>\n<p>\u201c[O ministro da Sa\u00fade] Pede desculpas se foi mal interpretado na frase ao informar que homens trabalham mais. Ele se referia ao n\u00famero de homens no mercado de trabalho\u201d, informou o minist\u00e9rio, ao citar dados do Instituto Brasileiro de Geografia e Estat\u00edstica (IBGE) que apontam que, dos brasileiros com 16 anos ou mais ocupados, 53,7 milh\u00f5es s\u00e3o homens e 39,7 milh\u00f5es s\u00e3o mulheres.<\/p>\n<p>Ainda segundo a nota, Barros deixou claro que n\u00e3o fez refer\u00eancia \u00e0 jornada de trabalho de homens e mulheres. \u201cConhecendo o quanto as mulheres trabalham, eu jamais diria que os homens trabalham mais que as mulheres. Quero deixar claro que eu me referia ao n\u00famero de homens no mercado de trabalho, que ainda \u00e9 maior\u201d, explicou o ministro no comunicado.<\/p>\n<p>\u201cAs mulheres, al\u00e9m de trabalhar fora, t\u00eam as tarefas de casa, cuidam da fam\u00edlia e ainda arrumam tempo para cuidar da sa\u00fade. A campanha que lan\u00e7amos quer espelhar esse exemplo das mulheres\u201d, completou.<\/p>\n<p>Ao final da nota, o ministro da Sa\u00fade refor\u00e7ou que o mote das a\u00e7\u00f5es promovidas pelo minist\u00e9rio \u00e9 mudar a cultura masculina. \u201cDentro de todas as tarefas di\u00e1rias, ainda deve ser reservado um tempo para pensar na preven\u00e7\u00e3o de doen\u00e7as e na melhoria da qualidade de vida. Queremos que os homens aprendam a cuidar da sa\u00fade, como as mulheres fazem t\u00e3o bem\u201d, concluiu.<\/p>\n<p><strong>Filha criticou declara\u00e7\u00e3o do pai<\/strong><\/p>\n<p>Por meio de seu perfil nas redes sociais, a filha do ministro, a deputada estadual Maria Vict\u00f3ria Borghetti Barros (PP-PR), criticou a declara\u00e7\u00e3o feita por Barros ontem. Ela postou um v\u00eddeo no Facebook e disse que precisou dar um \u201cpux\u00e3o de orelha\u201d no pai.<\/p>\n<p>\u201cLogo o senhor, com duas mulheres como n\u00f3s em casa, a vice-governadora do estado do Paran\u00e1, Cida Borghetti, e eu, deputada estadual? Trabalhamos tanto quanto o senhor. Por mais que haja dados absolutos de que h\u00e1 maior n\u00famero de homens no mercado formal de trabalho, o IBGE afirma que as mulheres trabalham em m\u00e9dia cinco horas a mais na semana do que os homens. Portanto, uma jornada de trabalho mais longa\u201d, disse ela. (Ag\u00eancia Brasil)<\/p>\n","protected":false},"excerpt":{"rendered":"<p>Por meio de nota, o ministro da Sa\u00fade, Ricardo Barros, se desculpou hoje (12\/08) por dizer que os homens trabalham mais que as mulheres. A declara\u00e7\u00e3o foi feita ontem (11), em Bras\u00edlia, durante o lan\u00e7amento de campanha para sensibilizar os homens no cuidado \u00e0 sa\u00fade. Na ocasi\u00e3o, Barros avaliou que eles procuram menos os servi\u00e7os [&hellip;]<\/p>\n","protected":false},"author":1,"featured_media":93933,"comment_status":"open","ping_status":"closed","sticky":false,"template":"","format":"standard","meta":{"amp_status":"","footnotes":""},"categories":[6],"tags":[95720,109928,109926,23674,66534,109937,44689,109927,110197,19326,109924,34259,110196,20807,109925,109930,93878,19152,109929,28873],"class_list":["post-94466","post","type-post","status-publish","format-standard","has-post-thumbnail","hentry","category-br","tag-apos-criticas","tag-atendimento-de-homens-no-sus","tag-aumentar-numero-de-homens-atendidos-pelo-sus","tag-criticas","tag-diz-ministro","tag-homem-procura-menos-servico-de-saude-porque-trabalha-mais","tag-homens","tag-homens-atendidos-pelo-sus","tag-homens-no-trabalho","tag-ministerio-da-saude","tag-ministerio-lanca-guias-para-aumentar-numero-de-homens-atendidos-pelo-sus","tag-ministro-da-saude","tag-ministro-pede-desculpas-por-declaracao-sobre-mulheres-no-trabalho","tag-mulheres","tag-numero-de-homens-atendidos-pelo-sus","tag-pre-natal","tag-ricardo-barros","tag-saude","tag-saude-do-homem","tag-sus"],"_links":{"self":[{"href":"https:\/\/aconteceunovale.com.br\/portal\/index.php?rest_route=\/wp\/v2\/posts\/94466","targetHints":{"allow":["GET"]}}],"collection":[{"href":"https:\/\/aconteceunovale.com.br\/portal\/index.php?rest_route=\/wp\/v2\/posts"}],"about":[{"href":"https:\/\/aconteceunovale.com.br\/portal\/index.php?rest_route=\/wp\/v2\/types\/post"}],"author":[{"embeddable":true,"href":"https:\/\/aconteceunovale.com.br\/portal\/index.php?rest_route=\/wp\/v2\/users\/1"}],"replies":[{"embeddable":true,"href":"https:\/\/aconteceunovale.com.br\/portal\/index.php?rest_route=%2Fwp%2Fv2%2Fcomments&post=94466"}],"version-history":[{"count":0,"href":"https:\/\/aconteceunovale.com.br\/portal\/index.php?rest_route=\/wp\/v2\/posts\/94466\/revisions"}],"wp:featuredmedia":[{"embeddable":true,"href":"https:\/\/aconteceunovale.com.br\/portal\/index.php?rest_route=\/wp\/v2\/media\/93933"}],"wp:attachment":[{"href":"https:\/\/aconteceunovale.com.br\/portal\/index.php?rest_route=%2Fwp%2Fv2%2Fmedia&parent=94466"}],"wp:term":[{"taxonomy":"category","embeddable":true,"href":"https:\/\/aconteceunovale.com.br\/portal\/index.php?rest_route=%2Fwp%2Fv2%2Fcategories&post=94466"},{"taxonomy":"post_tag","embeddable":true,"href":"https:\/\/aconteceunovale.com.br\/portal\/index.php?rest_route=%2Fwp%2Fv2%2Ftags&post=94466"}],"curies":[{"name":"wp","href":"https:\/\/api.w.org\/{rel}","templated":true}]}}