{"id":94460,"date":"2016-08-12T20:52:07","date_gmt":"2016-08-12T23:52:07","guid":{"rendered":"http:\/\/aconteceunovale.com.br\/portal\/?p=94460"},"modified":"2016-08-12T20:52:07","modified_gmt":"2016-08-12T23:52:07","slug":"prazo-para-registro-de-candidaturas-termina-no-dia-15-de-agosto","status":"publish","type":"post","link":"https:\/\/aconteceunovale.com.br\/portal\/?p=94460","title":{"rendered":"Prazo para registro de candidaturas termina no dia 15 de agosto"},"content":{"rendered":"<p>Os partidos pol\u00edticos t\u00eam at\u00e9 a pr\u00f3xima segunda-feira (15) para apresentar aos cart\u00f3rios eleitorais os pedidos de registro de candidatura para as elei\u00e7\u00f5es municipais deste ano. A Justi\u00e7a Eleitoral mineira preparou um esquema especial para atend\u00ea-los na reta final deste prazo, lembrando que, no caso do pleito municipal, o pedido de registro \u00e9 feito diretamente aos cart\u00f3rios eleitorais respons\u00e1veis por cada munic\u00edpio. Quando h\u00e1 mais de um cart\u00f3rio no munic\u00edpio, os pedidos s\u00e3o feitos perante o Foro Eleitoral local.<\/p>\n<p>Neste s\u00e1bado e domingo, dias 13 e 14 de agosto, os cart\u00f3rios eleitorais funcionar\u00e3o de 13h \u00e0s 19h.<br \/>\nNo dia 15, os cart\u00f3rios tamb\u00e9m funcionar\u00e3o normalmente, inclusive nos munic\u00edpios onde \u00e9 feriado. Nessas cidades, \u00e0 exce\u00e7\u00e3o de BH, o hor\u00e1rio de atendimento ser\u00e1 de 13h \u00e0s 19h. No Foro Eleitoral de Belo Horizonte e nos munic\u00edpios onde n\u00e3o h\u00e1 feriado, o hor\u00e1rio ser\u00e1 de 12h \u00e0s 19h.<\/p>\n<p>Os pr\u00e9-candidatos aos cargos de prefeito e vereador devem ter sido escolhidos em conven\u00e7\u00e3o partid\u00e1ria, realizada entre os dias 20 de julho e 5 de agosto. Para fazer o pedido de registro, os partidos pol\u00edticos devem ficar atentos \u00e0s orienta\u00e7\u00f5es do Guia do Candidato, que tem todas as informa\u00e7\u00f5es sobre condi\u00e7\u00f5es de elegibilidade, documentos necess\u00e1rios e acesso ao sistema CandEx, entre outros detalhes. Esse manual pode ser consultado no site do TRE, na p\u00e1gina Elei\u00e7\u00f5es 2016 \/ Registro de candidatura.<\/p>\n<p><strong>Popula\u00e7\u00e3o pode ficar de olho nos candidatos<\/strong><\/p>\n<p>Os eleitores podem acompanhar de perto todos os registros entregues \u00e0 Justi\u00e7a Eleitoral. As informa\u00e7\u00f5es sobre os candidatos podem ser consultadas no <a href=\"http:\/\/aconteceunovale.com.br\/portal\/?p=93057\" target=\"_blank\"><font color=\"blue\">Sistema de Divulga\u00e7\u00e3o de Candidaturas e Contas Eleitorais (DivulgaCandContas)<\/font><\/a>. Para localizar um registro de candidatura, basta selecionar um estado. A partir da\u00ed, ser\u00e1 apresentada uma tabela com resumo de cargos \u2013 prefeito, vice-prefeito e vereador \u2013 e respectivos quantitativos de registros efetuados. Para continuar a pesquisa, ao clicar no link &#8220;Candidatos&#8221;, o eleitor ter\u00e1 acesso \u00e0s informa\u00e7\u00f5es dos registros por munic\u00edpio.<\/p>\n<p><em>(Fonte: TRE-MG)<\/em><\/p>\n","protected":false},"excerpt":{"rendered":"<p>Os partidos pol\u00edticos t\u00eam at\u00e9 a pr\u00f3xima segunda-feira (15) para apresentar aos cart\u00f3rios eleitorais os pedidos de registro de candidatura para as elei\u00e7\u00f5es municipais deste ano. A Justi\u00e7a Eleitoral mineira preparou um esquema especial para atend\u00ea-los na reta final deste prazo, lembrando que, no caso do pleito municipal, o pedido de registro \u00e9 feito diretamente [&hellip;]<\/p>\n","protected":false},"author":1,"featured_media":92935,"comment_status":"open","ping_status":"closed","sticky":false,"template":"","format":"standard","meta":{"amp_status":"","footnotes":""},"categories":[79927,123,40240],"tags":[109048,107337,107336,107342,107338,107339,107335,107341,107340,107334,107316,107325,107321,107331,109046,107322,107332,107347,107343,107315,107323,109047,59515,107324,78864,107333,107330,107344,107345,107346,107320,107329,107318,107327,110186,110187,107319,107328,107317,107326],"class_list":["post-94460","post","type-post","status-publish","format-standard","has-post-thumbnail","hentry","category-eleicoes-2016-2","category-gerais","category-politica-2","tag-aplicativo-candidaturas-2016","tag-candidatos-a-prefeito-de","tag-candidatos-a-prefeito-eleicoes-2016","tag-candidatos-a-prefeito-eleicoes-municipais-2016","tag-candidatos-a-prefeito-em","tag-candidatos-a-vereador-de","tag-candidatos-a-vereador-eleicoes-2016","tag-candidatos-a-vereador-eleicoes-municipais-2016","tag-candidatos-a-vereador-em","tag-candidatos-a-vereador-em-2016","tag-candidatos-eleicoes-2016","tag-candidatos-eleicoes-2016-minas-gerais","tag-candidatos-eleicoes-municipais-2016","tag-candidatos-eleicoes-municipais-2016-minas-gerais","tag-candidaturas-2016","tag-candidaturas-eleicoes-municipais-2016","tag-candidaturas-eleicoes-municipais-2016-minas-gerais","tag-consultas-sobre-candidatos-2016","tag-divulgacao-de-candidaturas-2016","tag-divulgacao-de-candidaturas-eleicoes-2016","tag-divulgacao-de-candidaturas-eleicoes-2016-minas-gerais","tag-download-aplicativo-candidaturas-2016","tag-eleicoes-2016","tag-eleicoes-2016-minas-gerais","tag-eleicoes-municipais-2016","tag-eleicoes-municipais-2016-divulgacao-de-candidaturas","tag-eleicoes-municipais-2016-minas-gerais","tag-informacoes-detalhadas-sobre-todos-os-candidatos-de-2016","tag-informacoes-sobre-todos-os-candidatos","tag-informacoes-sobre-todos-os-candidatos-de-2016","tag-lista-candidaturas-eleicoes-2016","tag-lista-candidaturas-eleicoes-2016-minas-gerais","tag-lista-de-todos-os-candidatos-eleicoes-2016","tag-lista-de-todos-os-candidatos-eleicoes-2016-minas-gerais","tag-minas-tera-8-479-cadeiras-de-vereador-em-disputa-em-2016","tag-prazo-para-registro-de-candidaturas-termina-no-dia-15-de-agosto","tag-relacao-candidaturas-eleicoes-2016","tag-relacao-candidaturas-eleicoes-2016-minas-gerais","tag-relacao-de-todos-os-candidatos-eleicoes-2016","tag-relacao-de-todos-os-candidatos-eleicoes-2016-minas-gerais"],"_links":{"self":[{"href":"https:\/\/aconteceunovale.com.br\/portal\/index.php?rest_route=\/wp\/v2\/posts\/94460","targetHints":{"allow":["GET"]}}],"collection":[{"href":"https:\/\/aconteceunovale.com.br\/portal\/index.php?rest_route=\/wp\/v2\/posts"}],"about":[{"href":"https:\/\/aconteceunovale.com.br\/portal\/index.php?rest_route=\/wp\/v2\/types\/post"}],"author":[{"embeddable":true,"href":"https:\/\/aconteceunovale.com.br\/portal\/index.php?rest_route=\/wp\/v2\/users\/1"}],"replies":[{"embeddable":true,"href":"https:\/\/aconteceunovale.com.br\/portal\/index.php?rest_route=%2Fwp%2Fv2%2Fcomments&post=94460"}],"version-history":[{"count":0,"href":"https:\/\/aconteceunovale.com.br\/portal\/index.php?rest_route=\/wp\/v2\/posts\/94460\/revisions"}],"wp:featuredmedia":[{"embeddable":true,"href":"https:\/\/aconteceunovale.com.br\/portal\/index.php?rest_route=\/wp\/v2\/media\/92935"}],"wp:attachment":[{"href":"https:\/\/aconteceunovale.com.br\/portal\/index.php?rest_route=%2Fwp%2Fv2%2Fmedia&parent=94460"}],"wp:term":[{"taxonomy":"category","embeddable":true,"href":"https:\/\/aconteceunovale.com.br\/portal\/index.php?rest_route=%2Fwp%2Fv2%2Fcategories&post=94460"},{"taxonomy":"post_tag","embeddable":true,"href":"https:\/\/aconteceunovale.com.br\/portal\/index.php?rest_route=%2Fwp%2Fv2%2Ftags&post=94460"}],"curies":[{"name":"wp","href":"https:\/\/api.w.org\/{rel}","templated":true}]}}