{"id":94458,"date":"2016-08-12T20:48:00","date_gmt":"2016-08-12T23:48:00","guid":{"rendered":"http:\/\/aconteceunovale.com.br\/portal\/?p=94458"},"modified":"2016-08-12T20:48:00","modified_gmt":"2016-08-12T23:48:00","slug":"minas-tera-8-479-cadeiras-de-vereador-em-disputa-em-2016","status":"publish","type":"post","link":"https:\/\/aconteceunovale.com.br\/portal\/?p=94458","title":{"rendered":"Minas ter\u00e1 8.479 cadeiras de vereador em disputa em 2016"},"content":{"rendered":"<p>Minas Gerais ter\u00e1 8.479 cadeiras para vereadores nas elei\u00e7\u00f5es de 2016 \u2013 um aumento de 41 vagas em rela\u00e7\u00e3o a 2012, cujo total foi de 8.438 cadeiras. O levantamento do TRE foi feito com base em informa\u00e7\u00f5es dos cart\u00f3rios eleitorais de todo o Estado. Houve altera\u00e7\u00e3o no n\u00famero de vereadores em 18 munic\u00edpios. Em algumas cidades houve aumento e, em outros, uma redu\u00e7\u00e3o na quantidade de cadeiras.<\/p>\n<p>De acordo com o artigo 29 da Constitui\u00e7\u00e3o Federal, \u00e9 atribui\u00e7\u00e3o da c\u00e2mara municipal a fixa\u00e7\u00e3o do n\u00famero de vereadores por meio da lei org\u00e2nica do munic\u00edpio. Al\u00e9m disso, a Emenda Constitucional n\u00ba 58, de 2009, estabelece que as cidades ampliem a quantidade de cadeiras no Legislativo de acordo com o aumento populacional medido pelo IBGE (Instituto Brasileiro de Geografia e Estat\u00edstica).<\/p>\n<p><strong>Candidaturas<\/strong><\/p>\n<p>O prazo para registro de candidaturas termina na pr\u00f3xima segunda-feira (15). As informa\u00e7\u00f5es sobre os candidatos podem ser consultadas no <a href=\"http:\/\/aconteceunovale.com.br\/portal\/?p=93057\" target=\"_blank\"><font color=\"blue\">Sistema de Divulga\u00e7\u00e3o de Candidaturas e Contas Eleitorais (DivulgaCandContas)<\/font><\/a>. Para localizar um registro de candidatura, basta selecionar um estado. A partir da\u00ed, ser\u00e1 apresentada uma tabela com resumo de cargos \u2013 prefeito, vice-prefeito e vereador \u2013 e respectivos quantitativos de registros efetuados. Para continuar a pesquisa, ao clicar no link &#8220;Candidatos&#8221;, o eleitor ter\u00e1 acesso \u00e0s informa\u00e7\u00f5es dos registros por munic\u00edpio.<\/p>\n<p><em>(Fonte: TRE-MG)<\/em><\/p>\n","protected":false},"excerpt":{"rendered":"<p>Minas Gerais ter\u00e1 8.479 cadeiras para vereadores nas elei\u00e7\u00f5es de 2016 \u2013 um aumento de 41 vagas em rela\u00e7\u00e3o a 2012, cujo total foi de 8.438 cadeiras. O levantamento do TRE foi feito com base em informa\u00e7\u00f5es dos cart\u00f3rios eleitorais de todo o Estado. Houve altera\u00e7\u00e3o no n\u00famero de vereadores em 18 munic\u00edpios. Em algumas [&hellip;]<\/p>\n","protected":false},"author":1,"featured_media":76053,"comment_status":"open","ping_status":"closed","sticky":false,"template":"","format":"standard","meta":{"amp_status":"","footnotes":""},"categories":[79927,123,40240],"tags":[109048,107337,107336,107342,107338,107339,107335,107341,107340,107334,107316,107325,107321,107331,109046,107322,107332,107347,107343,107315,107323,109047,59515,107324,78864,107333,107330,107344,107345,107346,107320,107329,107318,107327,110186,107319,107328,107317,107326],"class_list":["post-94458","post","type-post","status-publish","format-standard","has-post-thumbnail","hentry","category-eleicoes-2016-2","category-gerais","category-politica-2","tag-aplicativo-candidaturas-2016","tag-candidatos-a-prefeito-de","tag-candidatos-a-prefeito-eleicoes-2016","tag-candidatos-a-prefeito-eleicoes-municipais-2016","tag-candidatos-a-prefeito-em","tag-candidatos-a-vereador-de","tag-candidatos-a-vereador-eleicoes-2016","tag-candidatos-a-vereador-eleicoes-municipais-2016","tag-candidatos-a-vereador-em","tag-candidatos-a-vereador-em-2016","tag-candidatos-eleicoes-2016","tag-candidatos-eleicoes-2016-minas-gerais","tag-candidatos-eleicoes-municipais-2016","tag-candidatos-eleicoes-municipais-2016-minas-gerais","tag-candidaturas-2016","tag-candidaturas-eleicoes-municipais-2016","tag-candidaturas-eleicoes-municipais-2016-minas-gerais","tag-consultas-sobre-candidatos-2016","tag-divulgacao-de-candidaturas-2016","tag-divulgacao-de-candidaturas-eleicoes-2016","tag-divulgacao-de-candidaturas-eleicoes-2016-minas-gerais","tag-download-aplicativo-candidaturas-2016","tag-eleicoes-2016","tag-eleicoes-2016-minas-gerais","tag-eleicoes-municipais-2016","tag-eleicoes-municipais-2016-divulgacao-de-candidaturas","tag-eleicoes-municipais-2016-minas-gerais","tag-informacoes-detalhadas-sobre-todos-os-candidatos-de-2016","tag-informacoes-sobre-todos-os-candidatos","tag-informacoes-sobre-todos-os-candidatos-de-2016","tag-lista-candidaturas-eleicoes-2016","tag-lista-candidaturas-eleicoes-2016-minas-gerais","tag-lista-de-todos-os-candidatos-eleicoes-2016","tag-lista-de-todos-os-candidatos-eleicoes-2016-minas-gerais","tag-minas-tera-8-479-cadeiras-de-vereador-em-disputa-em-2016","tag-relacao-candidaturas-eleicoes-2016","tag-relacao-candidaturas-eleicoes-2016-minas-gerais","tag-relacao-de-todos-os-candidatos-eleicoes-2016","tag-relacao-de-todos-os-candidatos-eleicoes-2016-minas-gerais"],"_links":{"self":[{"href":"https:\/\/aconteceunovale.com.br\/portal\/index.php?rest_route=\/wp\/v2\/posts\/94458","targetHints":{"allow":["GET"]}}],"collection":[{"href":"https:\/\/aconteceunovale.com.br\/portal\/index.php?rest_route=\/wp\/v2\/posts"}],"about":[{"href":"https:\/\/aconteceunovale.com.br\/portal\/index.php?rest_route=\/wp\/v2\/types\/post"}],"author":[{"embeddable":true,"href":"https:\/\/aconteceunovale.com.br\/portal\/index.php?rest_route=\/wp\/v2\/users\/1"}],"replies":[{"embeddable":true,"href":"https:\/\/aconteceunovale.com.br\/portal\/index.php?rest_route=%2Fwp%2Fv2%2Fcomments&post=94458"}],"version-history":[{"count":0,"href":"https:\/\/aconteceunovale.com.br\/portal\/index.php?rest_route=\/wp\/v2\/posts\/94458\/revisions"}],"wp:featuredmedia":[{"embeddable":true,"href":"https:\/\/aconteceunovale.com.br\/portal\/index.php?rest_route=\/wp\/v2\/media\/76053"}],"wp:attachment":[{"href":"https:\/\/aconteceunovale.com.br\/portal\/index.php?rest_route=%2Fwp%2Fv2%2Fmedia&parent=94458"}],"wp:term":[{"taxonomy":"category","embeddable":true,"href":"https:\/\/aconteceunovale.com.br\/portal\/index.php?rest_route=%2Fwp%2Fv2%2Fcategories&post=94458"},{"taxonomy":"post_tag","embeddable":true,"href":"https:\/\/aconteceunovale.com.br\/portal\/index.php?rest_route=%2Fwp%2Fv2%2Ftags&post=94458"}],"curies":[{"name":"wp","href":"https:\/\/api.w.org\/{rel}","templated":true}]}}