{"id":94450,"date":"2016-08-12T19:14:33","date_gmt":"2016-08-12T22:14:33","guid":{"rendered":"http:\/\/aconteceunovale.com.br\/portal\/?p=94450"},"modified":"2016-08-12T21:02:15","modified_gmt":"2016-08-13T00:02:15","slug":"henrique-juliano-escracha-contratante-durante-show-em-minas-gerais","status":"publish","type":"post","link":"https:\/\/aconteceunovale.com.br\/portal\/?p=94450","title":{"rendered":"Dupla Henrique &#038; Juliano escracha contratante durante show em Minas Gerais"},"content":{"rendered":"<p>Durante a Exposi\u00e7\u00e3o Agropecu\u00e1ria de Arcos (ExpoArcos), os cantores Henrique &#038; Juliano usaram o palco para fazer um desabafo antes do show, na noite de quarta-feira (10\/08). Ap\u00f3s uma hora e meia do hor\u00e1rio previsto para in\u00edcio da apresenta\u00e7\u00e3o, a dupla sertaneja informou que o atraso ocorreu devido \u00e0 falta de pagamento do cach\u00ea negociado. Em um v\u00eddeo postado no Youtube \u00e9 poss\u00edvel ver o desabafo de Henrique. O show estava previsto para come\u00e7ar \u00e0s 23h30, por\u00e9m a dupla subiu ao palco por volta de 1h.<\/p>\n<p>\u201cVoc\u00eas est\u00e3o com raiva porque Henrique e Juliano est\u00e3o come\u00e7ando a fazer o show nesta hora, pode falar a verdade! Eu quero falar para voc\u00eas que eu e meu irm\u00e3o est\u00e1vamos dentro de um avi\u00e3o, l\u00e1 no Estado do Paran\u00e1, h\u00e1 duas horas esperando pagarem o show, que era para ser pago ontem pelo contratante Jos\u00e9 Lu\u00eds. Uma coisa que meu pai deu para mim e para meu irm\u00e3o foi ensinar a ser homem e ser transparente e ter responsabilidade, por isso tenho responsabilidade com voc\u00eas aqui hoje&#8221;, disse o m\u00fasico. O empres\u00e1rio Jos\u00e9 Lu\u00eds Alves da Silva, citado no v\u00eddeo, afirmou que o pagamento do cach\u00ea foi feito \u00e0s 21h da quarta-feira.<\/p>\n<p>Em outro trecho do v\u00eddeo, Henrique afirma que est\u00e1 cumprindo seu papel no palco. &#8220;Eu tenho 27 anos e meu irm\u00e3o tem 25. Eu quero saber quem \u00e9 o homem que vai vir aqui desafiar e falar que n\u00f3s n\u00e3o cumprimos nosso papel aqui hoje. Estamos aqui por causa de cada um de voc\u00eas. Pod\u00edamos ter chegado h\u00e1 duas horas, infelizmente tem coisas que n\u00e3o ficamos sabendo, estamos longe da nossa fam\u00edlia e n\u00e3o sabemos de tudo que acontece nos bastidores. O que sabemos \u00e9 que eu sou Henrique e ele \u00e9 o Juliano e voc\u00eas vieram aqui nos ouvir hoje, e \u00e9 isso que viemos fazer aqui em Arcos\u201d concluiu.<\/p>\n<p><img decoding=\"async\" src=\"http:\/\/aconteceunovale.com.br\/portal\/wp-content\/uploads\/2016\/08\/henrique_e_juliano.jpg\" alt=\"\" \/><em>Henrique e Juliano durante show em Arcos (Foto: Criativizei Eventos\/Divulga\u00e7\u00e3o)<\/em><br \/>\n<\/br><\/p>\n<p>Por meio de nota a assessoria da dupla sertaneja tamb\u00e9m disse que o contratante n\u00e3o cumpriu com o combinado, que \u00e9 efetuar o pagamento do cach\u00ea antes do show. Ainda conforme a assessoria, Henrique explicou ao p\u00fablico que o atraso n\u00e3o aconteceu por culpa deles. Os artistas e equipe s\u00f3 sobem ao palco quando o cach\u00ea \u00e9 pago. Ainda segundo a assessoria, antes de come\u00e7ar o show, o contratante pagou metade do valor e combinou a outra metade para s\u00e1bado (13), e a dupla s\u00f3 fez o show em respeito ao p\u00fablico.<\/p>\n<p>O empres\u00e1rio contratante do show deu detalhes sobre o pagamento efetuado. \u201cUm valor de R$ 137 mil j\u00e1 havia sido pago para eles, de um total de R$ 258 mil pelo show. O restante foi pago \u00e0s 21h do dia 10, ap\u00f3s o dinheiro ser recolhido nos pontos de vendas, tudo isso j\u00e1 estava de acordo com o que j\u00e1 havia sido definido anteriormente. S\u00f3 ap\u00f3s a confirma\u00e7\u00e3o do pagamento e contagem do dinheiro \u00e9 que eles sa\u00edram do Paran\u00e1, por isso houve o atraso no show, mas eles j\u00e1 tinham recebido\u201d, explicou Jos\u00e9 Lu\u00eds.<\/p>\n<p>O Sindicato Rural de Arcos afirmou que apenas alugou o local para a realiza\u00e7\u00e3o da festa, e que n\u00e3o est\u00e1 respons\u00e1vel pelo evento, por\u00e9m o presidente da institui\u00e7\u00e3o, Jos\u00e9 Alves Vilela, afirma ter presenciado a negocia\u00e7\u00e3o. &#8220;Apesar de n\u00e3o ser respons\u00e1vel, eu assisti o pagamento do contratante para a dupla no dia 10. Mas para mim o erro foi dos dois. O pagamento havia sido combinado na ter\u00e7a e ocorreu na quarta, e a dupla combinou de tocar na quarta, mas tocou na quinta. S\u00f3 acho que foi desnecess\u00e1rio os cantores terem se pronunciado na apresenta\u00e7\u00e3o&#8221;, opinou.<\/p>\n<p><strong>V\u00eddeo<\/strong><\/p>\n<p><iframe loading=\"lazy\" width=\"640\" height=\"360\" src=\"https:\/\/www.youtube.com\/embed\/NnFXDqGchLg\" frameborder=\"0\" allowfullscreen><\/iframe><br \/>\n<\/br><\/p>\n<p><em>(Fonte: G1 Centro-Oeste de Minas)<\/em><\/p>\n","protected":false},"excerpt":{"rendered":"<p>Durante a Exposi\u00e7\u00e3o Agropecu\u00e1ria de Arcos (ExpoArcos), os cantores Henrique &#038; Juliano usaram o palco para fazer um desabafo antes do show, na noite de quarta-feira (10\/08). Ap\u00f3s uma hora e meia do hor\u00e1rio previsto para in\u00edcio da apresenta\u00e7\u00e3o, a dupla sertaneja informou que o atraso ocorreu devido \u00e0 falta de pagamento do cach\u00ea negociado. [&hellip;]<\/p>\n","protected":false},"author":1,"featured_media":94451,"comment_status":"open","ping_status":"closed","sticky":false,"template":"","format":"standard","meta":{"amp_status":"","footnotes":""},"categories":[123],"tags":[110151,1514,1018,110195,110152,110147,77734,110155,110148,110157,110156,110153,110149,110150,110154],"class_list":["post-94450","post","type-post","status-publish","format-standard","has-post-thumbnail","hentry","category-gerais","tag-apresentacao-henrique-e-juliano-em-arcos","tag-arcos","tag-destaque","tag-dupla-henrique-e-juliano-escracha-contratante-durante-show-em-minas-gerais","tag-expoarcos","tag-exposicao-agropecuaria-de-arcos","tag-henrique-juliano","tag-henrique-juliano-escracha-contratante-durante-show-em-minas-gerais","tag-henrique-e-juliano-em-arcos","tag-henrique-e-juliano-escracha-contratante-durante-show-em-arcos","tag-henrique-e-juliano-escracha-contratante-durante-show-em-minas-gerais","tag-jose-luis-alves-da-silva","tag-problema-show-henrique-e-juliano-em-arcos","tag-show-henrique-e-juliano-em-arcos","tag-sindicato-rural-de-arcos"],"_links":{"self":[{"href":"https:\/\/aconteceunovale.com.br\/portal\/index.php?rest_route=\/wp\/v2\/posts\/94450","targetHints":{"allow":["GET"]}}],"collection":[{"href":"https:\/\/aconteceunovale.com.br\/portal\/index.php?rest_route=\/wp\/v2\/posts"}],"about":[{"href":"https:\/\/aconteceunovale.com.br\/portal\/index.php?rest_route=\/wp\/v2\/types\/post"}],"author":[{"embeddable":true,"href":"https:\/\/aconteceunovale.com.br\/portal\/index.php?rest_route=\/wp\/v2\/users\/1"}],"replies":[{"embeddable":true,"href":"https:\/\/aconteceunovale.com.br\/portal\/index.php?rest_route=%2Fwp%2Fv2%2Fcomments&post=94450"}],"version-history":[{"count":0,"href":"https:\/\/aconteceunovale.com.br\/portal\/index.php?rest_route=\/wp\/v2\/posts\/94450\/revisions"}],"wp:featuredmedia":[{"embeddable":true,"href":"https:\/\/aconteceunovale.com.br\/portal\/index.php?rest_route=\/wp\/v2\/media\/94451"}],"wp:attachment":[{"href":"https:\/\/aconteceunovale.com.br\/portal\/index.php?rest_route=%2Fwp%2Fv2%2Fmedia&parent=94450"}],"wp:term":[{"taxonomy":"category","embeddable":true,"href":"https:\/\/aconteceunovale.com.br\/portal\/index.php?rest_route=%2Fwp%2Fv2%2Fcategories&post=94450"},{"taxonomy":"post_tag","embeddable":true,"href":"https:\/\/aconteceunovale.com.br\/portal\/index.php?rest_route=%2Fwp%2Fv2%2Ftags&post=94450"}],"curies":[{"name":"wp","href":"https:\/\/api.w.org\/{rel}","templated":true}]}}