{"id":94441,"date":"2016-08-12T18:52:52","date_gmt":"2016-08-12T21:52:52","guid":{"rendered":"http:\/\/aconteceunovale.com.br\/portal\/?p=94441"},"modified":"2016-08-12T18:55:26","modified_gmt":"2016-08-12T21:55:26","slug":"gerente-de-supermercado-morre-em-acidente-na-br-251-no-norte-de-minas","status":"publish","type":"post","link":"https:\/\/aconteceunovale.com.br\/portal\/?p=94441","title":{"rendered":"Gerente de supermercado morre em acidente na BR-251, no Norte de Minas"},"content":{"rendered":"<p>Um homem de 39 anos morreu na manh\u00e3 desta sexta-feira (12\/08) em um acidente no quil\u00f4metro 522 da BR-251. O motorista perdeu o controle do ve\u00edculo, que acabou capotando no local conhecido como \u201cCurva do Leite na Pista\u201d, pr\u00f3ximo a Montes Claros, na regi\u00e3o Norte de Minas Gerais.<\/p>\n<p>O homem, que \u00e9 natural de Bocaiuva e trabalhava em Jana\u00faba, chegou a ser socorrido pelo Servi\u00e7o de Atendimento M\u00f3vel de Urg\u00eancia (SAMU), mas n\u00e3o resistiu aos ferimentos e veio a \u00f3bito. O corpo foi encaminhado ao Instituto M\u00e9dico Legal (IML) e o carro foi removido do local. A pista n\u00e3o precisou ser interditada.<\/p>\n<p><img decoding=\"async\" src=\"http:\/\/aconteceunovale.com.br\/portal\/wp-content\/uploads\/2016\/08\/acidente_gerente_bretas_4.jpg\" alt=\"\" \/><em>Eduardo dos Santos era gerente do Bretas em Jana\u00faba (Foto: Divulga\u00e7\u00e3o)<\/em><br \/>\n<\/br><\/p>\n<p><strong>Nota do Bretas<\/strong><\/p>\n<p>O Bretas Supermercados divulgou nota sobre o falecimento do funcion\u00e1rio. <em>&#8220;O Bretas lamenta o falecimento de Eduardo dos Santos Cardoso, gerente da loja 580 (Jana\u00faba), em um acidente de carro na manh\u00e3 desta sexta-feira (12\/08), na rodovia BR-251, no munic\u00edpio de Montes Claros. <\/p>\n<p>Com mais de 20 anos de servi\u00e7o realizado no Bretas, Eduardo se destacou pelo trabalho e dedica\u00e7\u00e3o. Prestamos aqui nossa homenagem ao colaborador querido pelos colegas e comprometido em suas atividades.<\/p>\n<p>Enviamos nossos sentimentos aos seus familiares e todos os amigos. <\/p>\n<p>Em raz\u00e3o do falecimento, o Bretas informa que suspendeu o expediente da loja dessa sexta-feira, retornando ao funcionamento normal amanh\u00e3, dia 13\/08\/201 (s\u00e1bado).&#8221;<\/em>, diz a nota.<\/p>\n<p><img decoding=\"async\" src=\"http:\/\/aconteceunovale.com.br\/portal\/wp-content\/uploads\/2016\/08\/acidente_gerente_bretas_1.jpg\" alt=\"\" \/><em>Acidente aconteceu no km 522 da BR-251 (Foto: Reprodu\u00e7\u00e3o\/WhatsApp)<\/em><br \/>\n<\/br><\/p>\n<p><img decoding=\"async\" src=\"http:\/\/aconteceunovale.com.br\/portal\/wp-content\/uploads\/2016\/08\/acidente_gerente_bretas_2.jpg\" alt=\"\" \/><em>Acidente aconteceu no km 522 da BR-251 (Foto: Reprodu\u00e7\u00e3o\/WhatsApp)<\/em><br \/>\n<\/br><\/p>\n<p><img decoding=\"async\" src=\"http:\/\/aconteceunovale.com.br\/portal\/wp-content\/uploads\/2016\/08\/acidente_gerente_bretas_3.jpg\" alt=\"\" \/><em>Acidente aconteceu no km 522 da BR-251 (Foto: Reprodu\u00e7\u00e3o\/WhatsApp)<\/em><br \/>\n<\/br><\/p>\n<p><em>(Com informa\u00e7\u00f5es do G1 Grande Minas)<\/em><\/p>\n","protected":false},"excerpt":{"rendered":"<p>Um homem de 39 anos morreu na manh\u00e3 desta sexta-feira (12\/08) em um acidente no quil\u00f4metro 522 da BR-251. O motorista perdeu o controle do ve\u00edculo, que acabou capotando no local conhecido como \u201cCurva do Leite na Pista\u201d, pr\u00f3ximo a Montes Claros, na regi\u00e3o Norte de Minas Gerais. O homem, que \u00e9 natural de Bocaiuva [&hellip;]<\/p>\n","protected":false},"author":1,"featured_media":94444,"comment_status":"open","ping_status":"closed","sticky":false,"template":"","format":"standard","meta":{"amp_status":"","footnotes":""},"categories":[1236],"tags":[97212,110138,110143,110135,110140,110137,110139,1018,110142,110133,110146,110145,110144,110134,204,110141,110136],"class_list":["post-94441","post","type-post","status-publish","format-standard","has-post-thumbnail","hentry","category-norte_de_minas","tag-acidente-br-251","tag-acidente-br-251-gerente-do-bretas","tag-acidente-eduardo-dos-santos-cardoso","tag-acidente-gerente-do-bretas-em-janauba","tag-acidente-na-curva-do-leite-na-pista","tag-bretas-em-janauba","tag-curva-do-leite-na-pista","tag-destaque","tag-eduardo-dos-santos-cardoso","tag-eduardo-jose-dos-santos-era-gerente-do-bretas-em-janauba","tag-gerente-de-supermercado-em-janauba-morre-em-acidente-na-br-251","tag-gerente-de-supermercado-morre-em-acidente-na-br-251-em-montes-claros","tag-gerente-de-supermercado-morre-em-acidente-na-br-251-no-norte-de-minas","tag-gerente-do-bretas-em-janauba","tag-janauba","tag-morte-de-gerente-do-bretas-na-curva-do-leite-na-pista","tag-morte-do-gerente-do-bretas-em-janauba"],"_links":{"self":[{"href":"https:\/\/aconteceunovale.com.br\/portal\/index.php?rest_route=\/wp\/v2\/posts\/94441","targetHints":{"allow":["GET"]}}],"collection":[{"href":"https:\/\/aconteceunovale.com.br\/portal\/index.php?rest_route=\/wp\/v2\/posts"}],"about":[{"href":"https:\/\/aconteceunovale.com.br\/portal\/index.php?rest_route=\/wp\/v2\/types\/post"}],"author":[{"embeddable":true,"href":"https:\/\/aconteceunovale.com.br\/portal\/index.php?rest_route=\/wp\/v2\/users\/1"}],"replies":[{"embeddable":true,"href":"https:\/\/aconteceunovale.com.br\/portal\/index.php?rest_route=%2Fwp%2Fv2%2Fcomments&post=94441"}],"version-history":[{"count":0,"href":"https:\/\/aconteceunovale.com.br\/portal\/index.php?rest_route=\/wp\/v2\/posts\/94441\/revisions"}],"wp:featuredmedia":[{"embeddable":true,"href":"https:\/\/aconteceunovale.com.br\/portal\/index.php?rest_route=\/wp\/v2\/media\/94444"}],"wp:attachment":[{"href":"https:\/\/aconteceunovale.com.br\/portal\/index.php?rest_route=%2Fwp%2Fv2%2Fmedia&parent=94441"}],"wp:term":[{"taxonomy":"category","embeddable":true,"href":"https:\/\/aconteceunovale.com.br\/portal\/index.php?rest_route=%2Fwp%2Fv2%2Fcategories&post=94441"},{"taxonomy":"post_tag","embeddable":true,"href":"https:\/\/aconteceunovale.com.br\/portal\/index.php?rest_route=%2Fwp%2Fv2%2Ftags&post=94441"}],"curies":[{"name":"wp","href":"https:\/\/api.w.org\/{rel}","templated":true}]}}