{"id":94438,"date":"2016-08-12T18:37:25","date_gmt":"2016-08-12T21:37:25","guid":{"rendered":"http:\/\/aconteceunovale.com.br\/portal\/?p=94438"},"modified":"2016-08-13T09:55:59","modified_gmt":"2016-08-13T12:55:59","slug":"menino-de-9-anos-e-baleada-enquanto-jogava-pokemon-go-em-montes-claros","status":"publish","type":"post","link":"https:\/\/aconteceunovale.com.br\/portal\/?p=94438","title":{"rendered":"Menino de 9 anos \u00e9 baleado enquanto jogava Pok\u00e9mon Go em Montes Claros"},"content":{"rendered":"<p>O menino de nove anos baleado na porta de casa no Bairro Clarice Athayde, em Montes Claros, na madrugada dessa sexta-feira (12\/08), jogava Pok\u00e9mon Go quando foi atingido. O pai dele tamb\u00e9m foi ferido por um disparo no ombro. Dois jovens, de 14 e 19 anos, foram detidos horas ap\u00f3s o crime. O alvo era um adolescente de 15 anos.<\/p>\n<p>\u201cEle me pediu o celular e sentou na porta, onde havia mais pessoas. Eu e minha esposa est\u00e1vamos assistindo televis\u00e3o e sa\u00edmos porque parecia que estava ocorrendo uma briga. Quando ouvi os tiros, peguei meu filho no colo para entrar e vi que ele tinha sido baleado. Entreguei ele nos bra\u00e7os da minha mulher, tirei o carro da garagem e corri para o hospital, ela que percebeu que eu tinha tomado um tiro. N\u00e3o senti dor, s\u00f3 pensava em socorrer meu filho\u201d, conta Jos\u00e9 Francisco Soares Neto, pai da crian\u00e7a.<\/p>\n<p>Segundo as informa\u00e7\u00f5es do tenente Willian Pereira, da Pol\u00edcia Militar, os dois jovens detidos tinham como alvo um adolescente de 15 anos, que havia roubado a casa de um deles h\u00e1 cerca de um ano.<\/p>\n<p>\u201cOs autores viram que estava havendo uma briga entre os familiares do desafeto deles e o viram na rua, eles passam de bicicleta e atiram v\u00e1rias vezes\u201d, fala o militar.<\/p>\n<p><img decoding=\"async\" src=\"http:\/\/aconteceunovale.com.br\/portal\/wp-content\/uploads\/2016\/08\/baleado_moc.jpg\" alt=\"\" \/><em>Rua onde a crian\u00e7a jogava Pok\u00e9mon Go e foi baleada (Foto: Michelly Oda\/G1)<\/em><br \/>\n<\/br><\/p>\n<p>Francisco Neto conta que o alvo dos dois rapazes correu em dire\u00e7\u00e3o a porta da casa dele, por isso ele o filho acabaram baleados. \u201cEstou sem saber o que aconteceu, estou aqui e nem sei explicar nada ainda. Meu filho est\u00e1 l\u00e1 no hospital, entre a vida e a morte. Se n\u00e3o derem um jeito nessa viol\u00eancia, muitas outras fam\u00edlias v\u00e3o sofrer\u201d, desabafa o pai.<\/p>\n<p>De acordo com o tenente Willian Pereira, o alvo dos tiros j\u00e1 foi apreendido diversas vezes por tr\u00e1fico de drogas, roubos e furto. Ele come\u00e7ou a se envolver com a criminalidade por volta dos nove anos e est\u00e1 jurado de morte. O menor fugiu e n\u00e3o foi encontrado no local.<\/p>\n<p>Durante as buscas, as equipes da PM abordaram dois suspeitos em uma bicicleta com as caracter\u00edsticas iguais a usada pelos criminosos.<\/p>\n<p>\u201cO autor dos disparos estava com uma camisa branca, mas no momento em que a pol\u00edcia fez a abordagem ele estava com uma vermelha, ap\u00f3s dilig\u00eancias ele confessou que a camisa branca estava na casa dele e que era o autor do disparo. A arma foi encontrada enterrada em um matagal\u201d, explica Willian Pereira.<\/p>\n<p>Para a Pol\u00edcia Militar, a regi\u00e3o onde o crime aconteceu \u00e9 considerada tranquila, a afirma\u00e7\u00e3o \u00e9 feita com base em estat\u00edsticas. O caso \u00e9 tratado como uma ocorr\u00eancia pontual, por ter como motiva\u00e7\u00e3o uma diverg\u00eancia anterior, que n\u00e3o envolve o menino de nove anos e o pai dele.<\/p>\n<p>Os jovens detidos foram levados para a delegacia junto com a arma apreendida. A crian\u00e7a foi encaminhada para o hospital, passou por cirurgia e permanece internada no Centro de Terapia Intensiva. O pai dele foi medicado e liberado.<\/p>\n<p><em>(Fonte: G1 Grande Minas\/Michelly Oda)<\/em><\/p>\n","protected":false},"excerpt":{"rendered":"<p>O menino de nove anos baleado na porta de casa no Bairro Clarice Athayde, em Montes Claros, na madrugada dessa sexta-feira (12\/08), jogava Pok\u00e9mon Go quando foi atingido. O pai dele tamb\u00e9m foi ferido por um disparo no ombro. Dois jovens, de 14 e 19 anos, foram detidos horas ap\u00f3s o crime. O alvo era [&hellip;]<\/p>\n","protected":false},"author":1,"featured_media":94439,"comment_status":"open","ping_status":"closed","sticky":false,"template":"","format":"standard","meta":{"amp_status":"","footnotes":""},"categories":[1236],"tags":[77451,110130,110128,110127,110131,110129,110132,210],"class_list":["post-94438","post","type-post","status-publish","format-standard","has-post-thumbnail","hentry","category-norte_de_minas","tag-baleado-em-montes-claros","tag-crianca-baleada-em-montes-claros","tag-crime-jogador-de-pokemon-go","tag-jogador-de-pokemon-go-baleado-em-montes-claros","tag-menino-baleado-em-montes-claros","tag-menino-baleado-no-bairro-clarice-athayde","tag-menino-de-9-anos-e-baleada-enquanto-jogava-pokemon-go-em-montes-claros","tag-montes-claros"],"_links":{"self":[{"href":"https:\/\/aconteceunovale.com.br\/portal\/index.php?rest_route=\/wp\/v2\/posts\/94438","targetHints":{"allow":["GET"]}}],"collection":[{"href":"https:\/\/aconteceunovale.com.br\/portal\/index.php?rest_route=\/wp\/v2\/posts"}],"about":[{"href":"https:\/\/aconteceunovale.com.br\/portal\/index.php?rest_route=\/wp\/v2\/types\/post"}],"author":[{"embeddable":true,"href":"https:\/\/aconteceunovale.com.br\/portal\/index.php?rest_route=\/wp\/v2\/users\/1"}],"replies":[{"embeddable":true,"href":"https:\/\/aconteceunovale.com.br\/portal\/index.php?rest_route=%2Fwp%2Fv2%2Fcomments&post=94438"}],"version-history":[{"count":0,"href":"https:\/\/aconteceunovale.com.br\/portal\/index.php?rest_route=\/wp\/v2\/posts\/94438\/revisions"}],"wp:featuredmedia":[{"embeddable":true,"href":"https:\/\/aconteceunovale.com.br\/portal\/index.php?rest_route=\/wp\/v2\/media\/94439"}],"wp:attachment":[{"href":"https:\/\/aconteceunovale.com.br\/portal\/index.php?rest_route=%2Fwp%2Fv2%2Fmedia&parent=94438"}],"wp:term":[{"taxonomy":"category","embeddable":true,"href":"https:\/\/aconteceunovale.com.br\/portal\/index.php?rest_route=%2Fwp%2Fv2%2Fcategories&post=94438"},{"taxonomy":"post_tag","embeddable":true,"href":"https:\/\/aconteceunovale.com.br\/portal\/index.php?rest_route=%2Fwp%2Fv2%2Ftags&post=94438"}],"curies":[{"name":"wp","href":"https:\/\/api.w.org\/{rel}","templated":true}]}}