{"id":94434,"date":"2016-08-12T18:22:35","date_gmt":"2016-08-12T21:22:35","guid":{"rendered":"http:\/\/aconteceunovale.com.br\/portal\/?p=94434"},"modified":"2016-08-13T11:00:10","modified_gmt":"2016-08-13T14:00:10","slug":"homem-procurado-pela-interpol-por-crime-em-governador-valadares-e-preso-ao-desembarcar-em-confins","status":"publish","type":"post","link":"https:\/\/aconteceunovale.com.br\/portal\/?p=94434","title":{"rendered":"Homem procurado pela Interpol por crime em Governador Valadares \u00e9 preso ao desembarcar em Confins"},"content":{"rendered":"<p>Um mineiro procurado pela Interpol foi preso na manh\u00e3 desta sexta-feira (12\/08), pela Pol\u00edcia Federal (PF), ao desembarcar no Aeroporto Internacional Tancredo Neves, em Confins, na regi\u00e3o metropolitana de Belo Horizonte. <\/p>\n<p>O homem de 61 anos \u00e9 natural de Te\u00f3filo Otoni, no Vale do Mucuri, e chegou ao pa\u00eds em um voo procedentes de Miami, nos Estados Unidos. Ele \u00e9 acusado de ter desferido golpes de faca em sua companheira em outubro de 2011, durante uma confraterniza\u00e7\u00e3o em Governador Valadares, na regi\u00e3o do Rio Doce. <\/p>\n<p>Al\u00e9m da mulher, o idoso ainda teria atingido mais tr\u00eas homens que teriam tentado intervir nas agress\u00f5es.Ainda de acordo com a PF, na ocasi\u00e3o n\u00e3o houve \u00f3bito, uma vez que o socorro foi prestado a tempo.<\/p>\n<p>O suspeito, que foi condenado pela Justi\u00e7a mineira pelos crimes de homic\u00eddio tentado e les\u00e3o corporal, ser\u00e1 encaminhado ao Complexo Penitenci\u00e1rio Nelson Hungria, em Contagem, tamb\u00e9m na regi\u00e3o metropolitana da capital.<\/p>\n<p>Ele permanecer\u00e1 na unidade prisional \u00e0 disposi\u00e7\u00e3o do Juiz de Direito da Vara de Execu\u00e7\u00f5es Criminais de Governador Valadares. (O Tempo)<\/p>\n","protected":false},"excerpt":{"rendered":"<p>Um mineiro procurado pela Interpol foi preso na manh\u00e3 desta sexta-feira (12\/08), pela Pol\u00edcia Federal (PF), ao desembarcar no Aeroporto Internacional Tancredo Neves, em Confins, na regi\u00e3o metropolitana de Belo Horizonte. O homem de 61 anos \u00e9 natural de Te\u00f3filo Otoni, no Vale do Mucuri, e chegou ao pa\u00eds em um voo procedentes de Miami, [&hellip;]<\/p>\n","protected":false},"author":1,"featured_media":15306,"comment_status":"open","ping_status":"closed","sticky":false,"template":"","format":"standard","meta":{"amp_status":"","footnotes":""},"categories":[121],"tags":[247,110121,23632,20966,772,110122,164],"class_list":["post-94434","post","type-post","status-publish","format-standard","has-post-thumbnail","hentry","category-leste","tag-governador-valadares","tag-homem-procurado-pela-interpol-por-crime-em-governador-valadares-e-preso-ao-desembarcar-em-confins","tag-interpol","tag-pf","tag-policia-federal","tag-procurado-pela-interpol-por-crime-em-governador-valadares","tag-teofilo-otoni"],"_links":{"self":[{"href":"https:\/\/aconteceunovale.com.br\/portal\/index.php?rest_route=\/wp\/v2\/posts\/94434","targetHints":{"allow":["GET"]}}],"collection":[{"href":"https:\/\/aconteceunovale.com.br\/portal\/index.php?rest_route=\/wp\/v2\/posts"}],"about":[{"href":"https:\/\/aconteceunovale.com.br\/portal\/index.php?rest_route=\/wp\/v2\/types\/post"}],"author":[{"embeddable":true,"href":"https:\/\/aconteceunovale.com.br\/portal\/index.php?rest_route=\/wp\/v2\/users\/1"}],"replies":[{"embeddable":true,"href":"https:\/\/aconteceunovale.com.br\/portal\/index.php?rest_route=%2Fwp%2Fv2%2Fcomments&post=94434"}],"version-history":[{"count":0,"href":"https:\/\/aconteceunovale.com.br\/portal\/index.php?rest_route=\/wp\/v2\/posts\/94434\/revisions"}],"wp:featuredmedia":[{"embeddable":true,"href":"https:\/\/aconteceunovale.com.br\/portal\/index.php?rest_route=\/wp\/v2\/media\/15306"}],"wp:attachment":[{"href":"https:\/\/aconteceunovale.com.br\/portal\/index.php?rest_route=%2Fwp%2Fv2%2Fmedia&parent=94434"}],"wp:term":[{"taxonomy":"category","embeddable":true,"href":"https:\/\/aconteceunovale.com.br\/portal\/index.php?rest_route=%2Fwp%2Fv2%2Fcategories&post=94434"},{"taxonomy":"post_tag","embeddable":true,"href":"https:\/\/aconteceunovale.com.br\/portal\/index.php?rest_route=%2Fwp%2Fv2%2Ftags&post=94434"}],"curies":[{"name":"wp","href":"https:\/\/api.w.org\/{rel}","templated":true}]}}