{"id":94414,"date":"2016-08-12T13:57:17","date_gmt":"2016-08-12T16:57:17","guid":{"rendered":"http:\/\/aconteceunovale.com.br\/portal\/?p=94414"},"modified":"2016-08-12T18:13:06","modified_gmt":"2016-08-12T21:13:06","slug":"acidentes-deixam-sete-feridos-em-governador-valadares","status":"publish","type":"post","link":"https:\/\/aconteceunovale.com.br\/portal\/?p=94414","title":{"rendered":"Acidentes deixam sete feridos em Governador Valadares"},"content":{"rendered":"<p>Sete pessoas ficaram feridas em tr\u00eas acidentes registrados em Governador Valadares, no Vale do Rio Doce. Na noite de quinta-feira, 11 de agosto, a colis\u00e3o entre um autom\u00f3vel e uma carreta deixou tr\u00eas feridos pr\u00f3ximo ao posto Cherokee, na BR-116. Segundo informa\u00e7\u00f5es da Pol\u00edcia Rodovi\u00e1ria Federal (PRF), o carro em que as v\u00edtimas estavam colidiu contra o ve\u00edculo de carga que seguia para Mathias Lobato.<\/p>\n<p>Um homem de 26 anos, a esposa e um filho do casal foram socorridos por uma equipe do Servi\u00e7o de Atendimento M\u00f3vel de Urg\u00eancia (SAMU) e encaminhados para o hospital pronto-socorro do munic\u00edpio. O condutor do caminh\u00e3o n\u00e3o se feriu.<\/p>\n<p>O tr\u00e2nsito no local ficou parcialmente interditado, mas j\u00e1 foi liberado. O carro das v\u00edtimas foi levado para um p\u00e1tio credenciado ao DETRAN. As causas do acidente s\u00e3o apuradas pelas autoridades competentes.<\/p>\n<p><img decoding=\"async\" src=\"http:\/\/aconteceunovale.com.br\/portal\/wp-content\/uploads\/2016\/08\/acidente_gv_11_1.jpg\" alt=\"\" \/><em>Tr\u00eas pessoas ficaram feridas na BR-116 (Foto: Corpo de Bombeiros\/Divulga\u00e7\u00e3o)<\/em><br \/>\n<\/br><\/p>\n<h4><strong>Acidente com animal<\/strong><\/h4>\n<p>Um motociclista ficou ferido em um acidente nesta sexta-feira (12\/08) na Avenida Industrial, conhecida como reta do Aeroporto. Segundo informa\u00e7\u00f5es, a v\u00edtima de prenome \u00c9lson, seguia para o trabalho em uma loja de baterias, quando foi surpreendido por um equino, que invadiu a via. Um carro que passava no momento, tamb\u00e9m colidiu contra o animal.<\/p>\n<p>O cavalo morreu no local. O condutor da moto foi socorrido por uma equipe do SAMU e encaminhado para um hospital. <\/p>\n<p><img decoding=\"async\" src=\"http:\/\/aconteceunovale.com.br\/portal\/wp-content\/uploads\/2016\/08\/acidente_cavalo_gv_1.jpg\" alt=\"\" \/><em>Motociclista colidiu contra equino (Foto: Roberto Higino\/Caso de Pol\u00edcia)<\/em><br \/>\n<\/br><\/p>\n<p><img decoding=\"async\" src=\"http:\/\/aconteceunovale.com.br\/portal\/wp-content\/uploads\/2016\/08\/acidente_cavalo_gv_3.jpg\" alt=\"\" \/><em>Motociclista colidiu contra equino (Foto: Roberto Higino\/Caso de Pol\u00edcia)<\/em><br \/>\n<\/br><\/p>\n<p><img decoding=\"async\" src=\"http:\/\/aconteceunovale.com.br\/portal\/wp-content\/uploads\/2016\/08\/acidente_cavalo_gv_2.jpg\" alt=\"\" \/><em>Motociclista colidiu contra equino (Foto: Roberto Higino\/Caso de Pol\u00edcia)<\/em><br \/>\n<\/br><\/p>\n<h4><strong>Acidente na BR-381<\/strong><\/h4>\n<p>Tr\u00eas pessoas ficaram feridas ap\u00f3s um acidente na tarde desta quinta-feira (11\/08) na BR-381, per\u00edmetro urbano de Governador Valadares, no Vale do Rio Doce.  Segundo testemunhas um carro teria invadido a contram\u00e3o e colidido de frente com um caminh\u00e3o, que saiu da pista e se chocou contra uma \u00e1rvore.<\/p>\n<p>O condutor do ve\u00edculo de carga ficou preso \u00e0s ferragens e foi socorrido por equipes do Corpo de Bombeiros e do Servi\u00e7o de Atendimento M\u00f3vel de Urg\u00eancia (SAMU), sendo encaminhado para o hospital municipal com fratura de f\u00eamur. Outro homem que tamb\u00e9m estava no caminh\u00e3o sofreu apenas ferimentos leves.<\/p>\n<p>No carro de passeio estava apenas o condutor, que foi socorrido pelo Corpo de Bombeiros e encaminhado a um hospital. As causas do acidente ainda n\u00e3o foram divulgadas.<\/p>\n<p><img decoding=\"async\" src=\"http:\/\/aconteceunovale.com.br\/portal\/wp-content\/uploads\/2016\/08\/acidente_381_gv_1.jpg\" alt=\"\" \/><em>Acidente na BR-381, em Valadares (Foto: Reprodu\u00e7\u00e3o\/Rede Alerta)<\/em><br \/>\n<\/br><\/p>\n<p><img decoding=\"async\" src=\"http:\/\/aconteceunovale.com.br\/portal\/wp-content\/uploads\/2016\/08\/acidente_381_gv_2.jpg\" alt=\"\" \/><em>Acidente na BR-381, em Valadares (Foto: Reprodu\u00e7\u00e3o\/Rede Alerta)<\/em><br \/>\n<\/br><\/p>\n<p><em>(Com informa\u00e7\u00f5es do G1 dos Vales e Corpo de Bombeiros)<\/em><\/p>\n","protected":false},"excerpt":{"rendered":"<p>Sete pessoas ficaram feridas em tr\u00eas acidentes registrados em Governador Valadares, no Vale do Rio Doce. Na noite de quinta-feira, 11 de agosto, a colis\u00e3o entre um autom\u00f3vel e uma carreta deixou tr\u00eas feridos pr\u00f3ximo ao posto Cherokee, na BR-116. Segundo informa\u00e7\u00f5es da Pol\u00edcia Rodovi\u00e1ria Federal (PRF), o carro em que as v\u00edtimas estavam colidiu [&hellip;]<\/p>\n","protected":false},"author":1,"featured_media":94417,"comment_status":"open","ping_status":"closed","sticky":false,"template":"","format":"standard","meta":{"amp_status":"","footnotes":""},"categories":[121],"tags":[110105,80391,110104,110109,80392,110107,31030,8237,110108,110111,110106,110103,66364,247,302,110110,109981,109982],"class_list":["post-94414","post","type-post","status-publish","format-standard","has-post-thumbnail","hentry","category-leste","tag-acidente-animal-governador-valadares","tag-acidente-com-cavalo-em-governador-valadares","tag-acidente-elson-baterias-raion","tag-acidente-entre-carro-e-carreta-em-governador-valadares","tag-acidente-governador-valadares","tag-acidente-na-br-116-governador-valadares","tag-acidente-na-br-381-em-governador-valadares","tag-acidente-na-br-381","tag-acidente-na-reta-do-aeroporto-governador-valadares","tag-acidentes-deixam-sete-feridos-em-governador-valadares","tag-acidentes-governador-valadares","tag-elson-baterias-raion","tag-em-governador-valadares","tag-governador-valadares","tag-mathias-lobato","tag-sete-pessoas-ficam-feridas-em-tres-acidentes-em-governador-valadares","tag-tres-pessoas-ficam-feridas-em-acidente-na-br-381","tag-tres-pessoas-ficam-feridas-em-acidente-na-br-381-em-governador-valadares"],"_links":{"self":[{"href":"https:\/\/aconteceunovale.com.br\/portal\/index.php?rest_route=\/wp\/v2\/posts\/94414","targetHints":{"allow":["GET"]}}],"collection":[{"href":"https:\/\/aconteceunovale.com.br\/portal\/index.php?rest_route=\/wp\/v2\/posts"}],"about":[{"href":"https:\/\/aconteceunovale.com.br\/portal\/index.php?rest_route=\/wp\/v2\/types\/post"}],"author":[{"embeddable":true,"href":"https:\/\/aconteceunovale.com.br\/portal\/index.php?rest_route=\/wp\/v2\/users\/1"}],"replies":[{"embeddable":true,"href":"https:\/\/aconteceunovale.com.br\/portal\/index.php?rest_route=%2Fwp%2Fv2%2Fcomments&post=94414"}],"version-history":[{"count":0,"href":"https:\/\/aconteceunovale.com.br\/portal\/index.php?rest_route=\/wp\/v2\/posts\/94414\/revisions"}],"wp:featuredmedia":[{"embeddable":true,"href":"https:\/\/aconteceunovale.com.br\/portal\/index.php?rest_route=\/wp\/v2\/media\/94417"}],"wp:attachment":[{"href":"https:\/\/aconteceunovale.com.br\/portal\/index.php?rest_route=%2Fwp%2Fv2%2Fmedia&parent=94414"}],"wp:term":[{"taxonomy":"category","embeddable":true,"href":"https:\/\/aconteceunovale.com.br\/portal\/index.php?rest_route=%2Fwp%2Fv2%2Fcategories&post=94414"},{"taxonomy":"post_tag","embeddable":true,"href":"https:\/\/aconteceunovale.com.br\/portal\/index.php?rest_route=%2Fwp%2Fv2%2Ftags&post=94414"}],"curies":[{"name":"wp","href":"https:\/\/api.w.org\/{rel}","templated":true}]}}