{"id":94383,"date":"2016-08-12T07:47:29","date_gmt":"2016-08-12T10:47:29","guid":{"rendered":"http:\/\/aconteceunovale.com.br\/portal\/?p=94383"},"modified":"2016-08-12T07:47:29","modified_gmt":"2016-08-12T10:47:29","slug":"previsao-do-tempo-para-minas-gerais-nesta-sexta-feira-12-de-agosto","status":"publish","type":"post","link":"https:\/\/aconteceunovale.com.br\/portal\/?p=94383","title":{"rendered":"Previs\u00e3o do tempo para Minas Gerais, nesta sexta-feira, 12 de agosto"},"content":{"rendered":"<h4><strong><em>Dia nublado com possibilidade de ocorrer forma\u00e7\u00e3o de nevoeiros sobre as rodovias que cortam a faixa Leste do Estado.<\/em><\/strong><\/h4>\n<p>A frente fria que avan\u00e7a no litoral do sudeste, especialmente no norte do Rio de Janeiro, mant\u00e9m o tempo inst\u00e1vel em parte da Regi\u00e3o Sudeste do Brasil. Dia nublado no Vale do A\u00e7o e Rio Doce, Zona da Mata e Campo das Vertentes. No Tri\u00e2ngulo Norte e Sul, Alto Parana\u00edba e Oeste o dia ensolarado com baixos \u00edndices de umidade relativa do ar. <\/p>\n<p>Na Regi\u00e3o Metropolitana o dia ser\u00e1 de tempo nublado a encoberto com possibilidade de chuva \u00e0 tarde. Em Belo Horizonte a temperatura deve variar entre 16\u00b0C e 26\u00b0C com umidade do ar \u00e0 tarde na casa dos 35%. Aten\u00e7\u00e3o motoristas com inten\u00e7\u00e3o de viajar no feriad\u00e3o: h\u00e1 chances de ocorrer forma\u00e7\u00e3o de nevoeiros sobre as rodovias que cortam a faixa leste do estado.<\/p>\n","protected":false},"excerpt":{"rendered":"<p>Dia nublado com possibilidade de ocorrer forma\u00e7\u00e3o de nevoeiros sobre as rodovias que cortam a faixa Leste do Estado. A frente fria que avan\u00e7a no litoral do sudeste, especialmente no norte do Rio de Janeiro, mant\u00e9m o tempo inst\u00e1vel em parte da Regi\u00e3o Sudeste do Brasil. Dia nublado no Vale do A\u00e7o e Rio Doce, [&hellip;]<\/p>\n","protected":false},"author":1,"featured_media":82499,"comment_status":"open","ping_status":"closed","sticky":false,"template":"","format":"standard","meta":{"amp_status":"","footnotes":""},"categories":[123],"tags":[54978,194,131,38395,1956,27340,110015,86248,110014,1839,110012,27976,110011,110013],"class_list":["post-94383","post","type-post","status-publish","format-standard","has-post-thumbnail","hentry","category-gerais","tag-12-de-agosto","tag-belo-horizonte","tag-minas-gerais","tag-nesta-sexta-feira","tag-previsao-do-tempo","tag-previsao-do-tempo-para-belo-horizonte","tag-previsao-do-tempo-para-belo-horizonte-12-de-agosto","tag-previsao-do-tempo-para-belo-horizonte-nesta-sexta-feira","tag-previsao-do-tempo-para-belo-horizonte-nesta-sexta-feira-12-de-agosto","tag-previsao-do-tempo-para-minas-gerais","tag-previsao-do-tempo-para-minas-gerais-12-de-agosto","tag-previsao-do-tempo-para-minas-gerais-nesta-sexta-feira","tag-previsao-do-tempo-para-minas-gerais-nesta-sexta-feira-12-de-agosto","tag-sexta-feira-12-de-agosto"],"_links":{"self":[{"href":"https:\/\/aconteceunovale.com.br\/portal\/index.php?rest_route=\/wp\/v2\/posts\/94383","targetHints":{"allow":["GET"]}}],"collection":[{"href":"https:\/\/aconteceunovale.com.br\/portal\/index.php?rest_route=\/wp\/v2\/posts"}],"about":[{"href":"https:\/\/aconteceunovale.com.br\/portal\/index.php?rest_route=\/wp\/v2\/types\/post"}],"author":[{"embeddable":true,"href":"https:\/\/aconteceunovale.com.br\/portal\/index.php?rest_route=\/wp\/v2\/users\/1"}],"replies":[{"embeddable":true,"href":"https:\/\/aconteceunovale.com.br\/portal\/index.php?rest_route=%2Fwp%2Fv2%2Fcomments&post=94383"}],"version-history":[{"count":0,"href":"https:\/\/aconteceunovale.com.br\/portal\/index.php?rest_route=\/wp\/v2\/posts\/94383\/revisions"}],"wp:featuredmedia":[{"embeddable":true,"href":"https:\/\/aconteceunovale.com.br\/portal\/index.php?rest_route=\/wp\/v2\/media\/82499"}],"wp:attachment":[{"href":"https:\/\/aconteceunovale.com.br\/portal\/index.php?rest_route=%2Fwp%2Fv2%2Fmedia&parent=94383"}],"wp:term":[{"taxonomy":"category","embeddable":true,"href":"https:\/\/aconteceunovale.com.br\/portal\/index.php?rest_route=%2Fwp%2Fv2%2Fcategories&post=94383"},{"taxonomy":"post_tag","embeddable":true,"href":"https:\/\/aconteceunovale.com.br\/portal\/index.php?rest_route=%2Fwp%2Fv2%2Ftags&post=94383"}],"curies":[{"name":"wp","href":"https:\/\/api.w.org\/{rel}","templated":true}]}}