{"id":94374,"date":"2016-08-11T22:54:11","date_gmt":"2016-08-12T01:54:11","guid":{"rendered":"http:\/\/aconteceunovale.com.br\/portal\/?p=94374"},"modified":"2016-08-11T22:54:11","modified_gmt":"2016-08-12T01:54:11","slug":"prefeitura-de-governador-valadares-exonera-secretarios-presos-na-operacao-mar-de-lama","status":"publish","type":"post","link":"https:\/\/aconteceunovale.com.br\/portal\/?p=94374","title":{"rendered":"Prefeitura de Governador Valadares exonera secret\u00e1rios presos na Opera\u00e7\u00e3o Mar de Lama"},"content":{"rendered":"<p>A prefeitura de Governador Valadares, no Vale do Rio Doce, exonerou o secret\u00e1rio de educa\u00e7\u00e3o, Jaider Batista da Silva, e o secret\u00e1rio de desenvolvimento, Edmilson Soares dos Santos, que foram presos na s\u00e9tima fase da Opera\u00e7\u00e3o Mar de Lama, deflagrada pela Pol\u00edcia Federal nessa quarta-feira (10\/08). A informa\u00e7\u00e3o foi publicada no Di\u00e1rio Oficial do Munic\u00edpio.<\/p>\n<p>A s\u00e9tima fase da Opera\u00e7\u00e3o Mar de Lama investigava seis dispensas de licita\u00e7\u00e3o, entre elas contratos de constru\u00e7\u00f5es de creches e reformas de escolas, onde foi constatado um superfaturamento de no m\u00ednimo R$ 711.665. As investiga\u00e7\u00f5es apontaram que o secret\u00e1rio de educa\u00e7\u00e3o do munic\u00edpio recebeu R$ 15 mil em propinas das m\u00e3os do ex-diretor adjunto do Servi\u00e7o Aut\u00f4nomo de \u00c1gua e Esgoto (SAAE), relativo a um percentual de parcelas dos pagamentos da prefeitura a uma empresa envolvida no esquema.<\/p>\n<p><img decoding=\"async\" src=\"http:\/\/aconteceunovale.com.br\/portal\/wp-content\/uploads\/2016\/08\/secretarios_gv.jpg\" alt=\"\" \/><em>Jaider Batista e Edmilson Soares (Foto: Reprodu\u00e7\u00e3o\/DRD)<\/em><br \/>\n<\/br><\/p>\n<p><strong>Novos secret\u00e1rios<\/strong><\/p>\n<p>Sexta-feira, \u00e0s 9 horas, no 5\u00b0 andar da Prefeitura, acontecer\u00e1 a posse dos novos secret\u00e1rios. A Secretaria de Educa\u00e7\u00e3o passa a ser comandada pela funcion\u00e1ria de carreira Jeane Grace de Alencar \u2014 ela \u00e9 diretora da Escola Municipal Laura Fabri. A atual presidente da Regional Rio Doce da Fiemg Regional Rio Doce, Roz\u00e2ni Maria Rocha de Azevedo, assume a Secretaria Municipal de Desenvolvimento.<\/p>\n<p><strong>Elei\u00e7\u00f5es<\/strong><\/p>\n<p>Os efeitos da Mar de Lama respingaram em coliga\u00e7\u00f5es pol\u00edticas para o pleito de 2016 e atingiram candidaturas tidas como imbat\u00edveis e certas no in\u00edcio do ano. Vereadores que trabalhavam pela reelei\u00e7\u00e3o ou que planejavam chegar ao Executivo, por exemplo, agora se preocupam em deixar a pris\u00e3o.<\/p>\n<p>N\u00e3o foi por acaso que a Mar de Lama se transformou na maior for\u00e7a-tarefa da atualidade em Minas. Al\u00e9m do MPMG, do MPF e da PF, a opera\u00e7\u00e3o tamb\u00e9m re\u00fane o Minist\u00e9rio da Transpar\u00eancia, Fiscaliza\u00e7\u00e3o e Controle (MTFC) e a Pol\u00edcia Militar (PM). No in\u00edcio, os investigadores n\u00e3o imaginavam que descobririam uma rede de corrup\u00e7\u00e3o t\u00e3o ampla.<\/p>\n<p><strong>Hist\u00f3rico<\/strong><\/p>\n<p>A Opera\u00e7\u00e3o Mar de Lama, iniciada em abril, teve como primeiro alvo uma organiza\u00e7\u00e3o que fraudou licita\u00e7\u00f5es em Governador Valadares, ap\u00f3s os estragos causados pela forte chuva de 2013. Na ocasi\u00e3o, a prefeitura da cidade decretou estado de emerg\u00eancia com o objetivo de facilitar a capta\u00e7\u00e3o dos recursos para as obras necess\u00e1rias. \u00c9 nesse contexto que os acusados s\u00e3o suspeitos de terem atuado.<\/p>\n<p>Em suas outras fases, a Opera\u00e7\u00e3o tamb\u00e9m encontrou fraudes nos processos de concess\u00e3o dos servi\u00e7os de transporte p\u00fablico do Governador Valadares e na aquisi\u00e7\u00e3o de alimenta\u00e7\u00e3o escolar. Foi desmantelado um grupo que burlava licita\u00e7\u00f5es com recursos recebidos do Programa Nacional de Alimenta\u00e7\u00e3o Escolar (PNAE) do Fundo Nacional de Desenvolvimento da Educa\u00e7\u00e3o (FNDE).<\/p>\n<p>No m\u00eas passado, o Minist\u00e9rio P\u00fablico de Minas Gerais (MPMG) ofereceu den\u00fancia contra o presidente do Sindicato dos Trabalhadores de Transportes Rodovi\u00e1rios de Governador Valadares (Sinttro) e o advogado da entidade, al\u00e9m da administradora e do s\u00f3cio propriet\u00e1rio da Valadarense Transportes Coletivos, empresa que det\u00e9m a concess\u00e3o do servi\u00e7o de transportes p\u00fablicos no munic\u00edpio mineiro. Eles s\u00e3o acusados de a\u00e7\u00e3o conjunta em 2010, quando realizaram acordos fraudulentos com o objetivo de obterem vantagens il\u00edcitas.<\/p>\n<p>Entre as provas apresentadas pelo Minist\u00e9rio P\u00fablico, est\u00e1 um v\u00eddeo, guardado pela Empresa Valadarense de Transportes Coletivos, que registra a negocia\u00e7\u00e3o do pagamento de R$500 mil ao presidente do Sinttro para que fossem finalizados 18 processos judiciais de interesse dos trabalhadores.<\/p>\n<p>Al\u00e9m de empres\u00e1rios e servidores p\u00fablicos, os esquemas investigados pela Opera\u00e7\u00e3o Mar de Lama contam tamb\u00e9m com a participa\u00e7\u00e3o de pol\u00edticos. Treze dos 21 vereadores eleitos est\u00e3o com os mandatos suspensos, sendo que sete deles tiveram pris\u00e3o decretada. Em maio, o Minist\u00e9rio P\u00fablico de Minas Gerais (MPMG) apresentou den\u00fancia contra 12 vereadores e dois secret\u00e1rios municipais que receberam propina da Valadarense Transportes Coletivos. <\/p>\n<p><strong>Linha do tempo da Mar de Lama<\/strong><\/p>\n<p>-> 11\/4: Oito pessoas, entre empres\u00e1rios e servidores p\u00fablicos, s\u00e3o presas por suspeita de fraude em licita\u00e7\u00e3o. A pedido do MPF e da PF, a Justi\u00e7a determina o afastamento de 20 agentes p\u00fablicos de suas fun\u00e7\u00f5es, sendo oito dos 21 vereadores.<\/p>\n<p>-> 27\/4: Mais cinco vereadores s\u00e3o afastados do Legislativo pela Justi\u00e7a. A opera\u00e7\u00e3o contou com 30 policiais federais.<\/p>\n<p>-> 19\/5: Dezessete pessoas, incluindo sete vereadores, s\u00e3o presas. Participam da opera\u00e7\u00e3o 100 policiais federais, 66 militares e seis servidores do MTFC. O grupo cumpre cinco mandados de pris\u00e3o preventiva, 15 de tempor\u00e1ria, 21 de busca e apreens\u00e3o e tr\u00eas de sequestros de bens im\u00f3veis. Foram apreendidos R$ 101,8 mil e US$ 21 mil, al\u00e9m de carros de luxo e barras de ouro.<\/p>\n<p>-> 22\/5: O MPMG e a PF prendem o chefe de um cart\u00f3rio em Santo Ant\u00f4nio do Porto, distrito de Valadares. Ele \u00e9 suspeito de conceder certid\u00e3o com a data retroativa a uma das s\u00f3cias da empresa Valadarense. De posse do documento, ela tentou sacar R$ 60 mil de conta bloqueada pela Justi\u00e7a.<\/p>\n<p>-> 21\/6: O Gaeco consegue mandado de pris\u00e3o para o presidente do Sindicato dos Rodovi\u00e1rios de Valadares, Jorge Lopes, e o dono da Valadarense.<\/p>\n<p>-> 07\/7: A for\u00e7a-tarefa prende dois empres\u00e1rios e um lobista envolvidos em fraude em licita\u00e7\u00e3o para a merenda escolar. Um dos detidos embarcaria com a fam\u00edlia para os Estados Unidos horas antes de ser detido. Os investigadores suspeitam que ele fugiria do pa\u00eds.<\/p>\n<p>-> 10\/8: O procurador-geral do munic\u00edpio e dois secret\u00e1rios municipais foram presos na manh\u00e3 de ontem.<\/p>\n<p><em>(Fonte: G1 dos Vales \/ Di\u00e1rio do Rio Doce e Estado de Minas)<\/em><\/p>\n","protected":false},"excerpt":{"rendered":"<p>A prefeitura de Governador Valadares, no Vale do Rio Doce, exonerou o secret\u00e1rio de educa\u00e7\u00e3o, Jaider Batista da Silva, e o secret\u00e1rio de desenvolvimento, Edmilson Soares dos Santos, que foram presos na s\u00e9tima fase da Opera\u00e7\u00e3o Mar de Lama, deflagrada pela Pol\u00edcia Federal nessa quarta-feira (10\/08). A informa\u00e7\u00e3o foi publicada no Di\u00e1rio Oficial do Munic\u00edpio. [&hellip;]<\/p>\n","protected":false},"author":1,"featured_media":94375,"comment_status":"open","ping_status":"closed","sticky":false,"template":"","format":"standard","meta":{"amp_status":"","footnotes":""},"categories":[121],"tags":[100183,95481,88052,27930,88528,88412,88221,88090,27927,98819,95486,88047,88511,88077,95458,109685,88410,100979,1018,88078,88076,98821,29486,95475,95470,95474,65870,88098,88081,100978,88094,88096,88101,88103,46212,109705,1886,88092,88072,37874,88099,95293,95457,95303,88053,95484,88057,27921,98280,247,95456,67701,95483,100193,95469,100195,95478,96031,88080,96028,95477,96030,88088,88071,99429,99430,96102,74250,74249,95480,95471,95473,88062,88446,100184,27928,88066,697,109683,109682,88070,88082,88046,88045,88074,98825,95479,100980,88100,88102,20966,88079,772,88512,35082,88264,100321,88075,19707,95505,95510,88050,88051,88091,88065,88095,88097,95294,88054,88055,88056,88089,88059,95295,88058,88060,88068,88067,88083,88042,96840,88087,88064,95289,88043,88085,88061,95498,95490,95494,95496,95455,88093,95292,95508,95507,95489,95502,95501,95504,95491,95493,95495,95503,95506,95512,95499,95492,95511,95509,95500,95497,96839,96838,758,98826,98823,98824,95482,95488,95476,96029,98822,98820,49318,80641,95472,88073,88086,88063,95487,100180,100182,100181,88350,100925,95485,5035,88044,95288,88040,100308,100309,100310,62430,88084,27929],"class_list":["post-94374","post","type-post","status-publish","format-standard","has-post-thumbnail","hentry","category-leste","tag-3a-vara-criminal-da-comarca-de-governador-valadares","tag-aldair-santos-doliveira","tag-anania-paula-da-silva","tag-ananias-camelo","tag-anexo-da-camara-municipal-de-governador-valadares-e-alvo-de-vandalismo","tag-bispo-da-diocese-de-governador-valadares","tag-camara-municipal-de-governador-valadares","tag-carlos-helder-lazaro","tag-cezinha-alvarenga","tag-claudineia-araujo","tag-construtora-vieira-prado","tag-corrupcao-governador-valadares","tag-corrupcao-pt","tag-corrupcao-saae-de-governador-valadares","tag-corrupcao-valadarense","tag-crimes-contra-a-administracao-publica-no-municipio-de-governador-valadares","tag-darly-alves-de-souza","tag-delacao-premiada-do-ex-diretor-do-saae-jefferson-santos-lima","tag-destaque","tag-desvio-de-dinheiro-governador-valadares","tag-desvio-de-dinheiro-saae-de-governador-valadares","tag-desvio-de-recursos-publicos-governador-valadares","tag-diocese-de-governador-valadares","tag-diretor-adjunto-do-saae","tag-diretor-de-gestao-de-rh-do-saae","tag-diretor-do-departamento-de-servicos-funerarios-e-cemiterios","tag-diretor-do-saae","tag-diretor-geral-do-saae-de-governador-valadares","tag-diretor-geral-do-saae-de-governador-valadares-e-outras-sete-pessoas-sao-presos-em-operacao-da-pf","tag-dividas-de-campanha-da-prefeita-elisa-costa","tag-djalma-florencio-diniz","tag-djalma-florencio-diniz-junior","tag-dpark","tag-dpark-servicos-de-estacionamento","tag-edmilson-soares","tag-edmilson-soares-dos-santos","tag-elisa-costa","tag-emilio-claudio-alvarenga-rios","tag-emilio-frois","tag-empresarios","tag-fejoli-florestal","tag-fraude-empresa-valadarense","tag-fraude-valadarense","tag-gaeco-de-governador-valadares","tag-geovanne-honorio-da-silva","tag-gerente-do-posto-tabajara","tag-gledston-gomes-de-araujo","tag-gledston-guetao","tag-gledston-guetao-reassume-cadeira-na-camara-de-governador-valadares","tag-governador-valadares","tag-investigacao-valadarense","tag-jaider-batista-da-silva","tag-jean-carlos-soares","tag-jefferson-lima","tag-jefferson-santos-lima","tag-jorge-ferreira-lopes","tag-jose-estanislau-de-brito","tag-juiz-converte-10-prisoes-temporarias-em-preventivas-e-libera-4-investigados-da-cadeia","tag-juiz-federal-determina-o-afastamento-de-oito-vereadores-de-governador-valadares","tag-juiz-libera-4-investigados-e-converte-10-prisoes-temporarias-em-preventivas","tag-juliana-campos-carvalho","tag-juliana-campos-carvalho-schettino","tag-juliana-de-oliveira-alves-melo","tag-juninho-tabajara","tag-justica-aceita-denuncia-e-torna-reus-36-politicos-e-servidores-publicos-de-governador-valadares","tag-justica-aceita-integralmente-denuncia-do-mpmg-contra-politicos-e-servidores-publicos-de-governador-valadares","tag-justica-recebe-denuncias-do-mpf-por-desvios-de-verbas-federais-em-governador-valadares","tag-levi-presidente","tag-levi-vieira-da-silva","tag-lucas-estanislau-de-brito","tag-marco-rodrigo-rios-bertolacini","tag-marcos-antonio-voria","tag-marinaldo-carlos-de-amorim","tag-memes-governador-valadares","tag-michel-cristian-de-freitas","tag-milvinho","tag-milvio-jose-da-silva","tag-minas","tag-obras-sem-licitacao-beneficiaram-empresarios-e-agentes-publicos-em-governador-valadares","tag-obras-sem-licitacao-beneficiaram-empresarios-e-agentes-publicos-em-minas-gerais","tag-omir-do-saae","tag-omir-quintino-soares","tag-operacao-da-pf-governador-valadares","tag-operacao-da-policia-federal-governador-valadares","tag-operacao-saae-de-governador-valadares","tag-organizacao-criminosa-prefeitura-de-governador-valadares","tag-padaria-pao-express","tag-pao-superfaturado-pagou-divida-de-campanha-do-pt-em-governador-valadares","tag-pavotec","tag-pavotec-pavimentacao-e-terraplanagem","tag-pf","tag-pf-deflagra-operacao-contra-fraudes-em-contratos-em-prefeitura-de-governador-valadares","tag-policia-federal","tag-prefeita-de-governador-valadares-nega-desvio-bilionario-e-pede-retratacao-da-pf","tag-prefeitura-de-governador-valadares","tag-prefeitura-de-governador-valadares-refuta-informacao-sobre-desvio-bilionario","tag-presidente-de-sindicato-em-governador-valadares-recebeu-r-400-mil-em-propinas","tag-presos-saae-de-governador-valadares","tag-prisao","tag-prisao-aldair-santos-doliveira","tag-prisao-construtora-vieira-prado","tag-prisao-de-anania-paula-da-silva","tag-prisao-de-ananias-camelo","tag-prisao-de-carlos-helder-lazaro","tag-prisao-de-cezinha-alvarenga","tag-prisao-de-djalma-florencio-diniz","tag-prisao-de-djalma-florencio-diniz-junior","tag-prisao-de-geovane-honorio","tag-prisao-de-geovanne-honorio-da-silva","tag-prisao-de-gledston-gomes-de-araujo","tag-prisao-de-gledston-guetao","tag-prisao-de-juliana-de-oliveira-alves-melo","tag-prisao-de-levi-presidente","tag-prisao-de-levi-vieira","tag-prisao-de-levi-vieira-da-silva","tag-prisao-de-marinaldo-carlos-de-amorim","tag-prisao-de-milvinho","tag-prisao-de-milvio-jose-da-silva","tag-prisao-de-omir-quintino-soares","tag-prisao-de-politicos-governador-valadares","tag-prisao-de-proprietarios-da-empresa-valadarense","tag-prisao-de-seleme-hilel-neto","tag-prisao-de-sezary-de-oliveira-alvarenga","tag-prisao-de-vereadores-em-governador-valadares","tag-prisao-de-vereadores-governador-valadares","tag-prisao-de-vilmar-rios-dias-junior","tag-prisao-de-zangado","tag-prisao-diretor-adjunto-do-saae","tag-prisao-diretor-de-gestao-de-rh-do-saae","tag-prisao-diretor-do-departamento-de-servicos-funerarios-e-cemiterios","tag-prisao-diretor-do-saae","tag-prisao-donos-da-valadarense","tag-prisao-emilio-claudio-alvarenga-rios","tag-prisao-empresa-valadarense","tag-prisao-gerente-do-posto-tabajara","tag-prisao-jean-carlos-soares","tag-prisao-jefferson-santos-lima","tag-prisao-jose-estanislau-de-brito","tag-prisao-juliana-campos-carvalho","tag-prisao-lucas-estanislau-de-brito","tag-prisao-marco-rodrigo-rios-bertolacini","tag-prisao-marcos-antonio-voria","tag-prisao-omir-quintino-soares","tag-prisao-padaria-pao-express","tag-prisao-restaurante-sabor-da-praca","tag-prisao-rh-assessoria","tag-prisao-roberto-jose-carvalho","tag-prisao-secretario-municipal-de-servicos-urbanos","tag-prisao-silvana-santos-alves","tag-prisao-thiago-vieira-prado","tag-prisao-valadarense","tag-prisao-vilmar-rios-dias-junior","tag-proprietarios-da-empresa-valadarense","tag-proprietarios-da-empresa-valadarense-se-entregam-a-policia-federal","tag-pt","tag-quadrilha-desviou-quase-toda-verba-para-recuperacao-de-estragos-da-chuva-em-governador-valadares","tag-quadrilha-governador-valadares","tag-quadrilha-prefeitura-de-governador-valadares","tag-restaurante-sabor-da-praca","tag-rh-assessoria","tag-roberto-jose-carvalho","tag-roberto-jose-de-carvalho","tag-roubo-na-prefeitura-de-governador-valadares","tag-rua-da-passagem","tag-saae-de-governador-valadares","tag-schinyder-exupery-cardozo","tag-secretario-municipal-de-servicos-urbanos","tag-seleme-hilel","tag-seleme-hilel-neto","tag-sezary-de-oliveira-alvarenga","tag-silvana-santos-alves","tag-sindicato-dos-trabalhadores-de-transportes-rodoviarios-de-governador-valadares","tag-sinttro-gv","tag-sinttrogv","tag-tarsis-augusto-de-santana-lima","tag-thiago-vieira-do-prado","tag-thiago-vieira-prado","tag-valadarense","tag-vereadores-alvos-de-operacao-em-governador-valadares","tag-vereadores-presos-em-governado","tag-vereadores-presos-em-governador-valadares","tag-video-mostra-presidente-de-sindicato-recebendo-grande-quantia-de-dinheiro-do-proprietario-da-empresa-valadarense","tag-video-mostra-presidente-de-sindicato-recebendo-suposta-propina-de-empresa-de-onibus-em-governador-valadares","tag-video-mostra-presidente-de-sindicato-recebendo-suposta-propina-de-empresa-de-onibus-em-valadares","tag-vilmar-rios","tag-vilmar-rios-dias-junior","tag-zangado"],"_links":{"self":[{"href":"https:\/\/aconteceunovale.com.br\/portal\/index.php?rest_route=\/wp\/v2\/posts\/94374","targetHints":{"allow":["GET"]}}],"collection":[{"href":"https:\/\/aconteceunovale.com.br\/portal\/index.php?rest_route=\/wp\/v2\/posts"}],"about":[{"href":"https:\/\/aconteceunovale.com.br\/portal\/index.php?rest_route=\/wp\/v2\/types\/post"}],"author":[{"embeddable":true,"href":"https:\/\/aconteceunovale.com.br\/portal\/index.php?rest_route=\/wp\/v2\/users\/1"}],"replies":[{"embeddable":true,"href":"https:\/\/aconteceunovale.com.br\/portal\/index.php?rest_route=%2Fwp%2Fv2%2Fcomments&post=94374"}],"version-history":[{"count":0,"href":"https:\/\/aconteceunovale.com.br\/portal\/index.php?rest_route=\/wp\/v2\/posts\/94374\/revisions"}],"wp:featuredmedia":[{"embeddable":true,"href":"https:\/\/aconteceunovale.com.br\/portal\/index.php?rest_route=\/wp\/v2\/media\/94375"}],"wp:attachment":[{"href":"https:\/\/aconteceunovale.com.br\/portal\/index.php?rest_route=%2Fwp%2Fv2%2Fmedia&parent=94374"}],"wp:term":[{"taxonomy":"category","embeddable":true,"href":"https:\/\/aconteceunovale.com.br\/portal\/index.php?rest_route=%2Fwp%2Fv2%2Fcategories&post=94374"},{"taxonomy":"post_tag","embeddable":true,"href":"https:\/\/aconteceunovale.com.br\/portal\/index.php?rest_route=%2Fwp%2Fv2%2Ftags&post=94374"}],"curies":[{"name":"wp","href":"https:\/\/api.w.org\/{rel}","templated":true}]}}