{"id":94365,"date":"2016-08-11T22:07:18","date_gmt":"2016-08-12T01:07:18","guid":{"rendered":"http:\/\/aconteceunovale.com.br\/portal\/?p=94365"},"modified":"2016-08-11T22:07:18","modified_gmt":"2016-08-12T01:07:18","slug":"nossa-agua-e-potavel-e-esta-pronta-para-o-consumo-humano-garante-prefeita-de-governador-valadares","status":"publish","type":"post","link":"https:\/\/aconteceunovale.com.br\/portal\/?p=94365","title":{"rendered":"&#8220;Nossa \u00e1gua \u00e9 pot\u00e1vel e est\u00e1 pronta para o consumo humano&#8221;, garante prefeita de Governador Valadares"},"content":{"rendered":"<p>\u201cA nossa \u00e1gua \u00e9 pot\u00e1vel e est\u00e1 pronta para o consumo humano\u201d, afirmou a prefeita de Governador Valadares, Elisa Costa (PT), em coletiva de imprensa na tarde desta quinta-feira (11\/08). O posicionamento da prefeita \u00e9 uma resposta \u00e0 declara\u00e7\u00e3o do Minist\u00e9rio P\u00fablico de Minas Gerais (MPMG) de que a \u00e1gua tratada da cidade apresenta concentra\u00e7\u00e3o de alum\u00ednio tr\u00eas vezes acima do permitido e pode causar doen\u00e7as graves.<\/p>\n<p>Segundo a prefeita, o munic\u00edpio tem feito monitoramento constante da qualidade da \u00e1gua, que \u00e9 atestada por laudos realizados por equipe do Servi\u00e7o Aut\u00f4nomo de \u00c1gua e Esgoto (SAAE) e por um laborat\u00f3rio credenciado pelo Inmetro.<\/p>\n<p>\u201cDesde o desastre ambiental, em novembro, a gente est\u00e1 monitorando a \u00e1gua do rio, estamos muito atentos \u00e0 qualidade da \u00e1gua. Esses laudos nos apresentam que temos todos os indicadores dentro do par\u00e2metro de potabilidade exigido pelo Minist\u00e9rio da Sa\u00fade; a \u00e1gua \u00e9 pr\u00f3pria para o consumo humano. Estamos convidando t\u00e9cnicos, o Minist\u00e9rio P\u00fablico, o comit\u00ea da crise para acompanhar todas essas an\u00e1lises para ter a seguran\u00e7a de que n\u00f3s temos uma \u00e1gua de qualidade\u201d, informou a prefeita.<\/p>\n<p>Elisa destacou ainda que \u00f3rg\u00e3os federais, como a Ag\u00eancia Nacional das \u00c1guas (ANA), tamb\u00e9m t\u00eam monitorado a \u00e1gua tratada da cidade, e que o Instituto Mineiro de Gest\u00e3o das \u00c1guas (IGAM) tem monitorado a \u00e1gua bruta do Rio Doce.<\/p>\n<p>Para o diretor geral do SAAE, Carlos Apolin\u00e1rio, o laudo apresentado pelo Minist\u00e9rio P\u00fablico cont\u00e9m erro t\u00e9cnico. \u201cEsse laborat\u00f3rio pode fazer o exame do alum\u00ednio at\u00e9 acima de 1 mg, e como o padr\u00e3o exigido pelo Minist\u00e9rio da Sa\u00fade \u00e9 de 0,2mg, esse laborat\u00f3rio n\u00e3o est\u00e1 creditado para fazer esse tipo de exame. O que pode ter ocorrido \u00e9 um erro t\u00e9cnico, j\u00e1 que todas as nossas amostras, dos exames que fazemos diariamente, nunca deu n\u00edvel superior a 0,2 mg. Nosso laborat\u00f3rio \u00e9 credenciado pelo Inmetro e nunca deu laudo acima de 0,2mg\u201d.<\/p>\n<p>Segundo ele, o sistema de tratamento de \u00e1gua da cidade utiliza o mesmo processo de 90% dos munic\u00edpios brasileiros. Al\u00e9m disso, afirmou que atualmente os filtros s\u00e3o limpos diariamente e os tanques passam por limpeza a cada m\u00eas, procedimentos que garantem a qualidade da \u00e1gua ofertada \u00e0 popula\u00e7\u00e3o.<\/p>\n<p><img decoding=\"async\" src=\"http:\/\/aconteceunovale.com.br\/portal\/wp-content\/uploads\/2016\/08\/coletiva_prefeita_gv.jpg\" alt=\"\" \/><em>Prefeita Elisa Costa, em coletiva nesta quinta (Foto: Alex Eller\/Rede Alerta)<\/em><br \/>\n<\/br><\/p>\n<p><em>(Fonte: G1 dos Vales)<\/em><\/p>\n","protected":false},"excerpt":{"rendered":"<p>\u201cA nossa \u00e1gua \u00e9 pot\u00e1vel e est\u00e1 pronta para o consumo humano\u201d, afirmou a prefeita de Governador Valadares, Elisa Costa (PT), em coletiva de imprensa na tarde desta quinta-feira (11\/08). O posicionamento da prefeita \u00e9 uma resposta \u00e0 declara\u00e7\u00e3o do Minist\u00e9rio P\u00fablico de Minas Gerais (MPMG) de que a \u00e1gua tratada da cidade apresenta concentra\u00e7\u00e3o [&hellip;]<\/p>\n","protected":false},"author":1,"featured_media":94366,"comment_status":"open","ping_status":"closed","sticky":false,"template":"","format":"standard","meta":{"amp_status":"","footnotes":""},"categories":[121],"tags":[109496,109486,65265,109492,109490,109489,109484,1018,1886,68181,109487,109493,109990,109494,24474,7363,19674,5667,18887,19675,109989,109495,66259,66504,109485,66993,49318,98205,109491,109488],"class_list":["post-94365","post","type-post","status-publish","format-standard","has-post-thumbnail","hentry","category-leste","tag-agua-distribuida-pelo-saae-de-governador-valadares-pode-causar-doencas-graves","tag-agua-fornecida-pelo-saae-em-governador-valadares","tag-barragem-de-fundao","tag-bruno-costa-magalhaes","tag-ceat","tag-central-de-apoio-tecnico","tag-defensoria-publica-da-uniao","tag-destaque","tag-elisa-costa","tag-evandro-ventura-da-silva","tag-exames-agua-fornecida-pelo-saae-em-governador-valadares","tag-francisco-moreira-salles","tag-garante-prefeita-de-governador-valadares","tag-hendrikus-simoes-garcia","tag-leonardo-diniz-faria","tag-mariana","tag-ministerio-publico-de-minas-gerais","tag-ministerio-publico-federal","tag-mpf","tag-mpmg","tag-nossa-agua-e-potavel-e-esta-pronta-para-o-consumo-humano","tag-novas-informacoes-sobre-a-qualidade-da-agua-em-governador-valadares","tag-polimero-de-acacia-negra","tag-qualidade-da-agua-em-governador-valadares","tag-qualidade-da-agua-fornecida-pelo-saae-em-governador-valadares","tag-rompimento-da-barragem-de-fundao","tag-saae-de-governador-valadares","tag-servico-autonomo-de-agua-e-esgoto-de-governador-valadares","tag-sulfato-de-aluminio","tag-testes-agua-fornecida-pelo-saae-em-governador-valadares"],"_links":{"self":[{"href":"https:\/\/aconteceunovale.com.br\/portal\/index.php?rest_route=\/wp\/v2\/posts\/94365","targetHints":{"allow":["GET"]}}],"collection":[{"href":"https:\/\/aconteceunovale.com.br\/portal\/index.php?rest_route=\/wp\/v2\/posts"}],"about":[{"href":"https:\/\/aconteceunovale.com.br\/portal\/index.php?rest_route=\/wp\/v2\/types\/post"}],"author":[{"embeddable":true,"href":"https:\/\/aconteceunovale.com.br\/portal\/index.php?rest_route=\/wp\/v2\/users\/1"}],"replies":[{"embeddable":true,"href":"https:\/\/aconteceunovale.com.br\/portal\/index.php?rest_route=%2Fwp%2Fv2%2Fcomments&post=94365"}],"version-history":[{"count":0,"href":"https:\/\/aconteceunovale.com.br\/portal\/index.php?rest_route=\/wp\/v2\/posts\/94365\/revisions"}],"wp:featuredmedia":[{"embeddable":true,"href":"https:\/\/aconteceunovale.com.br\/portal\/index.php?rest_route=\/wp\/v2\/media\/94366"}],"wp:attachment":[{"href":"https:\/\/aconteceunovale.com.br\/portal\/index.php?rest_route=%2Fwp%2Fv2%2Fmedia&parent=94365"}],"wp:term":[{"taxonomy":"category","embeddable":true,"href":"https:\/\/aconteceunovale.com.br\/portal\/index.php?rest_route=%2Fwp%2Fv2%2Fcategories&post=94365"},{"taxonomy":"post_tag","embeddable":true,"href":"https:\/\/aconteceunovale.com.br\/portal\/index.php?rest_route=%2Fwp%2Fv2%2Ftags&post=94365"}],"curies":[{"name":"wp","href":"https:\/\/api.w.org\/{rel}","templated":true}]}}