{"id":94359,"date":"2016-08-11T21:52:27","date_gmt":"2016-08-12T00:52:27","guid":{"rendered":"http:\/\/aconteceunovale.com.br\/portal\/?p=94359"},"modified":"2016-08-11T21:52:27","modified_gmt":"2016-08-12T00:52:27","slug":"tres-pessoas-ficam-feridas-em-acidente-na-br-381-em-governador-valadares","status":"publish","type":"post","link":"https:\/\/aconteceunovale.com.br\/portal\/?p=94359","title":{"rendered":"Tr\u00eas pessoas ficam feridas em acidente na BR-381, em Governador Valadares"},"content":{"rendered":"<p>Tr\u00eas pessoas ficaram feridas ap\u00f3s um acidente na tarde desta quinta-feira (11\/08) na BR-381, per\u00edmetro urbano de Governador Valadares, no Vale do Rio Doce.  Segundo testemunhas um carro teria invadido a contram\u00e3o e colidido de frente com um caminh\u00e3o, que saiu da pista e se chocou contra uma \u00e1rvore.<\/p>\n<p>O condutor do ve\u00edculo de carga ficou preso \u00e0s ferragens e foi socorrido por equipes do Corpo de Bombeiros e do Servi\u00e7o de Atendimento M\u00f3vel de Urg\u00eancia (SAMU), sendo encaminhado a um hospital da cidade. Outro homem que tamb\u00e9m estava no caminh\u00e3o sofreu apenas ferimentos leves.<\/p>\n<p>No carro de passeio estava apenas o condutor, que foi socorrido pelo Corpo de Bombeiros e encaminhado a um hospital. As causas do acidente ainda n\u00e3o foram divulgadas.<\/p>\n<p><img decoding=\"async\" src=\"http:\/\/aconteceunovale.com.br\/portal\/wp-content\/uploads\/2016\/08\/acidente_gv_11.jpg\" alt=\"\" \/><em>Caminheiro ficou preso \u00e0s ferragens (Foto: Daniel de Brito\/Reprodu\u00e7\u00e3o G1)<\/em><br \/>\n<\/br><\/p>\n<p><em>(Fonte: G1 dos Vales)<\/em><\/p>\n","protected":false},"excerpt":{"rendered":"<p>Tr\u00eas pessoas ficaram feridas ap\u00f3s um acidente na tarde desta quinta-feira (11\/08) na BR-381, per\u00edmetro urbano de Governador Valadares, no Vale do Rio Doce. Segundo testemunhas um carro teria invadido a contram\u00e3o e colidido de frente com um caminh\u00e3o, que saiu da pista e se chocou contra uma \u00e1rvore. O condutor do ve\u00edculo de carga [&hellip;]<\/p>\n","protected":false},"author":1,"featured_media":94360,"comment_status":"open","ping_status":"closed","sticky":false,"template":"","format":"standard","meta":{"amp_status":"","footnotes":""},"categories":[121],"tags":[80392,31030,8237,66364,247,109981,109982],"class_list":["post-94359","post","type-post","status-publish","format-standard","has-post-thumbnail","hentry","category-leste","tag-acidente-governador-valadares","tag-acidente-na-br-381-em-governador-valadares","tag-acidente-na-br-381","tag-em-governador-valadares","tag-governador-valadares","tag-tres-pessoas-ficam-feridas-em-acidente-na-br-381","tag-tres-pessoas-ficam-feridas-em-acidente-na-br-381-em-governador-valadares"],"_links":{"self":[{"href":"https:\/\/aconteceunovale.com.br\/portal\/index.php?rest_route=\/wp\/v2\/posts\/94359","targetHints":{"allow":["GET"]}}],"collection":[{"href":"https:\/\/aconteceunovale.com.br\/portal\/index.php?rest_route=\/wp\/v2\/posts"}],"about":[{"href":"https:\/\/aconteceunovale.com.br\/portal\/index.php?rest_route=\/wp\/v2\/types\/post"}],"author":[{"embeddable":true,"href":"https:\/\/aconteceunovale.com.br\/portal\/index.php?rest_route=\/wp\/v2\/users\/1"}],"replies":[{"embeddable":true,"href":"https:\/\/aconteceunovale.com.br\/portal\/index.php?rest_route=%2Fwp%2Fv2%2Fcomments&post=94359"}],"version-history":[{"count":0,"href":"https:\/\/aconteceunovale.com.br\/portal\/index.php?rest_route=\/wp\/v2\/posts\/94359\/revisions"}],"wp:featuredmedia":[{"embeddable":true,"href":"https:\/\/aconteceunovale.com.br\/portal\/index.php?rest_route=\/wp\/v2\/media\/94360"}],"wp:attachment":[{"href":"https:\/\/aconteceunovale.com.br\/portal\/index.php?rest_route=%2Fwp%2Fv2%2Fmedia&parent=94359"}],"wp:term":[{"taxonomy":"category","embeddable":true,"href":"https:\/\/aconteceunovale.com.br\/portal\/index.php?rest_route=%2Fwp%2Fv2%2Fcategories&post=94359"},{"taxonomy":"post_tag","embeddable":true,"href":"https:\/\/aconteceunovale.com.br\/portal\/index.php?rest_route=%2Fwp%2Fv2%2Ftags&post=94359"}],"curies":[{"name":"wp","href":"https:\/\/api.w.org\/{rel}","templated":true}]}}