{"id":94302,"date":"2016-08-11T10:24:58","date_gmt":"2016-08-11T13:24:58","guid":{"rendered":"http:\/\/aconteceunovale.com.br\/portal\/?p=94302"},"modified":"2016-08-11T10:24:58","modified_gmt":"2016-08-11T13:24:58","slug":"interrupcao-programada-de-energia-afetara-20-ruas-de-governador-valadares-no-dia-14-de-agosto","status":"publish","type":"post","link":"https:\/\/aconteceunovale.com.br\/portal\/?p=94302","title":{"rendered":"Interrup\u00e7\u00e3o programada de energia afetar\u00e1 20 ruas de Governador Valadares no dia 14 de agosto"},"content":{"rendered":"<p>A Companhia Energ\u00e9tica de Minas Gerais \u2013 Cemig informa, que no pr\u00f3ximo domingo (14\/08), realizar\u00e1 obras de reforma na Rede de Distribui\u00e7\u00e3o Urbana \u2013 RDU de Governador Valadares. A Empresa est\u00e1 investindo R$ 36 mil reais na troca de postes e instala\u00e7\u00e3o de um transformador mais potente.<\/p>\n<p>Esse servi\u00e7o ser\u00e1 realizado no final de semana para diminuir impacto da interrup\u00e7\u00e3o de energia para as atividades industriais e comerciais atingidas pelo desligamento.<\/p>\n<p>Para executar esse trabalho com seguran\u00e7a, ser\u00e1 necess\u00e1rio interromper o fornecimento de energia de 7h \u00e0s 13h, nos seguintes endere\u00e7os:<\/p>\n<p>&#8211; Avenida Minas Gerais, entre n\u00fameros 850 e 1050, Centro<\/p>\n<p>&#8211; Rua Vicente P\u00edfano, entre n\u00fameros 300 e 345, Centro<\/p>\n<p>&#8211; Rua Sete de Setembro, n\u00famero 2718, Centro<\/p>\n<p>&#8211; Rua Bar\u00e3o Rio Branco, entre n\u00fameros 662 e 795, Centro<\/p>\n<p>&#8211; Rua Ant\u00f4nio J. Almeida, entre n\u00fameros 404 e 420, Centro<\/p>\n<p>&#8211; Avenida Minas Gerais, entre n\u00fameros 1088 e 1400, Nossa Senhora das Gra\u00e7as<\/p>\n<p>&#8211; Rua Iara, entre n\u00fameros 235 e 419, Nossa Senhora das Gra\u00e7as<\/p>\n<p>&#8211; Rua Jatai, N\u00famero 195, Nossa Senhora das Gra\u00e7as<\/p>\n<p>&#8211; Rua Cacique, entre n\u00fameros 44 e 235, Nossa Senhora das Gra\u00e7as<\/p>\n<p>&#8211; Rua Inhapim, entre n\u00fameros 15 e 152, Nossa Senhora das Gra\u00e7as<\/p>\n<p>&#8211; Rua Antoniete Fernandes, entre n\u00fameros 34 e 330, Nossa Senhora das Gra\u00e7as<\/p>\n<p>&#8211; Rua Tup\u00e3, entre n\u00fameros 115 e 758, Nossa Senhora das Gra\u00e7as<\/p>\n<p>&#8211; Rua Itanhomi, entre n\u00fameros 908 e 1007, Nossa Senhora das Gra\u00e7as<\/p>\n<p>&#8211; Rua Tarumirim, entre n\u00fameros 55 e 154, Carapina<\/p>\n<p>&#8211; Rua Guaruj\u00e1, entre n\u00fameros 644 e 709, Nossa Senhora das Gra\u00e7as<\/p>\n<p>&#8211; Rua Caip\u00f3, entre n\u00fameros 27 e 40, Nossa Senhora das Gra\u00e7as<\/p>\n<p>&#8211; Rua Ing\u00e1, entre n\u00fameros 8 e 45, Nossa Senhora das Gra\u00e7as<\/p>\n<p>No mesmo dia, vai ser preciso desligar ainda de 8h \u00e0s 11h, nos endere\u00e7os abaixo:<\/p>\n<p>&#8211; Rua Dom Pedro II, entre n\u00fameros 348 e 357, Centro<\/p>\n<p>&#8211; Rua Bar\u00e3o Rio Branco, entre n\u00fameros 212 e 283, Centro<\/p>\n<p>&#8211; Rua Israel Pinheiro, entre n\u00fameros 2422 e 2590, S\u00e3o Pedro<\/p>\n<p>Durante esse per\u00edodo, caso precise executar algum servi\u00e7o na instala\u00e7\u00e3o el\u00e9trica interna, o consumidor dever\u00e1 desligar antes a chave geral (disjuntor) para sua seguran\u00e7a.<\/p>\n<p>A empresa esclarece que em fun\u00e7\u00e3o da complexidade dos servi\u00e7os a serem executados poder\u00e1 ocorrer atraso no hor\u00e1rio previsto ou cancelamento deste desligamento sem aviso pr\u00e9vio. Por medida de seguran\u00e7a todos os equipamentos devem ser considerados energizados durante o per\u00edodo mencionado. Caso os servi\u00e7os de melhoria sejam conclu\u00eddos antes do hor\u00e1rio indicado o fornecimento de energia el\u00e9trica ser\u00e1 restabelecido. (Ascom Cemig)<\/p>\n","protected":false},"excerpt":{"rendered":"<p>A Companhia Energ\u00e9tica de Minas Gerais \u2013 Cemig informa, que no pr\u00f3ximo domingo (14\/08), realizar\u00e1 obras de reforma na Rede de Distribui\u00e7\u00e3o Urbana \u2013 RDU de Governador Valadares. A Empresa est\u00e1 investindo R$ 36 mil reais na troca de postes e instala\u00e7\u00e3o de um transformador mais potente. Esse servi\u00e7o ser\u00e1 realizado no final de semana [&hellip;]<\/p>\n","protected":false},"author":1,"featured_media":89896,"comment_status":"open","ping_status":"closed","sticky":false,"template":"","format":"standard","meta":{"amp_status":"","footnotes":""},"categories":[121],"tags":[64800,347,18567,247,109896,109897,109895],"class_list":["post-94302","post","type-post","status-publish","format-standard","has-post-thumbnail","hentry","category-leste","tag-aviso-cemig-governador-valadares","tag-cemig","tag-companhia-energetica-de-minas-gerais","tag-governador-valadares","tag-interrupcao-programada-de-energia-afetara-20-ruas-de-governador-valadares","tag-interrupcao-programada-de-energia-afetara-20-ruas-de-governador-valadares-no-dia-14-de-agosto","tag-obras-da-cemig-em-governador-valadares"],"yoast_head":"<!-- This site is optimized with the Yoast SEO plugin v28.3 - https:\/\/yoast.com\/product\/yoast-seo-wordpress\/ -->\n<title>Interrup\u00e7\u00e3o programada de energia afetar\u00e1 20 ruas de Governador Valadares no dia 14 de agosto - Aconteceu no Vale<\/title>\n<meta name=\"robots\" content=\"index, follow, max-snippet:-1, max-image-preview:large, max-video-preview:-1\" \/>\n<link rel=\"canonical\" href=\"https:\/\/aconteceunovale.com.br\/portal\/?p=94302\" \/>\n<meta property=\"og:locale\" content=\"pt_BR\" \/>\n<meta property=\"og:type\" content=\"article\" \/>\n<meta property=\"og:title\" content=\"Interrup\u00e7\u00e3o programada de energia afetar\u00e1 20 ruas de Governador Valadares no dia 14 de agosto - Aconteceu no Vale\" \/>\n<meta property=\"og:description\" content=\"A Companhia Energ\u00e9tica de Minas Gerais \u2013 Cemig informa, que no pr\u00f3ximo domingo (14\/08), realizar\u00e1 obras de reforma na Rede de Distribui\u00e7\u00e3o Urbana \u2013 RDU de Governador Valadares. A Empresa est\u00e1 investindo R$ 36 mil reais na troca de postes e instala\u00e7\u00e3o de um transformador mais potente. Esse servi\u00e7o ser\u00e1 realizado no final de semana [&hellip;]\" \/>\n<meta property=\"og:url\" content=\"https:\/\/aconteceunovale.com.br\/portal\/?p=94302\" \/>\n<meta property=\"og:site_name\" content=\"Aconteceu no Vale\" \/>\n<meta property=\"article:publisher\" content=\"https:\/\/www.facebook.com\/aconteceunovale\/\" \/>\n<meta property=\"article:published_time\" content=\"2016-08-11T13:24:58+00:00\" \/>\n<meta property=\"og:image\" content=\"https:\/\/aconteceunovale.com.br\/portal\/wp-content\/uploads\/2016\/06\/cemig_gv_2.jpg\" \/>\n\t<meta property=\"og:image:width\" content=\"458\" \/>\n\t<meta property=\"og:image:height\" content=\"305\" \/>\n\t<meta property=\"og:image:type\" content=\"image\/jpeg\" \/>\n<meta name=\"author\" content=\"Aconteceu no Vale\" \/>\n<meta name=\"twitter:card\" content=\"summary_large_image\" \/>\n<meta name=\"twitter:creator\" content=\"@noticiadosvales\" \/>\n<meta name=\"twitter:site\" content=\"@noticiadosvales\" \/>\n<meta name=\"twitter:label1\" content=\"Escrito por\" \/>\n\t<meta name=\"twitter:data1\" content=\"Aconteceu no Vale\" \/>\n\t<meta name=\"twitter:label2\" content=\"Est. tempo de leitura\" \/>\n\t<meta name=\"twitter:data2\" content=\"2 minutos\" \/>\n<script type=\"application\/ld+json\" class=\"yoast-schema-graph\">{\"@context\":\"https:\\\/\\\/schema.org\",\"@graph\":[{\"@type\":\"Article\",\"@id\":\"https:\\\/\\\/aconteceunovale.com.br\\\/portal\\\/?p=94302#article\",\"isPartOf\":{\"@id\":\"https:\\\/\\\/aconteceunovale.com.br\\\/portal\\\/?p=94302\"},\"author\":{\"name\":\"Aconteceu no Vale\",\"@id\":\"https:\\\/\\\/aconteceunovale.com.br\\\/portal\\\/#\\\/schema\\\/person\\\/633529146f2c94272bef50ac2953d589\"},\"headline\":\"Interrup\u00e7\u00e3o programada de energia afetar\u00e1 20 ruas de Governador Valadares no dia 14 de agosto\",\"datePublished\":\"2016-08-11T13:24:58+00:00\",\"mainEntityOfPage\":{\"@id\":\"https:\\\/\\\/aconteceunovale.com.br\\\/portal\\\/?p=94302\"},\"wordCount\":447,\"commentCount\":0,\"image\":{\"@id\":\"https:\\\/\\\/aconteceunovale.com.br\\\/portal\\\/?p=94302#primaryimage\"},\"thumbnailUrl\":\"https:\\\/\\\/aconteceunovale.com.br\\\/portal\\\/wp-content\\\/uploads\\\/2016\\\/06\\\/cemig_gv_2.jpg\",\"keywords\":[\"Aviso cemig Governador Valadares\",\"cemig\",\"Companhia Energ\u00e9tica de Minas Gerais\",\"Governador Valadares\",\"Interrup\u00e7\u00e3o programada de energia afetar\u00e1 20 ruas de Governador Valadares\",\"Interrup\u00e7\u00e3o programada de energia afetar\u00e1 20 ruas de Governador Valadares no dia 14 de agosto\",\"Obras da Cemig em Governador Valadares\"],\"articleSection\":[\"Leste de Minas\"],\"inLanguage\":\"pt-BR\",\"potentialAction\":[{\"@type\":\"CommentAction\",\"name\":\"Comment\",\"target\":[\"https:\\\/\\\/aconteceunovale.com.br\\\/portal\\\/?p=94302#respond\"]}]},{\"@type\":\"WebPage\",\"@id\":\"https:\\\/\\\/aconteceunovale.com.br\\\/portal\\\/?p=94302\",\"url\":\"https:\\\/\\\/aconteceunovale.com.br\\\/portal\\\/?p=94302\",\"name\":\"Interrup\u00e7\u00e3o programada de energia afetar\u00e1 20 ruas de Governador Valadares no dia 14 de agosto - Aconteceu no Vale\",\"isPartOf\":{\"@id\":\"https:\\\/\\\/aconteceunovale.com.br\\\/portal\\\/#website\"},\"primaryImageOfPage\":{\"@id\":\"https:\\\/\\\/aconteceunovale.com.br\\\/portal\\\/?p=94302#primaryimage\"},\"image\":{\"@id\":\"https:\\\/\\\/aconteceunovale.com.br\\\/portal\\\/?p=94302#primaryimage\"},\"thumbnailUrl\":\"https:\\\/\\\/aconteceunovale.com.br\\\/portal\\\/wp-content\\\/uploads\\\/2016\\\/06\\\/cemig_gv_2.jpg\",\"datePublished\":\"2016-08-11T13:24:58+00:00\",\"author\":{\"@id\":\"https:\\\/\\\/aconteceunovale.com.br\\\/portal\\\/#\\\/schema\\\/person\\\/633529146f2c94272bef50ac2953d589\"},\"breadcrumb\":{\"@id\":\"https:\\\/\\\/aconteceunovale.com.br\\\/portal\\\/?p=94302#breadcrumb\"},\"inLanguage\":\"pt-BR\",\"potentialAction\":[{\"@type\":\"ReadAction\",\"target\":[\"https:\\\/\\\/aconteceunovale.com.br\\\/portal\\\/?p=94302\"]}]},{\"@type\":\"ImageObject\",\"inLanguage\":\"pt-BR\",\"@id\":\"https:\\\/\\\/aconteceunovale.com.br\\\/portal\\\/?p=94302#primaryimage\",\"url\":\"https:\\\/\\\/aconteceunovale.com.br\\\/portal\\\/wp-content\\\/uploads\\\/2016\\\/06\\\/cemig_gv_2.jpg\",\"contentUrl\":\"https:\\\/\\\/aconteceunovale.com.br\\\/portal\\\/wp-content\\\/uploads\\\/2016\\\/06\\\/cemig_gv_2.jpg\",\"width\":458,\"height\":305},{\"@type\":\"BreadcrumbList\",\"@id\":\"https:\\\/\\\/aconteceunovale.com.br\\\/portal\\\/?p=94302#breadcrumb\",\"itemListElement\":[{\"@type\":\"ListItem\",\"position\":1,\"name\":\"In\u00edcio\",\"item\":\"https:\\\/\\\/aconteceunovale.com.br\\\/portal\\\/\"},{\"@type\":\"ListItem\",\"position\":2,\"name\":\"Interrup\u00e7\u00e3o programada de energia afetar\u00e1 20 ruas de Governador Valadares no dia 14 de agosto\"}]},{\"@type\":\"WebSite\",\"@id\":\"https:\\\/\\\/aconteceunovale.com.br\\\/portal\\\/#website\",\"url\":\"https:\\\/\\\/aconteceunovale.com.br\\\/portal\\\/\",\"name\":\"Aconteceu no Vale\",\"description\":\"Portal de Not\u00edcias\",\"potentialAction\":[{\"@type\":\"SearchAction\",\"target\":{\"@type\":\"EntryPoint\",\"urlTemplate\":\"https:\\\/\\\/aconteceunovale.com.br\\\/portal\\\/?s={search_term_string}\"},\"query-input\":{\"@type\":\"PropertyValueSpecification\",\"valueRequired\":true,\"valueName\":\"search_term_string\"}}],\"inLanguage\":\"pt-BR\"},{\"@type\":\"Person\",\"@id\":\"https:\\\/\\\/aconteceunovale.com.br\\\/portal\\\/#\\\/schema\\\/person\\\/633529146f2c94272bef50ac2953d589\",\"name\":\"Aconteceu no Vale\",\"description\":\"Equipe de reportagem do Aconteceu no Vale, portal de not\u00edcias do Vale do Jequitinhonha, em Minas Gerais. Cobrimos as 51 cidades do Vale desde 2013. Sugest\u00f5es de pauta e pedidos de corre\u00e7\u00e3o: contato@aconteceunovale.com.br\",\"sameAs\":[\"http:\\\/\\\/www.aconteceunovale.com.br\"],\"url\":\"https:\\\/\\\/aconteceunovale.com.br\\\/portal\\\/?author=1\"}]}<\/script>\n<!-- \/ Yoast SEO plugin. -->","yoast_head_json":{"title":"Interrup\u00e7\u00e3o programada de energia afetar\u00e1 20 ruas de Governador Valadares no dia 14 de agosto - Aconteceu no Vale","robots":{"index":"index","follow":"follow","max-snippet":"max-snippet:-1","max-image-preview":"max-image-preview:large","max-video-preview":"max-video-preview:-1"},"canonical":"https:\/\/aconteceunovale.com.br\/portal\/?p=94302","og_locale":"pt_BR","og_type":"article","og_title":"Interrup\u00e7\u00e3o programada de energia afetar\u00e1 20 ruas de Governador Valadares no dia 14 de agosto - Aconteceu no Vale","og_description":"A Companhia Energ\u00e9tica de Minas Gerais \u2013 Cemig informa, que no pr\u00f3ximo domingo (14\/08), realizar\u00e1 obras de reforma na Rede de Distribui\u00e7\u00e3o Urbana \u2013 RDU de Governador Valadares. A Empresa est\u00e1 investindo R$ 36 mil reais na troca de postes e instala\u00e7\u00e3o de um transformador mais potente. Esse servi\u00e7o ser\u00e1 realizado no final de semana [&hellip;]","og_url":"https:\/\/aconteceunovale.com.br\/portal\/?p=94302","og_site_name":"Aconteceu no Vale","article_publisher":"https:\/\/www.facebook.com\/aconteceunovale\/","article_published_time":"2016-08-11T13:24:58+00:00","og_image":[{"width":458,"height":305,"url":"https:\/\/aconteceunovale.com.br\/portal\/wp-content\/uploads\/2016\/06\/cemig_gv_2.jpg","type":"image\/jpeg"}],"author":"Aconteceu no Vale","twitter_card":"summary_large_image","twitter_creator":"@noticiadosvales","twitter_site":"@noticiadosvales","twitter_misc":{"Escrito por":"Aconteceu no Vale","Est. tempo de leitura":"2 minutos"},"schema":{"@context":"https:\/\/schema.org","@graph":[{"@type":"Article","@id":"https:\/\/aconteceunovale.com.br\/portal\/?p=94302#article","isPartOf":{"@id":"https:\/\/aconteceunovale.com.br\/portal\/?p=94302"},"author":{"name":"Aconteceu no Vale","@id":"https:\/\/aconteceunovale.com.br\/portal\/#\/schema\/person\/633529146f2c94272bef50ac2953d589"},"headline":"Interrup\u00e7\u00e3o programada de energia afetar\u00e1 20 ruas de Governador Valadares no dia 14 de agosto","datePublished":"2016-08-11T13:24:58+00:00","mainEntityOfPage":{"@id":"https:\/\/aconteceunovale.com.br\/portal\/?p=94302"},"wordCount":447,"commentCount":0,"image":{"@id":"https:\/\/aconteceunovale.com.br\/portal\/?p=94302#primaryimage"},"thumbnailUrl":"https:\/\/aconteceunovale.com.br\/portal\/wp-content\/uploads\/2016\/06\/cemig_gv_2.jpg","keywords":["Aviso cemig Governador Valadares","cemig","Companhia Energ\u00e9tica de Minas Gerais","Governador Valadares","Interrup\u00e7\u00e3o programada de energia afetar\u00e1 20 ruas de Governador Valadares","Interrup\u00e7\u00e3o programada de energia afetar\u00e1 20 ruas de Governador Valadares no dia 14 de agosto","Obras da Cemig em Governador Valadares"],"articleSection":["Leste de Minas"],"inLanguage":"pt-BR","potentialAction":[{"@type":"CommentAction","name":"Comment","target":["https:\/\/aconteceunovale.com.br\/portal\/?p=94302#respond"]}]},{"@type":"WebPage","@id":"https:\/\/aconteceunovale.com.br\/portal\/?p=94302","url":"https:\/\/aconteceunovale.com.br\/portal\/?p=94302","name":"Interrup\u00e7\u00e3o programada de energia afetar\u00e1 20 ruas de Governador Valadares no dia 14 de agosto - Aconteceu no Vale","isPartOf":{"@id":"https:\/\/aconteceunovale.com.br\/portal\/#website"},"primaryImageOfPage":{"@id":"https:\/\/aconteceunovale.com.br\/portal\/?p=94302#primaryimage"},"image":{"@id":"https:\/\/aconteceunovale.com.br\/portal\/?p=94302#primaryimage"},"thumbnailUrl":"https:\/\/aconteceunovale.com.br\/portal\/wp-content\/uploads\/2016\/06\/cemig_gv_2.jpg","datePublished":"2016-08-11T13:24:58+00:00","author":{"@id":"https:\/\/aconteceunovale.com.br\/portal\/#\/schema\/person\/633529146f2c94272bef50ac2953d589"},"breadcrumb":{"@id":"https:\/\/aconteceunovale.com.br\/portal\/?p=94302#breadcrumb"},"inLanguage":"pt-BR","potentialAction":[{"@type":"ReadAction","target":["https:\/\/aconteceunovale.com.br\/portal\/?p=94302"]}]},{"@type":"ImageObject","inLanguage":"pt-BR","@id":"https:\/\/aconteceunovale.com.br\/portal\/?p=94302#primaryimage","url":"https:\/\/aconteceunovale.com.br\/portal\/wp-content\/uploads\/2016\/06\/cemig_gv_2.jpg","contentUrl":"https:\/\/aconteceunovale.com.br\/portal\/wp-content\/uploads\/2016\/06\/cemig_gv_2.jpg","width":458,"height":305},{"@type":"BreadcrumbList","@id":"https:\/\/aconteceunovale.com.br\/portal\/?p=94302#breadcrumb","itemListElement":[{"@type":"ListItem","position":1,"name":"In\u00edcio","item":"https:\/\/aconteceunovale.com.br\/portal\/"},{"@type":"ListItem","position":2,"name":"Interrup\u00e7\u00e3o programada de energia afetar\u00e1 20 ruas de Governador Valadares no dia 14 de agosto"}]},{"@type":"WebSite","@id":"https:\/\/aconteceunovale.com.br\/portal\/#website","url":"https:\/\/aconteceunovale.com.br\/portal\/","name":"Aconteceu no Vale","description":"Portal de Not\u00edcias","potentialAction":[{"@type":"SearchAction","target":{"@type":"EntryPoint","urlTemplate":"https:\/\/aconteceunovale.com.br\/portal\/?s={search_term_string}"},"query-input":{"@type":"PropertyValueSpecification","valueRequired":true,"valueName":"search_term_string"}}],"inLanguage":"pt-BR"},{"@type":"Person","@id":"https:\/\/aconteceunovale.com.br\/portal\/#\/schema\/person\/633529146f2c94272bef50ac2953d589","name":"Aconteceu no Vale","description":"Equipe de reportagem do Aconteceu no Vale, portal de not\u00edcias do Vale do Jequitinhonha, em Minas Gerais. Cobrimos as 51 cidades do Vale desde 2013. Sugest\u00f5es de pauta e pedidos de corre\u00e7\u00e3o: contato@aconteceunovale.com.br","sameAs":["http:\/\/www.aconteceunovale.com.br"],"url":"https:\/\/aconteceunovale.com.br\/portal\/?author=1"}]}},"_links":{"self":[{"href":"https:\/\/aconteceunovale.com.br\/portal\/index.php?rest_route=\/wp\/v2\/posts\/94302","targetHints":{"allow":["GET"]}}],"collection":[{"href":"https:\/\/aconteceunovale.com.br\/portal\/index.php?rest_route=\/wp\/v2\/posts"}],"about":[{"href":"https:\/\/aconteceunovale.com.br\/portal\/index.php?rest_route=\/wp\/v2\/types\/post"}],"author":[{"embeddable":true,"href":"https:\/\/aconteceunovale.com.br\/portal\/index.php?rest_route=\/wp\/v2\/users\/1"}],"replies":[{"embeddable":true,"href":"https:\/\/aconteceunovale.com.br\/portal\/index.php?rest_route=%2Fwp%2Fv2%2Fcomments&post=94302"}],"version-history":[{"count":0,"href":"https:\/\/aconteceunovale.com.br\/portal\/index.php?rest_route=\/wp\/v2\/posts\/94302\/revisions"}],"wp:featuredmedia":[{"embeddable":true,"href":"https:\/\/aconteceunovale.com.br\/portal\/index.php?rest_route=\/wp\/v2\/media\/89896"}],"wp:attachment":[{"href":"https:\/\/aconteceunovale.com.br\/portal\/index.php?rest_route=%2Fwp%2Fv2%2Fmedia&parent=94302"}],"wp:term":[{"taxonomy":"category","embeddable":true,"href":"https:\/\/aconteceunovale.com.br\/portal\/index.php?rest_route=%2Fwp%2Fv2%2Fcategories&post=94302"},{"taxonomy":"post_tag","embeddable":true,"href":"https:\/\/aconteceunovale.com.br\/portal\/index.php?rest_route=%2Fwp%2Fv2%2Ftags&post=94302"}],"curies":[{"name":"wp","href":"https:\/\/api.w.org\/{rel}","templated":true}]}}