{"id":94300,"date":"2016-08-11T10:17:09","date_gmt":"2016-08-11T13:17:09","guid":{"rendered":"http:\/\/aconteceunovale.com.br\/portal\/?p=94300"},"modified":"2016-08-11T10:17:09","modified_gmt":"2016-08-11T13:17:09","slug":"minas-gerais-comemora-a-semana-do-nascimento-da-irma-benigna","status":"publish","type":"post","link":"https:\/\/aconteceunovale.com.br\/portal\/?p=94300","title":{"rendered":"Minas Gerais comemora a Semana do Nascimento da Irm\u00e3 Benigna"},"content":{"rendered":"<p>No per\u00edodo de 13 a 20 de agosto, a Igreja Cat\u00f3lica Mineira realiza a Semana do Nascimento de Irm\u00e3 Benigna. Maria da Concei\u00e7\u00e3o Santos, a irm\u00e3 Benigna Victima de Jesus, nasceu em Diamantina-MG, no dia 16 de agosto de 1907. Neste ano de 2016, completaria 109 anos. Para marcar a data, haver\u00e1 uma Semana de Comemora\u00e7\u00f5es, com Missas e Encontros.<\/p>\n<p>Em 11 de fevereiro de 1935, dia dedicado a Nossa Senhora de Lourdes, ingressou na Congrega\u00e7\u00e3o das Irm\u00e3s Auxiliares de Nossa Senhora da Piedade, fundada por Monsenhor Domingos Pinheiro, \u00fanica congrega\u00e7\u00e3o mineira. Irm\u00e3 Benigna n\u00e3o fazia acep\u00e7\u00e3o de pessoas, estava sempre dispon\u00edvel para ajudar e acolher. A todos ensinava o valor da ora\u00e7\u00e3o. Abdicava de si para cuidar do necessitado, a qualquer hora. Faleceu em 16 de outubro de 1981.<\/p>\n<p>Em 15 de outubro de 2011, foi aberto pela Arquidiocese de Belo Horizonte o processo de sua beatifica\u00e7\u00e3o que, atualmente, encontra-se na Fase Romana.<\/p>\n<p><strong>Programa\u00e7\u00e3o da Semana do Nascimento de Irm\u00e3 Benigna:<\/strong><\/p>\n<p>&#8211; 13\/08 \u2013 s\u00e1bado \u2013 Missa e ora\u00e7\u00e3o do Ter\u00e7o no Noviciado Nossa Senhora da Piedade, \u00e0s 9h.<br \/>\n&#8211; 15\/08 \u2013 segunda-feira \u2013 Missa e Novena no Santu\u00e1rio Nossa Senhora da Concei\u00e7\u00e3o, \u00e0s 14h.<br \/>\n&#8211; 16\/08 \u2013 ter\u00e7a-feira \u2013 Missa na Bas\u00edlica de Nossa Senhora de Lourdes, \u00e0s 18h.<br \/>\n&#8211; 20\/08 \u2013 Lar Augusto Silva, Lavras-MG. Missa, comemora\u00e7\u00f5es com os asilados, entrega das doa\u00e7\u00f5es, visitas.<\/p>\n<p><img decoding=\"async\" src=\"http:\/\/aconteceunovale.com.br\/portal\/wp-content\/uploads\/2014\/06\/irma_benigna_proxima_santa_2.jpg\" alt=\"\" \/><strong><em>(Foto: Divulga\u00e7\u00e3o \/ Arquidiocese de Belo Horizonte)<\/em><\/strong><br \/>\n<\/br><\/p>\n<p>(Emanuel Costa)<\/p>\n","protected":false},"excerpt":{"rendered":"<p>No per\u00edodo de 13 a 20 de agosto, a Igreja Cat\u00f3lica Mineira realiza a Semana do Nascimento de Irm\u00e3 Benigna. Maria da Concei\u00e7\u00e3o Santos, a irm\u00e3 Benigna Victima de Jesus, nasceu em Diamantina-MG, no dia 16 de agosto de 1907. Neste ano de 2016, completaria 109 anos. Para marcar a data, haver\u00e1 uma Semana de [&hellip;]<\/p>\n","protected":false},"author":1,"featured_media":32828,"comment_status":"open","ping_status":"closed","sticky":false,"template":"","format":"standard","meta":{"amp_status":"","footnotes":""},"categories":[125],"tags":[109888,109889,194,198,9534,109891,109890,109894,109892,109893,109887],"class_list":["post-94300","post","type-post","status-publish","format-standard","has-post-thumbnail","hentry","category-noticias","tag-arquidiocese-de-belo-horizonte","tag-arquidiocese-de-belo-horizonte-realiza-a-semana-do-nascimento-de-irma-benigna","tag-belo-horizonte","tag-diamantina","tag-irma-benigna","tag-irma-benigna-victima-de-jesus","tag-maria-da-conceicao-santos","tag-minas-gerais-comemora-a-semana-do-nascimento-da-irma-benigna","tag-noviciado-nossa-senhora-da-piedade","tag-santuario-nossa-senhora-da-conceicao","tag-semana-do-nascimento-da-irma-benigna"],"yoast_head":"<!-- This site is optimized with the Yoast SEO plugin v28.3 - https:\/\/yoast.com\/product\/yoast-seo-wordpress\/ -->\n<title>Minas Gerais comemora a Semana do Nascimento da Irm\u00e3 Benigna - Aconteceu no Vale<\/title>\n<meta name=\"robots\" content=\"index, follow, max-snippet:-1, max-image-preview:large, max-video-preview:-1\" \/>\n<link rel=\"canonical\" href=\"https:\/\/aconteceunovale.com.br\/portal\/?p=94300\" \/>\n<meta property=\"og:locale\" content=\"pt_BR\" \/>\n<meta property=\"og:type\" content=\"article\" \/>\n<meta property=\"og:title\" content=\"Minas Gerais comemora a Semana do Nascimento da Irm\u00e3 Benigna - Aconteceu no Vale\" \/>\n<meta property=\"og:description\" content=\"No per\u00edodo de 13 a 20 de agosto, a Igreja Cat\u00f3lica Mineira realiza a Semana do Nascimento de Irm\u00e3 Benigna. Maria da Concei\u00e7\u00e3o Santos, a irm\u00e3 Benigna Victima de Jesus, nasceu em Diamantina-MG, no dia 16 de agosto de 1907. Neste ano de 2016, completaria 109 anos. Para marcar a data, haver\u00e1 uma Semana de [&hellip;]\" \/>\n<meta property=\"og:url\" content=\"https:\/\/aconteceunovale.com.br\/portal\/?p=94300\" \/>\n<meta property=\"og:site_name\" content=\"Aconteceu no Vale\" \/>\n<meta property=\"article:publisher\" content=\"https:\/\/www.facebook.com\/aconteceunovale\/\" \/>\n<meta property=\"article:published_time\" content=\"2016-08-11T13:17:09+00:00\" \/>\n<meta property=\"og:image\" content=\"https:\/\/aconteceunovale.com.br\/portal\/wp-content\/uploads\/2014\/06\/irma_benigna_proxima_santa_2.jpg\" \/>\n\t<meta property=\"og:image:width\" content=\"661\" \/>\n\t<meta property=\"og:image:height\" content=\"450\" \/>\n\t<meta property=\"og:image:type\" content=\"image\/jpeg\" \/>\n<meta name=\"author\" content=\"Aconteceu no Vale\" \/>\n<meta name=\"twitter:card\" content=\"summary_large_image\" \/>\n<meta name=\"twitter:creator\" content=\"@noticiadosvales\" \/>\n<meta name=\"twitter:site\" content=\"@noticiadosvales\" \/>\n<meta name=\"twitter:label1\" content=\"Escrito por\" \/>\n\t<meta name=\"twitter:data1\" content=\"Aconteceu no Vale\" \/>\n\t<meta name=\"twitter:label2\" content=\"Est. tempo de leitura\" \/>\n\t<meta name=\"twitter:data2\" content=\"1 minuto\" \/>\n<script type=\"application\/ld+json\" class=\"yoast-schema-graph\">{\"@context\":\"https:\\\/\\\/schema.org\",\"@graph\":[{\"@type\":\"Article\",\"@id\":\"https:\\\/\\\/aconteceunovale.com.br\\\/portal\\\/?p=94300#article\",\"isPartOf\":{\"@id\":\"https:\\\/\\\/aconteceunovale.com.br\\\/portal\\\/?p=94300\"},\"author\":{\"name\":\"Aconteceu no Vale\",\"@id\":\"https:\\\/\\\/aconteceunovale.com.br\\\/portal\\\/#\\\/schema\\\/person\\\/633529146f2c94272bef50ac2953d589\"},\"headline\":\"Minas Gerais comemora a Semana do Nascimento da Irm\u00e3 Benigna\",\"datePublished\":\"2016-08-11T13:17:09+00:00\",\"mainEntityOfPage\":{\"@id\":\"https:\\\/\\\/aconteceunovale.com.br\\\/portal\\\/?p=94300\"},\"wordCount\":245,\"commentCount\":1,\"image\":{\"@id\":\"https:\\\/\\\/aconteceunovale.com.br\\\/portal\\\/?p=94300#primaryimage\"},\"thumbnailUrl\":\"https:\\\/\\\/aconteceunovale.com.br\\\/portal\\\/wp-content\\\/uploads\\\/2014\\\/06\\\/irma_benigna_proxima_santa_2.jpg\",\"keywords\":[\"Arquidiocese de Belo Horizonte\",\"Arquidiocese de Belo Horizonte realiza a Semana do Nascimento de Irm\u00e3 Benigna\",\"Belo Horizonte\",\"Diamantina\",\"Irm\u00e3 Benigna\",\"irm\u00e3 Benigna Victima de Jesus\",\"Maria da Concei\u00e7\u00e3o Santos\",\"Minas Gerais comemora a Semana do Nascimento da Irm\u00e3 Benigna\",\"Noviciado Nossa Senhora da Piedade\",\"Santu\u00e1rio Nossa Senhora da Concei\u00e7\u00e3o\",\"Semana do Nascimento da Irm\u00e3 Benigna\"],\"articleSection\":[\"Eventos\"],\"inLanguage\":\"pt-BR\",\"potentialAction\":[{\"@type\":\"CommentAction\",\"name\":\"Comment\",\"target\":[\"https:\\\/\\\/aconteceunovale.com.br\\\/portal\\\/?p=94300#respond\"]}]},{\"@type\":\"WebPage\",\"@id\":\"https:\\\/\\\/aconteceunovale.com.br\\\/portal\\\/?p=94300\",\"url\":\"https:\\\/\\\/aconteceunovale.com.br\\\/portal\\\/?p=94300\",\"name\":\"Minas Gerais comemora a Semana do Nascimento da Irm\u00e3 Benigna - Aconteceu no Vale\",\"isPartOf\":{\"@id\":\"https:\\\/\\\/aconteceunovale.com.br\\\/portal\\\/#website\"},\"primaryImageOfPage\":{\"@id\":\"https:\\\/\\\/aconteceunovale.com.br\\\/portal\\\/?p=94300#primaryimage\"},\"image\":{\"@id\":\"https:\\\/\\\/aconteceunovale.com.br\\\/portal\\\/?p=94300#primaryimage\"},\"thumbnailUrl\":\"https:\\\/\\\/aconteceunovale.com.br\\\/portal\\\/wp-content\\\/uploads\\\/2014\\\/06\\\/irma_benigna_proxima_santa_2.jpg\",\"datePublished\":\"2016-08-11T13:17:09+00:00\",\"author\":{\"@id\":\"https:\\\/\\\/aconteceunovale.com.br\\\/portal\\\/#\\\/schema\\\/person\\\/633529146f2c94272bef50ac2953d589\"},\"breadcrumb\":{\"@id\":\"https:\\\/\\\/aconteceunovale.com.br\\\/portal\\\/?p=94300#breadcrumb\"},\"inLanguage\":\"pt-BR\",\"potentialAction\":[{\"@type\":\"ReadAction\",\"target\":[\"https:\\\/\\\/aconteceunovale.com.br\\\/portal\\\/?p=94300\"]}]},{\"@type\":\"ImageObject\",\"inLanguage\":\"pt-BR\",\"@id\":\"https:\\\/\\\/aconteceunovale.com.br\\\/portal\\\/?p=94300#primaryimage\",\"url\":\"https:\\\/\\\/aconteceunovale.com.br\\\/portal\\\/wp-content\\\/uploads\\\/2014\\\/06\\\/irma_benigna_proxima_santa_2.jpg\",\"contentUrl\":\"https:\\\/\\\/aconteceunovale.com.br\\\/portal\\\/wp-content\\\/uploads\\\/2014\\\/06\\\/irma_benigna_proxima_santa_2.jpg\",\"width\":661,\"height\":450},{\"@type\":\"BreadcrumbList\",\"@id\":\"https:\\\/\\\/aconteceunovale.com.br\\\/portal\\\/?p=94300#breadcrumb\",\"itemListElement\":[{\"@type\":\"ListItem\",\"position\":1,\"name\":\"In\u00edcio\",\"item\":\"https:\\\/\\\/aconteceunovale.com.br\\\/portal\\\/\"},{\"@type\":\"ListItem\",\"position\":2,\"name\":\"Minas Gerais comemora a Semana do Nascimento da Irm\u00e3 Benigna\"}]},{\"@type\":\"WebSite\",\"@id\":\"https:\\\/\\\/aconteceunovale.com.br\\\/portal\\\/#website\",\"url\":\"https:\\\/\\\/aconteceunovale.com.br\\\/portal\\\/\",\"name\":\"Aconteceu no Vale\",\"description\":\"Portal de Not\u00edcias\",\"potentialAction\":[{\"@type\":\"SearchAction\",\"target\":{\"@type\":\"EntryPoint\",\"urlTemplate\":\"https:\\\/\\\/aconteceunovale.com.br\\\/portal\\\/?s={search_term_string}\"},\"query-input\":{\"@type\":\"PropertyValueSpecification\",\"valueRequired\":true,\"valueName\":\"search_term_string\"}}],\"inLanguage\":\"pt-BR\"},{\"@type\":\"Person\",\"@id\":\"https:\\\/\\\/aconteceunovale.com.br\\\/portal\\\/#\\\/schema\\\/person\\\/633529146f2c94272bef50ac2953d589\",\"name\":\"Aconteceu no Vale\",\"description\":\"Equipe de reportagem do Aconteceu no Vale, portal de not\u00edcias do Vale do Jequitinhonha, em Minas Gerais. Cobrimos as 51 cidades do Vale desde 2013. Sugest\u00f5es de pauta e pedidos de corre\u00e7\u00e3o: contato@aconteceunovale.com.br\",\"sameAs\":[\"http:\\\/\\\/www.aconteceunovale.com.br\"],\"url\":\"https:\\\/\\\/aconteceunovale.com.br\\\/portal\\\/?author=1\"}]}<\/script>\n<!-- \/ Yoast SEO plugin. -->","yoast_head_json":{"title":"Minas Gerais comemora a Semana do Nascimento da Irm\u00e3 Benigna - Aconteceu no Vale","robots":{"index":"index","follow":"follow","max-snippet":"max-snippet:-1","max-image-preview":"max-image-preview:large","max-video-preview":"max-video-preview:-1"},"canonical":"https:\/\/aconteceunovale.com.br\/portal\/?p=94300","og_locale":"pt_BR","og_type":"article","og_title":"Minas Gerais comemora a Semana do Nascimento da Irm\u00e3 Benigna - Aconteceu no Vale","og_description":"No per\u00edodo de 13 a 20 de agosto, a Igreja Cat\u00f3lica Mineira realiza a Semana do Nascimento de Irm\u00e3 Benigna. Maria da Concei\u00e7\u00e3o Santos, a irm\u00e3 Benigna Victima de Jesus, nasceu em Diamantina-MG, no dia 16 de agosto de 1907. Neste ano de 2016, completaria 109 anos. Para marcar a data, haver\u00e1 uma Semana de [&hellip;]","og_url":"https:\/\/aconteceunovale.com.br\/portal\/?p=94300","og_site_name":"Aconteceu no Vale","article_publisher":"https:\/\/www.facebook.com\/aconteceunovale\/","article_published_time":"2016-08-11T13:17:09+00:00","og_image":[{"width":661,"height":450,"url":"https:\/\/aconteceunovale.com.br\/portal\/wp-content\/uploads\/2014\/06\/irma_benigna_proxima_santa_2.jpg","type":"image\/jpeg"}],"author":"Aconteceu no Vale","twitter_card":"summary_large_image","twitter_creator":"@noticiadosvales","twitter_site":"@noticiadosvales","twitter_misc":{"Escrito por":"Aconteceu no Vale","Est. tempo de leitura":"1 minuto"},"schema":{"@context":"https:\/\/schema.org","@graph":[{"@type":"Article","@id":"https:\/\/aconteceunovale.com.br\/portal\/?p=94300#article","isPartOf":{"@id":"https:\/\/aconteceunovale.com.br\/portal\/?p=94300"},"author":{"name":"Aconteceu no Vale","@id":"https:\/\/aconteceunovale.com.br\/portal\/#\/schema\/person\/633529146f2c94272bef50ac2953d589"},"headline":"Minas Gerais comemora a Semana do Nascimento da Irm\u00e3 Benigna","datePublished":"2016-08-11T13:17:09+00:00","mainEntityOfPage":{"@id":"https:\/\/aconteceunovale.com.br\/portal\/?p=94300"},"wordCount":245,"commentCount":1,"image":{"@id":"https:\/\/aconteceunovale.com.br\/portal\/?p=94300#primaryimage"},"thumbnailUrl":"https:\/\/aconteceunovale.com.br\/portal\/wp-content\/uploads\/2014\/06\/irma_benigna_proxima_santa_2.jpg","keywords":["Arquidiocese de Belo Horizonte","Arquidiocese de Belo Horizonte realiza a Semana do Nascimento de Irm\u00e3 Benigna","Belo Horizonte","Diamantina","Irm\u00e3 Benigna","irm\u00e3 Benigna Victima de Jesus","Maria da Concei\u00e7\u00e3o Santos","Minas Gerais comemora a Semana do Nascimento da Irm\u00e3 Benigna","Noviciado Nossa Senhora da Piedade","Santu\u00e1rio Nossa Senhora da Concei\u00e7\u00e3o","Semana do Nascimento da Irm\u00e3 Benigna"],"articleSection":["Eventos"],"inLanguage":"pt-BR","potentialAction":[{"@type":"CommentAction","name":"Comment","target":["https:\/\/aconteceunovale.com.br\/portal\/?p=94300#respond"]}]},{"@type":"WebPage","@id":"https:\/\/aconteceunovale.com.br\/portal\/?p=94300","url":"https:\/\/aconteceunovale.com.br\/portal\/?p=94300","name":"Minas Gerais comemora a Semana do Nascimento da Irm\u00e3 Benigna - Aconteceu no Vale","isPartOf":{"@id":"https:\/\/aconteceunovale.com.br\/portal\/#website"},"primaryImageOfPage":{"@id":"https:\/\/aconteceunovale.com.br\/portal\/?p=94300#primaryimage"},"image":{"@id":"https:\/\/aconteceunovale.com.br\/portal\/?p=94300#primaryimage"},"thumbnailUrl":"https:\/\/aconteceunovale.com.br\/portal\/wp-content\/uploads\/2014\/06\/irma_benigna_proxima_santa_2.jpg","datePublished":"2016-08-11T13:17:09+00:00","author":{"@id":"https:\/\/aconteceunovale.com.br\/portal\/#\/schema\/person\/633529146f2c94272bef50ac2953d589"},"breadcrumb":{"@id":"https:\/\/aconteceunovale.com.br\/portal\/?p=94300#breadcrumb"},"inLanguage":"pt-BR","potentialAction":[{"@type":"ReadAction","target":["https:\/\/aconteceunovale.com.br\/portal\/?p=94300"]}]},{"@type":"ImageObject","inLanguage":"pt-BR","@id":"https:\/\/aconteceunovale.com.br\/portal\/?p=94300#primaryimage","url":"https:\/\/aconteceunovale.com.br\/portal\/wp-content\/uploads\/2014\/06\/irma_benigna_proxima_santa_2.jpg","contentUrl":"https:\/\/aconteceunovale.com.br\/portal\/wp-content\/uploads\/2014\/06\/irma_benigna_proxima_santa_2.jpg","width":661,"height":450},{"@type":"BreadcrumbList","@id":"https:\/\/aconteceunovale.com.br\/portal\/?p=94300#breadcrumb","itemListElement":[{"@type":"ListItem","position":1,"name":"In\u00edcio","item":"https:\/\/aconteceunovale.com.br\/portal\/"},{"@type":"ListItem","position":2,"name":"Minas Gerais comemora a Semana do Nascimento da Irm\u00e3 Benigna"}]},{"@type":"WebSite","@id":"https:\/\/aconteceunovale.com.br\/portal\/#website","url":"https:\/\/aconteceunovale.com.br\/portal\/","name":"Aconteceu no Vale","description":"Portal de Not\u00edcias","potentialAction":[{"@type":"SearchAction","target":{"@type":"EntryPoint","urlTemplate":"https:\/\/aconteceunovale.com.br\/portal\/?s={search_term_string}"},"query-input":{"@type":"PropertyValueSpecification","valueRequired":true,"valueName":"search_term_string"}}],"inLanguage":"pt-BR"},{"@type":"Person","@id":"https:\/\/aconteceunovale.com.br\/portal\/#\/schema\/person\/633529146f2c94272bef50ac2953d589","name":"Aconteceu no Vale","description":"Equipe de reportagem do Aconteceu no Vale, portal de not\u00edcias do Vale do Jequitinhonha, em Minas Gerais. Cobrimos as 51 cidades do Vale desde 2013. Sugest\u00f5es de pauta e pedidos de corre\u00e7\u00e3o: contato@aconteceunovale.com.br","sameAs":["http:\/\/www.aconteceunovale.com.br"],"url":"https:\/\/aconteceunovale.com.br\/portal\/?author=1"}]}},"_links":{"self":[{"href":"https:\/\/aconteceunovale.com.br\/portal\/index.php?rest_route=\/wp\/v2\/posts\/94300","targetHints":{"allow":["GET"]}}],"collection":[{"href":"https:\/\/aconteceunovale.com.br\/portal\/index.php?rest_route=\/wp\/v2\/posts"}],"about":[{"href":"https:\/\/aconteceunovale.com.br\/portal\/index.php?rest_route=\/wp\/v2\/types\/post"}],"author":[{"embeddable":true,"href":"https:\/\/aconteceunovale.com.br\/portal\/index.php?rest_route=\/wp\/v2\/users\/1"}],"replies":[{"embeddable":true,"href":"https:\/\/aconteceunovale.com.br\/portal\/index.php?rest_route=%2Fwp%2Fv2%2Fcomments&post=94300"}],"version-history":[{"count":0,"href":"https:\/\/aconteceunovale.com.br\/portal\/index.php?rest_route=\/wp\/v2\/posts\/94300\/revisions"}],"wp:featuredmedia":[{"embeddable":true,"href":"https:\/\/aconteceunovale.com.br\/portal\/index.php?rest_route=\/wp\/v2\/media\/32828"}],"wp:attachment":[{"href":"https:\/\/aconteceunovale.com.br\/portal\/index.php?rest_route=%2Fwp%2Fv2%2Fmedia&parent=94300"}],"wp:term":[{"taxonomy":"category","embeddable":true,"href":"https:\/\/aconteceunovale.com.br\/portal\/index.php?rest_route=%2Fwp%2Fv2%2Fcategories&post=94300"},{"taxonomy":"post_tag","embeddable":true,"href":"https:\/\/aconteceunovale.com.br\/portal\/index.php?rest_route=%2Fwp%2Fv2%2Ftags&post=94300"}],"curies":[{"name":"wp","href":"https:\/\/api.w.org\/{rel}","templated":true}]}}