{"id":94295,"date":"2016-08-11T09:46:37","date_gmt":"2016-08-11T12:46:37","guid":{"rendered":"http:\/\/aconteceunovale.com.br\/portal\/?p=94295"},"modified":"2016-08-11T09:46:37","modified_gmt":"2016-08-11T12:46:37","slug":"acordo-entre-brasil-e-estados-unidos-abre-caminho-para-aumento-nas-exportacoes-de-bovinos-mineiros","status":"publish","type":"post","link":"https:\/\/aconteceunovale.com.br\/portal\/?p=94295","title":{"rendered":"Acordo entre Brasil e Estados Unidos abre caminho para aumento nas exporta\u00e7\u00f5es de bovinos mineiros"},"content":{"rendered":"<p>Padr\u00e3o de qualidade em seguran\u00e7a e defesa sanit\u00e1ria e o segundo maior rebanho bovino do Brasil. \u00c9 com este cart\u00e3o de visitas que Minas Gerais se apresenta aos Estados Unidos ap\u00f3s o fechamento de um acordo bilateral para a comercializa\u00e7\u00e3o de carne in natura entre os dois pa\u00edses, com previs\u00e3o de in\u00edcio das negocia\u00e7\u00f5es do produto em cerca de tr\u00eas meses, mas ainda em 2016.<\/p>\n<p>&#8220;Este interc\u00e2mbio comercial, que tamb\u00e9m prev\u00ea a importa\u00e7\u00e3o brasileira de carne norte-americana, abre espa\u00e7o para comercializa\u00e7\u00e3o n\u00e3o s\u00f3 com os EUA, mas tamb\u00e9m com outros pa\u00edses&#8221;, destaca o superintendente de Pol\u00edtica e Economia Agr\u00edcola da Secretaria de Estado de Agricultura, Pecu\u00e1ria e Abastecimento (Seapa), Jo\u00e3o Carlos Albanez.<\/p>\n<p>&#8220;O mercado americano \u00e9 uma vitrine mundial, rigoroso com a avalia\u00e7\u00e3o de condi\u00e7\u00f5es sanit\u00e1rias. Isto vai permitir que outros pa\u00edses &#8211; como M\u00e9xico e Canad\u00e1, por exemplo \u2013 fa\u00e7am escolhas tendo como refer\u00eancia o padr\u00e3o exigido pelos Estados Unidos&#8221;, completa Albanez.<\/p>\n<p>At\u00e9 ent\u00e3o, o Brasil mantinha com os Estados Unidos a exporta\u00e7\u00e3o somente de carne bovina industrializada (movimenta\u00e7\u00e3o de aproximadamente US$ 287 milh\u00f5es). Segundo informa\u00e7\u00f5es do Minist\u00e9rio da Agricultura, Pecu\u00e1ria e Abastecimento, com o acordo bilateral, espera-se aumentar as exporta\u00e7\u00f5es em cerca de US$ 900 milh\u00f5es.<\/p>\n<p>&#8220;Em 2015, por exemplo, Minas Gerais exportou 99 mil toneladas de carne bovina. Em todo o Brasil, no mesmo per\u00edodo, foram 1,361 milh\u00e3o de toneladas. Ou seja, 7,2% das exporta\u00e7\u00f5es do pa\u00eds j\u00e1 saem de Minas&#8221;, analisa Albanez. &#8220;O estado tamb\u00e9m tem participa\u00e7\u00e3o na exporta\u00e7\u00e3o de outros estados, j\u00e1 que \u00e9 fornecedor de mat\u00e9ria-prima e vende animais para abatimento em frigor\u00edficos nessas outras regi\u00f5es&#8221;, acrescenta o superintendente.<\/p>\n<p><strong>Em n\u00fameros<\/strong><\/p>\n<p>Conforme dados do Relat\u00f3rio da Pecu\u00e1ria Bovinocultura de Leite e Corte de julho\/2016, produzido pela subsecretaria do Agroneg\u00f3cio da Seapa, Minas Gerais est\u00e1 atr\u00e1s apenas no Mato Grosso no Ranking do Efetivo Rebanho de Bovinos por Estado (2014). No total, o estado conta com 23,7 milh\u00f5es de cabe\u00e7as de gado, com participa\u00e7\u00e3o de 11,2% na compara\u00e7\u00e3o nacional.<\/p>\n<p>O Tri\u00e2ngulo concentra a maior fatia do rebanho mineiro, com 16%, seguido pelo Norte de Minas (12%) e Sul de Minas (11\/%). Prata, na regi\u00e3o do Tri\u00e2ngulo, tem o maior rebanho, com 393,9 mil cabe\u00e7as, seguido por Una\u00ed (Noroeste de Minas), com 364,5 mil cabe\u00e7as, e Campina Verde (Tri\u00e2ngulo), com 357,5 mil cabe\u00e7as.<\/p>\n<p>Os cinco principais pa\u00edses consumidores da carne bovina brasileira, no acumulado de janeiro a junho de 2016 (US$ 2,7 bilh\u00f5es), foram: Hong Kong (20,2% das exporta\u00e7\u00f5es); China (13,4%); Egito (12,5%); R\u00fassia (6,8%) e Ir\u00e3 (6,2%). J\u00e1 em Minas Gerais, o acumulado no mesmo per\u00edodo foi de US$ 198,8 milh\u00f5es nas exporta\u00e7\u00f5es, tendo como os cinco principais destinos: China (24,4% das exporta\u00e7\u00f5es); Hong Kong (20,1%); R\u00fassia (8,6%); Israel (6,9%); e Ir\u00e3 (5,9%).<\/p>\n<p><strong>Defesa sanit\u00e1ria<\/strong><\/p>\n<p>Segundo informa\u00e7\u00f5es do Instituto Mineiro de Agropecu\u00e1ria (IMA), Minas Gerais completar\u00e1, em 2017, duas d\u00e9cadas sem qualquer registro de foco de febre aftosa. Esta garantia, alcan\u00e7ada a partir do trabalho de defesa sanit\u00e1ria do IMA, credencia o estado junto \u00e0 Organiza\u00e7\u00e3o Mundial de Sa\u00fade Animal (OIE) como \u00e1rea livre de febre aftosa com vacina\u00e7\u00e3o. Em 2015, os \u00edndices de comprova\u00e7\u00e3o da vacina\u00e7\u00e3o contra a febre aftosa, nas duas etapas, foram superiores a 96%.<\/p>\n<p>O IMA, entre outras atribui\u00e7\u00f5es, assume tamb\u00e9m a miss\u00e3o de inspecionar produtos de origem animal em propriedades rurais (bovinos, aves, etc.); o tr\u00e2nsito de animais; e a gest\u00e3o de etapas de vacina\u00e7\u00e3o dos rebanhos (como a febre aftosa, por exemplo). Soma-se, ainda, a vistoria de produtos, justamente para que sejam disponibilizados produtos de origem animal adequados e seguros ao consumo humano.<\/p>\n<p>(Ag\u00eancia Minas)<\/p>\n","protected":false},"excerpt":{"rendered":"<p>Padr\u00e3o de qualidade em seguran\u00e7a e defesa sanit\u00e1ria e o segundo maior rebanho bovino do Brasil. \u00c9 com este cart\u00e3o de visitas que Minas Gerais se apresenta aos Estados Unidos ap\u00f3s o fechamento de um acordo bilateral para a comercializa\u00e7\u00e3o de carne in natura entre os dois pa\u00edses, com previs\u00e3o de in\u00edcio das negocia\u00e7\u00f5es do [&hellip;]<\/p>\n","protected":false},"author":1,"featured_media":93475,"comment_status":"open","ping_status":"closed","sticky":false,"template":"","format":"standard","meta":{"amp_status":"","footnotes":""},"categories":[123,28848],"tags":[109878,108305,109877,109876,109873,109872,109871,109874,109879,109875,109868,109870,109869,109867],"class_list":["post-94295","post","type-post","status-publish","format-standard","has-post-thumbnail","hentry","category-gerais","category-mundo","tag-acordo-entre-brasil-e-estados-unidos-abre-caminho-para-aumento-nas-exportacoes-de-bovinos-mineiros","tag-carne-in-natura","tag-carne-minas-gerais","tag-carne-produzida-em-minas-gerais","tag-comercializacao-de-carne-in-natura","tag-comercializacao-de-carne-in-natura-entre-minas-gerais-e-estados-unidos","tag-defesa-sanitaria-do-rebanho-bovino-de-minas-gerais","tag-exportacao-de-carne-in-natura-de-minas-gerais","tag-exportacoes-de-bovinos-mineiros","tag-importacao-brasileira-de-carne-norte-americana","tag-minas-gerais-tem-o-segundo-maior-rebanho-bovino-do-brasil","tag-padrao-de-qualidade-em-seguranca-do-rebanho-bovino-de-minas-gerais","tag-rebanho-bovino-do-brasil","tag-segundo-maior-rebanho-bovino-do-brasil"],"yoast_head":"<!-- This site is optimized with the Yoast SEO plugin v28.3 - https:\/\/yoast.com\/product\/yoast-seo-wordpress\/ -->\n<title>Acordo entre Brasil e Estados Unidos abre caminho para aumento nas exporta\u00e7\u00f5es de bovinos mineiros - Aconteceu no Vale<\/title>\n<meta name=\"robots\" content=\"index, follow, max-snippet:-1, max-image-preview:large, max-video-preview:-1\" \/>\n<link rel=\"canonical\" href=\"https:\/\/aconteceunovale.com.br\/portal\/?p=94295\" \/>\n<meta property=\"og:locale\" content=\"pt_BR\" \/>\n<meta property=\"og:type\" content=\"article\" \/>\n<meta property=\"og:title\" content=\"Acordo entre Brasil e Estados Unidos abre caminho para aumento nas exporta\u00e7\u00f5es de bovinos mineiros - Aconteceu no Vale\" \/>\n<meta property=\"og:description\" content=\"Padr\u00e3o de qualidade em seguran\u00e7a e defesa sanit\u00e1ria e o segundo maior rebanho bovino do Brasil. \u00c9 com este cart\u00e3o de visitas que Minas Gerais se apresenta aos Estados Unidos ap\u00f3s o fechamento de um acordo bilateral para a comercializa\u00e7\u00e3o de carne in natura entre os dois pa\u00edses, com previs\u00e3o de in\u00edcio das negocia\u00e7\u00f5es do [&hellip;]\" \/>\n<meta property=\"og:url\" content=\"https:\/\/aconteceunovale.com.br\/portal\/?p=94295\" \/>\n<meta property=\"og:site_name\" content=\"Aconteceu no Vale\" \/>\n<meta property=\"article:publisher\" content=\"https:\/\/www.facebook.com\/aconteceunovale\/\" \/>\n<meta property=\"article:published_time\" content=\"2016-08-11T12:46:37+00:00\" \/>\n<meta property=\"og:image\" content=\"https:\/\/aconteceunovale.com.br\/portal\/wp-content\/uploads\/2016\/08\/carne_bovina.png\" \/>\n\t<meta property=\"og:image:width\" content=\"643\" \/>\n\t<meta property=\"og:image:height\" content=\"428\" \/>\n\t<meta property=\"og:image:type\" content=\"image\/png\" \/>\n<meta name=\"author\" content=\"Aconteceu no Vale\" \/>\n<meta name=\"twitter:card\" content=\"summary_large_image\" \/>\n<meta name=\"twitter:creator\" content=\"@noticiadosvales\" \/>\n<meta name=\"twitter:site\" content=\"@noticiadosvales\" \/>\n<meta name=\"twitter:label1\" content=\"Escrito por\" \/>\n\t<meta name=\"twitter:data1\" content=\"Aconteceu no Vale\" \/>\n\t<meta name=\"twitter:label2\" content=\"Est. tempo de leitura\" \/>\n\t<meta name=\"twitter:data2\" content=\"3 minutos\" \/>\n<script type=\"application\/ld+json\" class=\"yoast-schema-graph\">{\"@context\":\"https:\\\/\\\/schema.org\",\"@graph\":[{\"@type\":\"Article\",\"@id\":\"https:\\\/\\\/aconteceunovale.com.br\\\/portal\\\/?p=94295#article\",\"isPartOf\":{\"@id\":\"https:\\\/\\\/aconteceunovale.com.br\\\/portal\\\/?p=94295\"},\"author\":{\"name\":\"Aconteceu no Vale\",\"@id\":\"https:\\\/\\\/aconteceunovale.com.br\\\/portal\\\/#\\\/schema\\\/person\\\/633529146f2c94272bef50ac2953d589\"},\"headline\":\"Acordo entre Brasil e Estados Unidos abre caminho para aumento nas exporta\u00e7\u00f5es de bovinos mineiros\",\"datePublished\":\"2016-08-11T12:46:37+00:00\",\"mainEntityOfPage\":{\"@id\":\"https:\\\/\\\/aconteceunovale.com.br\\\/portal\\\/?p=94295\"},\"wordCount\":658,\"commentCount\":0,\"image\":{\"@id\":\"https:\\\/\\\/aconteceunovale.com.br\\\/portal\\\/?p=94295#primaryimage\"},\"thumbnailUrl\":\"https:\\\/\\\/aconteceunovale.com.br\\\/portal\\\/wp-content\\\/uploads\\\/2016\\\/08\\\/carne_bovina.png\",\"keywords\":[\"Acordo entre Brasil e Estados Unidos abre caminho para aumento nas exporta\u00e7\u00f5es de bovinos mineiros\",\"carne in natura\",\"carne minas gerais\",\"carne produzida em minas gerais\",\"comercializa\u00e7\u00e3o de carne in natura\",\"comercializa\u00e7\u00e3o de carne in natura entre minas gerais e estados unidos\",\"defesa sanit\u00e1ria do rebanho bovino de minas gerais\",\"exporta\u00e7\u00e3o de carne in natura de minas gerais\",\"exporta\u00e7\u00f5es de bovinos mineiros\",\"importa\u00e7\u00e3o brasileira de carne norte-americana\",\"Minas Gerais tem o segundo maior rebanho bovino do Brasil\",\"Padr\u00e3o de qualidade em seguran\u00e7a do rebanho bovino de minas gerais\",\"Rebanho bovino do Brasil\",\"segundo maior rebanho bovino do Brasil\"],\"articleSection\":[\"Minas Gerais\",\"Mundo\"],\"inLanguage\":\"pt-BR\",\"potentialAction\":[{\"@type\":\"CommentAction\",\"name\":\"Comment\",\"target\":[\"https:\\\/\\\/aconteceunovale.com.br\\\/portal\\\/?p=94295#respond\"]}]},{\"@type\":\"WebPage\",\"@id\":\"https:\\\/\\\/aconteceunovale.com.br\\\/portal\\\/?p=94295\",\"url\":\"https:\\\/\\\/aconteceunovale.com.br\\\/portal\\\/?p=94295\",\"name\":\"Acordo entre Brasil e Estados Unidos abre caminho para aumento nas exporta\u00e7\u00f5es de bovinos mineiros - Aconteceu no Vale\",\"isPartOf\":{\"@id\":\"https:\\\/\\\/aconteceunovale.com.br\\\/portal\\\/#website\"},\"primaryImageOfPage\":{\"@id\":\"https:\\\/\\\/aconteceunovale.com.br\\\/portal\\\/?p=94295#primaryimage\"},\"image\":{\"@id\":\"https:\\\/\\\/aconteceunovale.com.br\\\/portal\\\/?p=94295#primaryimage\"},\"thumbnailUrl\":\"https:\\\/\\\/aconteceunovale.com.br\\\/portal\\\/wp-content\\\/uploads\\\/2016\\\/08\\\/carne_bovina.png\",\"datePublished\":\"2016-08-11T12:46:37+00:00\",\"author\":{\"@id\":\"https:\\\/\\\/aconteceunovale.com.br\\\/portal\\\/#\\\/schema\\\/person\\\/633529146f2c94272bef50ac2953d589\"},\"breadcrumb\":{\"@id\":\"https:\\\/\\\/aconteceunovale.com.br\\\/portal\\\/?p=94295#breadcrumb\"},\"inLanguage\":\"pt-BR\",\"potentialAction\":[{\"@type\":\"ReadAction\",\"target\":[\"https:\\\/\\\/aconteceunovale.com.br\\\/portal\\\/?p=94295\"]}]},{\"@type\":\"ImageObject\",\"inLanguage\":\"pt-BR\",\"@id\":\"https:\\\/\\\/aconteceunovale.com.br\\\/portal\\\/?p=94295#primaryimage\",\"url\":\"https:\\\/\\\/aconteceunovale.com.br\\\/portal\\\/wp-content\\\/uploads\\\/2016\\\/08\\\/carne_bovina.png\",\"contentUrl\":\"https:\\\/\\\/aconteceunovale.com.br\\\/portal\\\/wp-content\\\/uploads\\\/2016\\\/08\\\/carne_bovina.png\",\"width\":643,\"height\":428},{\"@type\":\"BreadcrumbList\",\"@id\":\"https:\\\/\\\/aconteceunovale.com.br\\\/portal\\\/?p=94295#breadcrumb\",\"itemListElement\":[{\"@type\":\"ListItem\",\"position\":1,\"name\":\"In\u00edcio\",\"item\":\"https:\\\/\\\/aconteceunovale.com.br\\\/portal\\\/\"},{\"@type\":\"ListItem\",\"position\":2,\"name\":\"Acordo entre Brasil e Estados Unidos abre caminho para aumento nas exporta\u00e7\u00f5es de bovinos mineiros\"}]},{\"@type\":\"WebSite\",\"@id\":\"https:\\\/\\\/aconteceunovale.com.br\\\/portal\\\/#website\",\"url\":\"https:\\\/\\\/aconteceunovale.com.br\\\/portal\\\/\",\"name\":\"Aconteceu no Vale\",\"description\":\"Portal de Not\u00edcias\",\"potentialAction\":[{\"@type\":\"SearchAction\",\"target\":{\"@type\":\"EntryPoint\",\"urlTemplate\":\"https:\\\/\\\/aconteceunovale.com.br\\\/portal\\\/?s={search_term_string}\"},\"query-input\":{\"@type\":\"PropertyValueSpecification\",\"valueRequired\":true,\"valueName\":\"search_term_string\"}}],\"inLanguage\":\"pt-BR\"},{\"@type\":\"Person\",\"@id\":\"https:\\\/\\\/aconteceunovale.com.br\\\/portal\\\/#\\\/schema\\\/person\\\/633529146f2c94272bef50ac2953d589\",\"name\":\"Aconteceu no Vale\",\"description\":\"Equipe de reportagem do Aconteceu no Vale, portal de not\u00edcias do Vale do Jequitinhonha, em Minas Gerais. Cobrimos as 51 cidades do Vale desde 2013. Sugest\u00f5es de pauta e pedidos de corre\u00e7\u00e3o: contato@aconteceunovale.com.br\",\"sameAs\":[\"http:\\\/\\\/www.aconteceunovale.com.br\"],\"url\":\"https:\\\/\\\/aconteceunovale.com.br\\\/portal\\\/?author=1\"}]}<\/script>\n<!-- \/ Yoast SEO plugin. -->","yoast_head_json":{"title":"Acordo entre Brasil e Estados Unidos abre caminho para aumento nas exporta\u00e7\u00f5es de bovinos mineiros - Aconteceu no Vale","robots":{"index":"index","follow":"follow","max-snippet":"max-snippet:-1","max-image-preview":"max-image-preview:large","max-video-preview":"max-video-preview:-1"},"canonical":"https:\/\/aconteceunovale.com.br\/portal\/?p=94295","og_locale":"pt_BR","og_type":"article","og_title":"Acordo entre Brasil e Estados Unidos abre caminho para aumento nas exporta\u00e7\u00f5es de bovinos mineiros - Aconteceu no Vale","og_description":"Padr\u00e3o de qualidade em seguran\u00e7a e defesa sanit\u00e1ria e o segundo maior rebanho bovino do Brasil. \u00c9 com este cart\u00e3o de visitas que Minas Gerais se apresenta aos Estados Unidos ap\u00f3s o fechamento de um acordo bilateral para a comercializa\u00e7\u00e3o de carne in natura entre os dois pa\u00edses, com previs\u00e3o de in\u00edcio das negocia\u00e7\u00f5es do [&hellip;]","og_url":"https:\/\/aconteceunovale.com.br\/portal\/?p=94295","og_site_name":"Aconteceu no Vale","article_publisher":"https:\/\/www.facebook.com\/aconteceunovale\/","article_published_time":"2016-08-11T12:46:37+00:00","og_image":[{"width":643,"height":428,"url":"https:\/\/aconteceunovale.com.br\/portal\/wp-content\/uploads\/2016\/08\/carne_bovina.png","type":"image\/png"}],"author":"Aconteceu no Vale","twitter_card":"summary_large_image","twitter_creator":"@noticiadosvales","twitter_site":"@noticiadosvales","twitter_misc":{"Escrito por":"Aconteceu no Vale","Est. tempo de leitura":"3 minutos"},"schema":{"@context":"https:\/\/schema.org","@graph":[{"@type":"Article","@id":"https:\/\/aconteceunovale.com.br\/portal\/?p=94295#article","isPartOf":{"@id":"https:\/\/aconteceunovale.com.br\/portal\/?p=94295"},"author":{"name":"Aconteceu no Vale","@id":"https:\/\/aconteceunovale.com.br\/portal\/#\/schema\/person\/633529146f2c94272bef50ac2953d589"},"headline":"Acordo entre Brasil e Estados Unidos abre caminho para aumento nas exporta\u00e7\u00f5es de bovinos mineiros","datePublished":"2016-08-11T12:46:37+00:00","mainEntityOfPage":{"@id":"https:\/\/aconteceunovale.com.br\/portal\/?p=94295"},"wordCount":658,"commentCount":0,"image":{"@id":"https:\/\/aconteceunovale.com.br\/portal\/?p=94295#primaryimage"},"thumbnailUrl":"https:\/\/aconteceunovale.com.br\/portal\/wp-content\/uploads\/2016\/08\/carne_bovina.png","keywords":["Acordo entre Brasil e Estados Unidos abre caminho para aumento nas exporta\u00e7\u00f5es de bovinos mineiros","carne in natura","carne minas gerais","carne produzida em minas gerais","comercializa\u00e7\u00e3o de carne in natura","comercializa\u00e7\u00e3o de carne in natura entre minas gerais e estados unidos","defesa sanit\u00e1ria do rebanho bovino de minas gerais","exporta\u00e7\u00e3o de carne in natura de minas gerais","exporta\u00e7\u00f5es de bovinos mineiros","importa\u00e7\u00e3o brasileira de carne norte-americana","Minas Gerais tem o segundo maior rebanho bovino do Brasil","Padr\u00e3o de qualidade em seguran\u00e7a do rebanho bovino de minas gerais","Rebanho bovino do Brasil","segundo maior rebanho bovino do Brasil"],"articleSection":["Minas Gerais","Mundo"],"inLanguage":"pt-BR","potentialAction":[{"@type":"CommentAction","name":"Comment","target":["https:\/\/aconteceunovale.com.br\/portal\/?p=94295#respond"]}]},{"@type":"WebPage","@id":"https:\/\/aconteceunovale.com.br\/portal\/?p=94295","url":"https:\/\/aconteceunovale.com.br\/portal\/?p=94295","name":"Acordo entre Brasil e Estados Unidos abre caminho para aumento nas exporta\u00e7\u00f5es de bovinos mineiros - Aconteceu no Vale","isPartOf":{"@id":"https:\/\/aconteceunovale.com.br\/portal\/#website"},"primaryImageOfPage":{"@id":"https:\/\/aconteceunovale.com.br\/portal\/?p=94295#primaryimage"},"image":{"@id":"https:\/\/aconteceunovale.com.br\/portal\/?p=94295#primaryimage"},"thumbnailUrl":"https:\/\/aconteceunovale.com.br\/portal\/wp-content\/uploads\/2016\/08\/carne_bovina.png","datePublished":"2016-08-11T12:46:37+00:00","author":{"@id":"https:\/\/aconteceunovale.com.br\/portal\/#\/schema\/person\/633529146f2c94272bef50ac2953d589"},"breadcrumb":{"@id":"https:\/\/aconteceunovale.com.br\/portal\/?p=94295#breadcrumb"},"inLanguage":"pt-BR","potentialAction":[{"@type":"ReadAction","target":["https:\/\/aconteceunovale.com.br\/portal\/?p=94295"]}]},{"@type":"ImageObject","inLanguage":"pt-BR","@id":"https:\/\/aconteceunovale.com.br\/portal\/?p=94295#primaryimage","url":"https:\/\/aconteceunovale.com.br\/portal\/wp-content\/uploads\/2016\/08\/carne_bovina.png","contentUrl":"https:\/\/aconteceunovale.com.br\/portal\/wp-content\/uploads\/2016\/08\/carne_bovina.png","width":643,"height":428},{"@type":"BreadcrumbList","@id":"https:\/\/aconteceunovale.com.br\/portal\/?p=94295#breadcrumb","itemListElement":[{"@type":"ListItem","position":1,"name":"In\u00edcio","item":"https:\/\/aconteceunovale.com.br\/portal\/"},{"@type":"ListItem","position":2,"name":"Acordo entre Brasil e Estados Unidos abre caminho para aumento nas exporta\u00e7\u00f5es de bovinos mineiros"}]},{"@type":"WebSite","@id":"https:\/\/aconteceunovale.com.br\/portal\/#website","url":"https:\/\/aconteceunovale.com.br\/portal\/","name":"Aconteceu no Vale","description":"Portal de Not\u00edcias","potentialAction":[{"@type":"SearchAction","target":{"@type":"EntryPoint","urlTemplate":"https:\/\/aconteceunovale.com.br\/portal\/?s={search_term_string}"},"query-input":{"@type":"PropertyValueSpecification","valueRequired":true,"valueName":"search_term_string"}}],"inLanguage":"pt-BR"},{"@type":"Person","@id":"https:\/\/aconteceunovale.com.br\/portal\/#\/schema\/person\/633529146f2c94272bef50ac2953d589","name":"Aconteceu no Vale","description":"Equipe de reportagem do Aconteceu no Vale, portal de not\u00edcias do Vale do Jequitinhonha, em Minas Gerais. Cobrimos as 51 cidades do Vale desde 2013. Sugest\u00f5es de pauta e pedidos de corre\u00e7\u00e3o: contato@aconteceunovale.com.br","sameAs":["http:\/\/www.aconteceunovale.com.br"],"url":"https:\/\/aconteceunovale.com.br\/portal\/?author=1"}]}},"_links":{"self":[{"href":"https:\/\/aconteceunovale.com.br\/portal\/index.php?rest_route=\/wp\/v2\/posts\/94295","targetHints":{"allow":["GET"]}}],"collection":[{"href":"https:\/\/aconteceunovale.com.br\/portal\/index.php?rest_route=\/wp\/v2\/posts"}],"about":[{"href":"https:\/\/aconteceunovale.com.br\/portal\/index.php?rest_route=\/wp\/v2\/types\/post"}],"author":[{"embeddable":true,"href":"https:\/\/aconteceunovale.com.br\/portal\/index.php?rest_route=\/wp\/v2\/users\/1"}],"replies":[{"embeddable":true,"href":"https:\/\/aconteceunovale.com.br\/portal\/index.php?rest_route=%2Fwp%2Fv2%2Fcomments&post=94295"}],"version-history":[{"count":0,"href":"https:\/\/aconteceunovale.com.br\/portal\/index.php?rest_route=\/wp\/v2\/posts\/94295\/revisions"}],"wp:featuredmedia":[{"embeddable":true,"href":"https:\/\/aconteceunovale.com.br\/portal\/index.php?rest_route=\/wp\/v2\/media\/93475"}],"wp:attachment":[{"href":"https:\/\/aconteceunovale.com.br\/portal\/index.php?rest_route=%2Fwp%2Fv2%2Fmedia&parent=94295"}],"wp:term":[{"taxonomy":"category","embeddable":true,"href":"https:\/\/aconteceunovale.com.br\/portal\/index.php?rest_route=%2Fwp%2Fv2%2Fcategories&post=94295"},{"taxonomy":"post_tag","embeddable":true,"href":"https:\/\/aconteceunovale.com.br\/portal\/index.php?rest_route=%2Fwp%2Fv2%2Ftags&post=94295"}],"curies":[{"name":"wp","href":"https:\/\/api.w.org\/{rel}","templated":true}]}}