{"id":94286,"date":"2016-08-10T23:08:22","date_gmt":"2016-08-11T02:08:22","guid":{"rendered":"http:\/\/aconteceunovale.com.br\/portal\/?p=94286"},"modified":"2016-08-10T23:08:22","modified_gmt":"2016-08-11T02:08:22","slug":"regionalizacao-valoriza-atividades-turisticas-e-desenvolvimento-socioeconomico-dos-municipios-mineiros","status":"publish","type":"post","link":"https:\/\/aconteceunovale.com.br\/portal\/?p=94286","title":{"rendered":"Regionaliza\u00e7\u00e3o valoriza atividades tur\u00edsticas e desenvolvimento socioecon\u00f4mico dos munic\u00edpios mineiros"},"content":{"rendered":"<p>O leque de op\u00e7\u00f5es \u00e9 enorme: culin\u00e1ria t\u00edpica, artesanato, cavalgadas, passeios em trilhas, esportes radicais, festas populares e religiosas, roteiros hist\u00f3ricos nos destinos que possuem patrim\u00f4nio art\u00edstico e arquitet\u00f4nico. A diversidade das atividades tur\u00edsticas em Minas Gerais mostra o potencial e o valor socioecon\u00f4mico do segmento.<\/p>\n<p>Estima-se que o setor movimentou, em 2015, no estado, uma receita direta de cerca de R$ 16 bilh\u00f5es, resultado de um fluxo da ordem de 24,4 milh\u00f5es de turistas, segundo dados do Observat\u00f3rio do Turismo, servi\u00e7o de monitoramento da Secretaria de Estado de Turismo (Setur).<\/p>\n<p>Para fortalecer o segmento, o Governo do Estado tem adotado medidas que refor\u00e7am a pol\u00edtica de regionaliza\u00e7\u00e3o das atividades tur\u00edsticas. No m\u00eas passado, foi renovada a certifica\u00e7\u00e3o de 45 circuitos tur\u00edsticos, envolvendo todas as regi\u00f5es de Minas Gerais e 457 munic\u00edpios.<\/p>\n<p>A divis\u00e3o das regi\u00f5es facilita o levantamento do potencial tur\u00edstico das localidades e serve de base para a elabora\u00e7\u00e3o das pol\u00edticas p\u00fablicas do Governo para o setor.<\/p>\n<p>\u201cEsse mapa \u00e9 considerado, por exemplo, como um dos crit\u00e9rios para a distribui\u00e7\u00e3o do ICMS tur\u00edstico e outras pol\u00edticas para o desenvolvimento local\u201d, afirma Fl\u00e1via Ribeiro, t\u00e9cnica de Planejamento das Pol\u00edticas de Turismo da Setur.<\/p>\n<p>O mapa dos circuitos tur\u00edsticos \u00e9 revisado todo ano. Uma das mudan\u00e7as na atual configura\u00e7\u00e3o foi o nome do Circuito dos Lagos, que passou a se chamar Circuito Alta Mogiana. Segundo Fl\u00e1via Ribeiro, a nomenclatura j\u00e1 era conhecida na regi\u00e3o e combina com a identifica\u00e7\u00e3o sociocultural da localidade.<\/p>\n<p><img decoding=\"async\" src=\"http:\/\/aconteceunovale.com.br\/portal\/wp-content\/uploads\/2016\/08\/sao_lourenco_sul_minas_GIL_2207.jpg\" alt=\"\" \/><em>A diversidade das atividades tur\u00edsticas em Minas Gerais mostra o potencial e o valor socioecon\u00f4mico do segmento (Foto: Gil Leonardi\/Imprensa Minas)<\/em><br \/>\n<\/br><\/p>\n<p><strong>Gest\u00e3o descentralizada<\/strong><\/p>\n<p>Os Circuitos Tur\u00edsticos s\u00e3o entidades sem fins lucrativos que caracterizam a pol\u00edtica p\u00fablica de Regionaliza\u00e7\u00e3o do Turismo de Minas Gerais. Cabe aos Circuitos Tur\u00edsticos o papel de articular as entidades p\u00fablicas, privadas e do terceiro setor nos munic\u00edpios de abrang\u00eancia, para contribuir com o desenvolvimento econ\u00f4mico e social, por meio da atividade tur\u00edstica.<\/p>\n<p>\u201cA pol\u00edtica de regionaliza\u00e7\u00e3o do setor fortalece a proposta do Governo de Minas Gerais de descentraliza\u00e7\u00e3o da gest\u00e3o, com base nos princ\u00edpios da flexibilidade, articula\u00e7\u00e3o, mobiliza\u00e7\u00e3o e participa\u00e7\u00e3o social\u201d, afirma o secret\u00e1rio adjunto de Turismo, Gustavo Arrais.<\/p>\n<p>Ele ressalta o valor dos Circuitos Tur\u00edsticos como instrumento de compreens\u00e3o das necessidades regionais e com poder de articular melhorias. \u201cMuitos gestores de circuitos participam dos F\u00f3runs Regionais de Governo, apresentando demandas na tem\u00e1tica de turismo e apontando solu\u00e7\u00f5es\u201d observa Arrais.<\/p>\n<p><strong>Integra\u00e7\u00e3o a\u00e9rea<\/strong><\/p>\n<p>Uma proposta de grande impacto no turismo e na economia dos munic\u00edpios \u00e9 a implementa\u00e7\u00e3o de voos regionais.  Prestes a entrar em opera\u00e7\u00e3o, o Projeto de Integra\u00e7\u00e3o A\u00e9rea Regional de Minas Gerais \u2013 Modal A\u00e9reo (Pirma), do Governo do Estado, atende uma das demandas do setor tur\u00edstico apresentadas nos F\u00f3runs Regionais.<\/p>\n<p>Executado pela Companhia de Desenvolvimento Econ\u00f4mico de Minas Gerais e pela Secretaria de Estado de Transportes e Obras P\u00fablicas (Setop), o projeto tem seus primeiros voos previstos a partir da segunda quinzena deste m\u00eas.<\/p>\n<p>Ser\u00e3o 60 voos semanais, saindo do Aeroporto Carlos Drummond, na Pampulha, em Belo Horizonte, com destino a 12 munic\u00edpios mineiros. As aeronaves ser\u00e3o do modelo Cessna Grand Caravan 208, com capacidade para nove passageiros, al\u00e9m de dois tripulantes.<\/p>\n<p>A grade de voos j\u00e1 pode ser consultada no site voeminasgerais.com.br. A venda de vouchers ser\u00e1 feita pelo mesmo endere\u00e7o eletr\u00f4nico e deve come\u00e7ar em breve. O sistema ser\u00e1 o mesmo adotado pelas companhias a\u00e9reas, via e-commerce (cart\u00e3o de cr\u00e9dito) e emiss\u00e3o imediata do bilhete.<\/p>\n<p>Na primeira fase, o Pirma vai interligar Belo Horizonte \u00e0s seguintes cidades: Curvelo, Diamantina, Divin\u00f3polis, Juiz de Fora, Muria\u00e9, Patos de Minas, Ponte Nova, S\u00e3o Jo\u00e3o del-Rei, Te\u00f3filo Otoni, Ub\u00e1, Varginha e Vi\u00e7osa.<\/p>\n<p><strong>Expans\u00e3o<\/strong><\/p>\n<p>A Codemig prev\u00ea a expans\u00e3o do servi\u00e7o em um segundo momento para outras localidades. \u201cNosso objetivo \u00e9 oferecer essa demanda, estimular esse consumo e dinamizar a nossa economia, buscando um potencial de amplia\u00e7\u00e3o j\u00e1 apontado em pesquisa\u201d, diz a diretora de Fomento \u00e0 Ind\u00fastria Criativa da Codemig, Fernanda Machado.<\/p>\n<p>Para a diretora da Federa\u00e7\u00e3o Mineira dos Circuitos Tur\u00edsticos, Daniele Feyo, a inaugura\u00e7\u00e3o desses voos regionais vai aproximar o interior da capital mineira, considerada a principal porta de entrada dos turistas.<\/p>\n<p>\u201cQuando a gente trabalha na perspectiva de regionalizar o turismo, a melhoria da integra\u00e7\u00e3o dos munic\u00edpios \u00e9 fundamental para o fortalecimento de toda cadeia produtiva\u201d, afirma Daniele.<\/p>\n<p>A executiva acrescenta que o Projeto de Integra\u00e7\u00e3o A\u00e9rea Regional \u00e9 uma medida concreta do Governo do Estado para o desenvolvimento do turismo em Minas Gerais.<\/p>\n<p>O Circuito Tur\u00edstico Caminho Novo \u00e9 um dos beneficiados com a integra\u00e7\u00e3o a\u00e9rea. Localizada nos contrafortes da Serra da Mantiqueira, a regi\u00e3o tem como atrativos paisagens naturais, artesanato, tecidos e as cervejas artesanais.<\/p>\n<p>Juiz de Fora, que est\u00e1 entre as seis cidades do circuito, \u00e9 um dos polos do turismo de neg\u00f3cios e eventos. Daniele Feyo, que tamb\u00e9m \u00e9 gestora do Circuito Caminho Novo, acredita que o fluxo de voos na cidade vai estimular o potencial tur\u00edstico local.<\/p>\n<p>Al\u00e9m de Belo Horizonte, Regi\u00e3o Metropolitana e o Circuito Caminho Novo, a integra\u00e7\u00e3o a\u00e9rea vai contemplar os Circuitos Tur\u00edsticos dos Diamantes, Montanhas e F\u00e9, Guimar\u00e3es Rosa, Trilha dos Inconfidentes, Vale Verde e Quedas D\u2019\u00c1gua, Serras de Minas, Pedras Preciosas e Serra do Brigadeiro. (Ag\u00eancia Minas)<\/p>\n","protected":false},"excerpt":{"rendered":"<p>O leque de op\u00e7\u00f5es \u00e9 enorme: culin\u00e1ria t\u00edpica, artesanato, cavalgadas, passeios em trilhas, esportes radicais, festas populares e religiosas, roteiros hist\u00f3ricos nos destinos que possuem patrim\u00f4nio art\u00edstico e arquitet\u00f4nico. A diversidade das atividades tur\u00edsticas em Minas Gerais mostra o potencial e o valor socioecon\u00f4mico do segmento. Estima-se que o setor movimentou, em 2015, no estado, [&hellip;]<\/p>\n","protected":false},"author":1,"featured_media":94287,"comment_status":"open","ping_status":"closed","sticky":false,"template":"","format":"standard","meta":{"amp_status":"","footnotes":""},"categories":[123],"tags":[109851,76964,109838,109848,194,109841,109849,109850,109840,197,109837,1018,109846,109847,36993,198,199,109843,109844,36996,206,37004,1502,109842,214,37009,105855,217,109836,109845,218,37012,37016,164,37020,69428,219,109852,109839,223,18771],"class_list":["post-94286","post","type-post","status-publish","format-standard","has-post-thumbnail","hentry","category-gerais","tag-aeroporto-carlos-drummond","tag-artesanato","tag-atividades-turisticas","tag-atividades-turisticas-em-minas-gerais","tag-belo-horizonte","tag-cavalgadas","tag-circuito-alta-mogiana","tag-circuito-dos-lagos","tag-culinaria-tipica","tag-curvelo","tag-desenvolvimento-socioeconomico-dos-municipios-mineiros","tag-destaque","tag-destino-turisticos-minas-gerais","tag-destinos-turismo-minas-gerais","tag-diamantes","tag-diamantina","tag-divinopolis","tag-esportes-radicais","tag-festas-populares","tag-guimaraes-rosa","tag-juiz-de-fora","tag-montanhas-e-fe","tag-muriae","tag-passeios-em-trilhas","tag-patos-de-minas","tag-pedras-preciosas","tag-pirma","tag-ponte-nova","tag-regionalizacao-valoriza-atividades-turisticas-e-desenvolvimento-socioeconomico-dos-municipios-mineiros","tag-religiosas","tag-sao-joao-del-rei","tag-serra-do-brigadeiro","tag-serras-de-minas","tag-teofilo-otoni","tag-trilha-dos-inconfidentes","tag-turismo-minas-gerais","tag-uba","tag-vale-verde-e-quedas-dagua","tag-valorizacao-das-atividades-turisticas-em-minas-gerais","tag-varginha","tag-vicosa"],"yoast_head":"<!-- This site is optimized with the Yoast SEO plugin v28.3 - https:\/\/yoast.com\/product\/yoast-seo-wordpress\/ -->\n<title>Regionaliza\u00e7\u00e3o valoriza atividades tur\u00edsticas e desenvolvimento socioecon\u00f4mico dos munic\u00edpios mineiros - Aconteceu no Vale<\/title>\n<meta name=\"robots\" content=\"index, follow, max-snippet:-1, max-image-preview:large, max-video-preview:-1\" \/>\n<link rel=\"canonical\" href=\"https:\/\/aconteceunovale.com.br\/portal\/?p=94286\" \/>\n<meta property=\"og:locale\" content=\"pt_BR\" \/>\n<meta property=\"og:type\" content=\"article\" \/>\n<meta property=\"og:title\" content=\"Regionaliza\u00e7\u00e3o valoriza atividades tur\u00edsticas e desenvolvimento socioecon\u00f4mico dos munic\u00edpios mineiros - Aconteceu no Vale\" \/>\n<meta property=\"og:description\" content=\"O leque de op\u00e7\u00f5es \u00e9 enorme: culin\u00e1ria t\u00edpica, artesanato, cavalgadas, passeios em trilhas, esportes radicais, festas populares e religiosas, roteiros hist\u00f3ricos nos destinos que possuem patrim\u00f4nio art\u00edstico e arquitet\u00f4nico. A diversidade das atividades tur\u00edsticas em Minas Gerais mostra o potencial e o valor socioecon\u00f4mico do segmento. Estima-se que o setor movimentou, em 2015, no estado, [&hellip;]\" \/>\n<meta property=\"og:url\" content=\"https:\/\/aconteceunovale.com.br\/portal\/?p=94286\" \/>\n<meta property=\"og:site_name\" content=\"Aconteceu no Vale\" \/>\n<meta property=\"article:publisher\" content=\"https:\/\/www.facebook.com\/aconteceunovale\/\" \/>\n<meta property=\"article:published_time\" content=\"2016-08-11T02:08:22+00:00\" \/>\n<meta property=\"og:image\" content=\"https:\/\/aconteceunovale.com.br\/portal\/wp-content\/uploads\/2016\/08\/sao_lourenco_sul_minas_GIL_2207.jpg\" \/>\n\t<meta property=\"og:image:width\" content=\"675\" \/>\n\t<meta property=\"og:image:height\" content=\"450\" \/>\n\t<meta property=\"og:image:type\" content=\"image\/jpeg\" \/>\n<meta name=\"author\" content=\"Aconteceu no Vale\" \/>\n<meta name=\"twitter:card\" content=\"summary_large_image\" \/>\n<meta name=\"twitter:creator\" content=\"@noticiadosvales\" \/>\n<meta name=\"twitter:site\" content=\"@noticiadosvales\" \/>\n<meta name=\"twitter:label1\" content=\"Escrito por\" \/>\n\t<meta name=\"twitter:data1\" content=\"Aconteceu no Vale\" \/>\n\t<meta name=\"twitter:label2\" content=\"Est. tempo de leitura\" \/>\n\t<meta name=\"twitter:data2\" content=\"5 minutos\" \/>\n<script type=\"application\/ld+json\" class=\"yoast-schema-graph\">{\"@context\":\"https:\\\/\\\/schema.org\",\"@graph\":[{\"@type\":\"Article\",\"@id\":\"https:\\\/\\\/aconteceunovale.com.br\\\/portal\\\/?p=94286#article\",\"isPartOf\":{\"@id\":\"https:\\\/\\\/aconteceunovale.com.br\\\/portal\\\/?p=94286\"},\"author\":{\"name\":\"Aconteceu no Vale\",\"@id\":\"https:\\\/\\\/aconteceunovale.com.br\\\/portal\\\/#\\\/schema\\\/person\\\/633529146f2c94272bef50ac2953d589\"},\"headline\":\"Regionaliza\u00e7\u00e3o valoriza atividades tur\u00edsticas e desenvolvimento socioecon\u00f4mico dos munic\u00edpios mineiros\",\"datePublished\":\"2016-08-11T02:08:22+00:00\",\"mainEntityOfPage\":{\"@id\":\"https:\\\/\\\/aconteceunovale.com.br\\\/portal\\\/?p=94286\"},\"wordCount\":978,\"commentCount\":0,\"image\":{\"@id\":\"https:\\\/\\\/aconteceunovale.com.br\\\/portal\\\/?p=94286#primaryimage\"},\"thumbnailUrl\":\"https:\\\/\\\/aconteceunovale.com.br\\\/portal\\\/wp-content\\\/uploads\\\/2016\\\/08\\\/sao_lourenco_sul_minas_GIL_2207.jpg\",\"keywords\":[\"Aeroporto Carlos Drummond\",\"Artesanato\",\"atividades tur\u00edsticas\",\"atividades tur\u00edsticas em Minas Gerais\",\"Belo Horizonte\",\"cavalgadas\",\"Circuito Alta Mogiana\",\"Circuito dos Lagos\",\"culin\u00e1ria t\u00edpica\",\"Curvelo\",\"desenvolvimento socioecon\u00f4mico dos munic\u00edpios mineiros\",\"destaque\",\"destino tur\u00edsticos minas gerais\",\"destinos turismo minas gerais\",\"Diamantes\",\"Diamantina\",\"Divin\u00f3polis\",\"esportes radicais\",\"festas populares\",\"Guimar\u00e3es Rosa\",\"Juiz de Fora\",\"Montanhas e F\u00e9\",\"Muria\u00e9\",\"passeios em trilhas\",\"Patos de Minas\",\"Pedras Preciosas\",\"Pirma\",\"Ponte Nova\",\"Regionaliza\u00e7\u00e3o valoriza atividades tur\u00edsticas e desenvolvimento socioecon\u00f4mico dos munic\u00edpios mineiros\",\"religiosas\",\"S\u00e3o Jo\u00e3o del Rei\",\"Serra do Brigadeiro\",\"Serras de Minas\",\"Te\u00f3filo Otoni\",\"Trilha dos Inconfidentes\",\"turismo minas gerais\",\"Ub\u00e1\",\"Vale Verde e Quedas D\u2019\u00c1gua\",\"Valoriza\u00e7\u00e3o das atividades tur\u00edsticas em minas gerais\",\"Varginha\",\"Vi\u00e7osa\"],\"articleSection\":[\"Minas Gerais\"],\"inLanguage\":\"pt-BR\",\"potentialAction\":[{\"@type\":\"CommentAction\",\"name\":\"Comment\",\"target\":[\"https:\\\/\\\/aconteceunovale.com.br\\\/portal\\\/?p=94286#respond\"]}]},{\"@type\":\"WebPage\",\"@id\":\"https:\\\/\\\/aconteceunovale.com.br\\\/portal\\\/?p=94286\",\"url\":\"https:\\\/\\\/aconteceunovale.com.br\\\/portal\\\/?p=94286\",\"name\":\"Regionaliza\u00e7\u00e3o valoriza atividades tur\u00edsticas e desenvolvimento socioecon\u00f4mico dos munic\u00edpios mineiros - Aconteceu no Vale\",\"isPartOf\":{\"@id\":\"https:\\\/\\\/aconteceunovale.com.br\\\/portal\\\/#website\"},\"primaryImageOfPage\":{\"@id\":\"https:\\\/\\\/aconteceunovale.com.br\\\/portal\\\/?p=94286#primaryimage\"},\"image\":{\"@id\":\"https:\\\/\\\/aconteceunovale.com.br\\\/portal\\\/?p=94286#primaryimage\"},\"thumbnailUrl\":\"https:\\\/\\\/aconteceunovale.com.br\\\/portal\\\/wp-content\\\/uploads\\\/2016\\\/08\\\/sao_lourenco_sul_minas_GIL_2207.jpg\",\"datePublished\":\"2016-08-11T02:08:22+00:00\",\"author\":{\"@id\":\"https:\\\/\\\/aconteceunovale.com.br\\\/portal\\\/#\\\/schema\\\/person\\\/633529146f2c94272bef50ac2953d589\"},\"breadcrumb\":{\"@id\":\"https:\\\/\\\/aconteceunovale.com.br\\\/portal\\\/?p=94286#breadcrumb\"},\"inLanguage\":\"pt-BR\",\"potentialAction\":[{\"@type\":\"ReadAction\",\"target\":[\"https:\\\/\\\/aconteceunovale.com.br\\\/portal\\\/?p=94286\"]}]},{\"@type\":\"ImageObject\",\"inLanguage\":\"pt-BR\",\"@id\":\"https:\\\/\\\/aconteceunovale.com.br\\\/portal\\\/?p=94286#primaryimage\",\"url\":\"https:\\\/\\\/aconteceunovale.com.br\\\/portal\\\/wp-content\\\/uploads\\\/2016\\\/08\\\/sao_lourenco_sul_minas_GIL_2207.jpg\",\"contentUrl\":\"https:\\\/\\\/aconteceunovale.com.br\\\/portal\\\/wp-content\\\/uploads\\\/2016\\\/08\\\/sao_lourenco_sul_minas_GIL_2207.jpg\",\"width\":675,\"height\":450},{\"@type\":\"BreadcrumbList\",\"@id\":\"https:\\\/\\\/aconteceunovale.com.br\\\/portal\\\/?p=94286#breadcrumb\",\"itemListElement\":[{\"@type\":\"ListItem\",\"position\":1,\"name\":\"In\u00edcio\",\"item\":\"https:\\\/\\\/aconteceunovale.com.br\\\/portal\\\/\"},{\"@type\":\"ListItem\",\"position\":2,\"name\":\"Regionaliza\u00e7\u00e3o valoriza atividades tur\u00edsticas e desenvolvimento socioecon\u00f4mico dos munic\u00edpios mineiros\"}]},{\"@type\":\"WebSite\",\"@id\":\"https:\\\/\\\/aconteceunovale.com.br\\\/portal\\\/#website\",\"url\":\"https:\\\/\\\/aconteceunovale.com.br\\\/portal\\\/\",\"name\":\"Aconteceu no Vale\",\"description\":\"Portal de Not\u00edcias\",\"potentialAction\":[{\"@type\":\"SearchAction\",\"target\":{\"@type\":\"EntryPoint\",\"urlTemplate\":\"https:\\\/\\\/aconteceunovale.com.br\\\/portal\\\/?s={search_term_string}\"},\"query-input\":{\"@type\":\"PropertyValueSpecification\",\"valueRequired\":true,\"valueName\":\"search_term_string\"}}],\"inLanguage\":\"pt-BR\"},{\"@type\":\"Person\",\"@id\":\"https:\\\/\\\/aconteceunovale.com.br\\\/portal\\\/#\\\/schema\\\/person\\\/633529146f2c94272bef50ac2953d589\",\"name\":\"Aconteceu no Vale\",\"description\":\"Equipe de reportagem do Aconteceu no Vale, portal de not\u00edcias do Vale do Jequitinhonha, em Minas Gerais. Cobrimos as 51 cidades do Vale desde 2013. Sugest\u00f5es de pauta e pedidos de corre\u00e7\u00e3o: contato@aconteceunovale.com.br\",\"sameAs\":[\"http:\\\/\\\/www.aconteceunovale.com.br\"],\"url\":\"https:\\\/\\\/aconteceunovale.com.br\\\/portal\\\/?author=1\"}]}<\/script>\n<!-- \/ Yoast SEO plugin. -->","yoast_head_json":{"title":"Regionaliza\u00e7\u00e3o valoriza atividades tur\u00edsticas e desenvolvimento socioecon\u00f4mico dos munic\u00edpios mineiros - Aconteceu no Vale","robots":{"index":"index","follow":"follow","max-snippet":"max-snippet:-1","max-image-preview":"max-image-preview:large","max-video-preview":"max-video-preview:-1"},"canonical":"https:\/\/aconteceunovale.com.br\/portal\/?p=94286","og_locale":"pt_BR","og_type":"article","og_title":"Regionaliza\u00e7\u00e3o valoriza atividades tur\u00edsticas e desenvolvimento socioecon\u00f4mico dos munic\u00edpios mineiros - Aconteceu no Vale","og_description":"O leque de op\u00e7\u00f5es \u00e9 enorme: culin\u00e1ria t\u00edpica, artesanato, cavalgadas, passeios em trilhas, esportes radicais, festas populares e religiosas, roteiros hist\u00f3ricos nos destinos que possuem patrim\u00f4nio art\u00edstico e arquitet\u00f4nico. A diversidade das atividades tur\u00edsticas em Minas Gerais mostra o potencial e o valor socioecon\u00f4mico do segmento. Estima-se que o setor movimentou, em 2015, no estado, [&hellip;]","og_url":"https:\/\/aconteceunovale.com.br\/portal\/?p=94286","og_site_name":"Aconteceu no Vale","article_publisher":"https:\/\/www.facebook.com\/aconteceunovale\/","article_published_time":"2016-08-11T02:08:22+00:00","og_image":[{"width":675,"height":450,"url":"https:\/\/aconteceunovale.com.br\/portal\/wp-content\/uploads\/2016\/08\/sao_lourenco_sul_minas_GIL_2207.jpg","type":"image\/jpeg"}],"author":"Aconteceu no Vale","twitter_card":"summary_large_image","twitter_creator":"@noticiadosvales","twitter_site":"@noticiadosvales","twitter_misc":{"Escrito por":"Aconteceu no Vale","Est. tempo de leitura":"5 minutos"},"schema":{"@context":"https:\/\/schema.org","@graph":[{"@type":"Article","@id":"https:\/\/aconteceunovale.com.br\/portal\/?p=94286#article","isPartOf":{"@id":"https:\/\/aconteceunovale.com.br\/portal\/?p=94286"},"author":{"name":"Aconteceu no Vale","@id":"https:\/\/aconteceunovale.com.br\/portal\/#\/schema\/person\/633529146f2c94272bef50ac2953d589"},"headline":"Regionaliza\u00e7\u00e3o valoriza atividades tur\u00edsticas e desenvolvimento socioecon\u00f4mico dos munic\u00edpios mineiros","datePublished":"2016-08-11T02:08:22+00:00","mainEntityOfPage":{"@id":"https:\/\/aconteceunovale.com.br\/portal\/?p=94286"},"wordCount":978,"commentCount":0,"image":{"@id":"https:\/\/aconteceunovale.com.br\/portal\/?p=94286#primaryimage"},"thumbnailUrl":"https:\/\/aconteceunovale.com.br\/portal\/wp-content\/uploads\/2016\/08\/sao_lourenco_sul_minas_GIL_2207.jpg","keywords":["Aeroporto Carlos Drummond","Artesanato","atividades tur\u00edsticas","atividades tur\u00edsticas em Minas Gerais","Belo Horizonte","cavalgadas","Circuito Alta Mogiana","Circuito dos Lagos","culin\u00e1ria t\u00edpica","Curvelo","desenvolvimento socioecon\u00f4mico dos munic\u00edpios mineiros","destaque","destino tur\u00edsticos minas gerais","destinos turismo minas gerais","Diamantes","Diamantina","Divin\u00f3polis","esportes radicais","festas populares","Guimar\u00e3es Rosa","Juiz de Fora","Montanhas e F\u00e9","Muria\u00e9","passeios em trilhas","Patos de Minas","Pedras Preciosas","Pirma","Ponte Nova","Regionaliza\u00e7\u00e3o valoriza atividades tur\u00edsticas e desenvolvimento socioecon\u00f4mico dos munic\u00edpios mineiros","religiosas","S\u00e3o Jo\u00e3o del Rei","Serra do Brigadeiro","Serras de Minas","Te\u00f3filo Otoni","Trilha dos Inconfidentes","turismo minas gerais","Ub\u00e1","Vale Verde e Quedas D\u2019\u00c1gua","Valoriza\u00e7\u00e3o das atividades tur\u00edsticas em minas gerais","Varginha","Vi\u00e7osa"],"articleSection":["Minas Gerais"],"inLanguage":"pt-BR","potentialAction":[{"@type":"CommentAction","name":"Comment","target":["https:\/\/aconteceunovale.com.br\/portal\/?p=94286#respond"]}]},{"@type":"WebPage","@id":"https:\/\/aconteceunovale.com.br\/portal\/?p=94286","url":"https:\/\/aconteceunovale.com.br\/portal\/?p=94286","name":"Regionaliza\u00e7\u00e3o valoriza atividades tur\u00edsticas e desenvolvimento socioecon\u00f4mico dos munic\u00edpios mineiros - Aconteceu no Vale","isPartOf":{"@id":"https:\/\/aconteceunovale.com.br\/portal\/#website"},"primaryImageOfPage":{"@id":"https:\/\/aconteceunovale.com.br\/portal\/?p=94286#primaryimage"},"image":{"@id":"https:\/\/aconteceunovale.com.br\/portal\/?p=94286#primaryimage"},"thumbnailUrl":"https:\/\/aconteceunovale.com.br\/portal\/wp-content\/uploads\/2016\/08\/sao_lourenco_sul_minas_GIL_2207.jpg","datePublished":"2016-08-11T02:08:22+00:00","author":{"@id":"https:\/\/aconteceunovale.com.br\/portal\/#\/schema\/person\/633529146f2c94272bef50ac2953d589"},"breadcrumb":{"@id":"https:\/\/aconteceunovale.com.br\/portal\/?p=94286#breadcrumb"},"inLanguage":"pt-BR","potentialAction":[{"@type":"ReadAction","target":["https:\/\/aconteceunovale.com.br\/portal\/?p=94286"]}]},{"@type":"ImageObject","inLanguage":"pt-BR","@id":"https:\/\/aconteceunovale.com.br\/portal\/?p=94286#primaryimage","url":"https:\/\/aconteceunovale.com.br\/portal\/wp-content\/uploads\/2016\/08\/sao_lourenco_sul_minas_GIL_2207.jpg","contentUrl":"https:\/\/aconteceunovale.com.br\/portal\/wp-content\/uploads\/2016\/08\/sao_lourenco_sul_minas_GIL_2207.jpg","width":675,"height":450},{"@type":"BreadcrumbList","@id":"https:\/\/aconteceunovale.com.br\/portal\/?p=94286#breadcrumb","itemListElement":[{"@type":"ListItem","position":1,"name":"In\u00edcio","item":"https:\/\/aconteceunovale.com.br\/portal\/"},{"@type":"ListItem","position":2,"name":"Regionaliza\u00e7\u00e3o valoriza atividades tur\u00edsticas e desenvolvimento socioecon\u00f4mico dos munic\u00edpios mineiros"}]},{"@type":"WebSite","@id":"https:\/\/aconteceunovale.com.br\/portal\/#website","url":"https:\/\/aconteceunovale.com.br\/portal\/","name":"Aconteceu no Vale","description":"Portal de Not\u00edcias","potentialAction":[{"@type":"SearchAction","target":{"@type":"EntryPoint","urlTemplate":"https:\/\/aconteceunovale.com.br\/portal\/?s={search_term_string}"},"query-input":{"@type":"PropertyValueSpecification","valueRequired":true,"valueName":"search_term_string"}}],"inLanguage":"pt-BR"},{"@type":"Person","@id":"https:\/\/aconteceunovale.com.br\/portal\/#\/schema\/person\/633529146f2c94272bef50ac2953d589","name":"Aconteceu no Vale","description":"Equipe de reportagem do Aconteceu no Vale, portal de not\u00edcias do Vale do Jequitinhonha, em Minas Gerais. Cobrimos as 51 cidades do Vale desde 2013. Sugest\u00f5es de pauta e pedidos de corre\u00e7\u00e3o: contato@aconteceunovale.com.br","sameAs":["http:\/\/www.aconteceunovale.com.br"],"url":"https:\/\/aconteceunovale.com.br\/portal\/?author=1"}]}},"_links":{"self":[{"href":"https:\/\/aconteceunovale.com.br\/portal\/index.php?rest_route=\/wp\/v2\/posts\/94286","targetHints":{"allow":["GET"]}}],"collection":[{"href":"https:\/\/aconteceunovale.com.br\/portal\/index.php?rest_route=\/wp\/v2\/posts"}],"about":[{"href":"https:\/\/aconteceunovale.com.br\/portal\/index.php?rest_route=\/wp\/v2\/types\/post"}],"author":[{"embeddable":true,"href":"https:\/\/aconteceunovale.com.br\/portal\/index.php?rest_route=\/wp\/v2\/users\/1"}],"replies":[{"embeddable":true,"href":"https:\/\/aconteceunovale.com.br\/portal\/index.php?rest_route=%2Fwp%2Fv2%2Fcomments&post=94286"}],"version-history":[{"count":0,"href":"https:\/\/aconteceunovale.com.br\/portal\/index.php?rest_route=\/wp\/v2\/posts\/94286\/revisions"}],"wp:featuredmedia":[{"embeddable":true,"href":"https:\/\/aconteceunovale.com.br\/portal\/index.php?rest_route=\/wp\/v2\/media\/94287"}],"wp:attachment":[{"href":"https:\/\/aconteceunovale.com.br\/portal\/index.php?rest_route=%2Fwp%2Fv2%2Fmedia&parent=94286"}],"wp:term":[{"taxonomy":"category","embeddable":true,"href":"https:\/\/aconteceunovale.com.br\/portal\/index.php?rest_route=%2Fwp%2Fv2%2Fcategories&post=94286"},{"taxonomy":"post_tag","embeddable":true,"href":"https:\/\/aconteceunovale.com.br\/portal\/index.php?rest_route=%2Fwp%2Fv2%2Ftags&post=94286"}],"curies":[{"name":"wp","href":"https:\/\/api.w.org\/{rel}","templated":true}]}}