{"id":94282,"date":"2016-08-10T22:57:33","date_gmt":"2016-08-11T01:57:33","guid":{"rendered":"http:\/\/aconteceunovale.com.br\/portal\/?p=94282"},"modified":"2016-08-10T22:58:10","modified_gmt":"2016-08-11T01:58:10","slug":"pesquisadores-mineiros-investem-na-busca-por-novos-medicamentos","status":"publish","type":"post","link":"https:\/\/aconteceunovale.com.br\/portal\/?p=94282","title":{"rendered":"Pesquisadores mineiros investem na busca por novos medicamentos"},"content":{"rendered":"<p>Principal bioma do Norte de Minas Gerais, o Cerrado \u00e9 objeto de diversas pesquisas em todo o estado e oferece alternativas promissoras para a \u00e1rea da sa\u00fade.  \u00c9 o caso do pequi, fruto de  \u00e1rvore nativa da regi\u00e3o e tradicional na culin\u00e1ria sertaneja, cuja casca cont\u00e9m uma subst\u00e2ncia que est\u00e1 sendo pesquisada na Universidade Estadual de Montes Claros (Unimontes) para o tratamento do c\u00e2ncer de boca.<\/p>\n<p>Encontrado em v\u00e1rios produtos naturais, o \u00e1cido g\u00e1lico tamb\u00e9m pode ser obtido da casca do pequi e possui atividade anti-inflamat\u00f3ria e forte a\u00e7\u00e3o antioxidante. \u201cUma pesquisa feita aqui na Unimontes j\u00e1 havia encontrado uma forma de isolar e extrair o \u00e1cido g\u00e1lico do pequi. Assim, resolvemos test\u00e1-lo como uma alternativa para o tratamento do c\u00e2ncer de boca\u201d, explica o pesquisador da Unimontes e Ph.D em Farmacologia Bioqu\u00edmica e Molecular, Andr\u00e9 Luiz Guimar\u00e3es.<\/p>\n<p>No Brasil, a boca representa a quinta localiza\u00e7\u00e3o de maior incid\u00eancia de c\u00e2ncer em homens e a s\u00e9tima em mulheres, segundo o Instituto Nacional do C\u00e2ncer (Inca). A estimativa para 2016 aponta para o surgimento de 4.350 novos casos de c\u00e2ncer de boca no pa\u00eds. O mais comum \u00e9 o Carcinoma de C\u00e9lulas Escamosas (CCE), que \u00e9 considerado um problema mundial de sa\u00fade p\u00fablica.<\/p>\n<p><img decoding=\"async\" src=\"http:\/\/aconteceunovale.com.br\/portal\/wp-content\/uploads\/2016\/08\/Pequi_3.jpg\" alt=\"\" \/><em>Estudos com extratos da Quina comprovam capacidade cicatrizante da planta e d\u00e3o origem a pomada (Foto: Divulga\u00e7\u00e3o\/Universidade Federal de Vi\u00e7osa)<\/em><br \/>\n<\/br><br \/>\nUm dos desafios impostos pelo CCE \u00e9 que ele apresenta \u00e1reas hip\u00f3xicas, que s\u00e3o c\u00e9lulas onde h\u00e1 diminui\u00e7\u00e3o de oxig\u00eanio no meio &#8211; o que faz com que as les\u00f5es se tornem mais resistentes \u00e0 radioterapia. \u201cResolvemos pesquisar o efeito do \u00e1cido g\u00e1lico no combate a essas c\u00e9lulas com hip\u00f3xia. O estudo mostrou que ele possui propriedades anticancer\u00edgenas capazes de inibir a prolifera\u00e7\u00e3o celular, mesmo em hip\u00f3xia\u201d, destaca Guimar\u00e3es.<\/p>\n<p>A pesquisa, aprovada pela Comiss\u00e3o de \u00c9tica, Bio\u00e9tica e Bem-Estar Animal (Cebea), est\u00e1 em fase de testes com animais. \u201cSe conseguirmos um medicamento que vai aumentar a efic\u00e1cia da radioterapia no tratamento do c\u00e2ncer de boca, j\u00e1 \u00e9 um ganho enorme. Os resultados s\u00e3o promissores\u201d, diz o pesquisador.<\/p>\n<p>Guimar\u00e3es aponta outras vantagens. \u201cO pequi tem baixo custo de produ\u00e7\u00e3o e vai gerar renda para a comunidade, que vai poder aproveitar toda a cadeia produtiva e ainda vender esta casca do fruto, que hoje \u00e9 descartada. Nossa ideia, inclusive, \u00e9 futuramente estimular projetos de reflorestamento com pequi na regi\u00e3o\u201d, adianta.<\/p>\n<p><img decoding=\"async\" src=\"http:\/\/aconteceunovale.com.br\/portal\/wp-content\/uploads\/2016\/08\/pequi_nm.jpg\" alt=\"\" \/><em>Pequi \u00e9 testado para combate ao c\u00e2ncer de boca (Foto: Divulga\u00e7\u00e3o)<\/em><br \/>\n<\/br><br \/>\n<strong>Sabedoria popular<\/strong><\/p>\n<p>No Territ\u00f3rio Capara\u00f3, o pesquisador Jo\u00e3o Paulo Leite, do Departamento de Bioqu\u00edmica e Biologia Molecular da Universidade Federal de Vi\u00e7osa (UFV), partiu da sabedoria popular para comprovar o potencial de duas esp\u00e9cies de plantas para serem usadas nos campos da medicina \u2013 a Quina do Campo, t\u00edpica do Cerrado, e a Quina  Mineira, \u00e1rvore abundante no bioma de Mata Atl\u00e2ntica.<\/p>\n<p>\u201cNo caso da Quina Mineira, por exemplo, conversamos com os moradores mais antigos da regi\u00e3o do Parque Estadual da Serra do Brigadeiro, que utilizam o ch\u00e1 da sua casca para tratar problemas digestivos e no f\u00edgado\u201d, conta Leite.<\/p>\n<p>A partir da\u00ed, come\u00e7aram os estudos para comprovar a a\u00e7\u00e3o da Bathysa cuspidata, nome cient\u00edfico da esp\u00e9cie que, ap\u00f3s diversas fases de pesquisa e testes em animais, teve atestada a sua capacidade terap\u00eautica.<\/p>\n<p>\u201cProduzimos o extrato vegetal e as pesquisas mostram que a Quina Mineira pode ajudar na cura de problemas no f\u00edgado, no pulm\u00e3o e tamb\u00e9m no c\u00e2ncer de intestino, pois ela ajuda a reparar os tecidos danificados ou a impedir o avan\u00e7o da doen\u00e7a\u201d, ressalta o pesquisador da UFV.<\/p>\n<p><strong>Pomada cicatrizante<\/strong><\/p>\n<p>Os estudos com a esp\u00e9cie Strychnos pseudoquina, conhecida popularmente como Quina do Campo, t\u00edpica do Cerrado, tamb\u00e9m se mostraram promissores. Empregada na medicina popular para cicatriza\u00e7\u00e3o da pele, a casca deste arbusto teve sua atividade cicatrizante comprovada pela equipe do Departamento de Bioqu\u00edmica e Biologia Molecular da Universidade Federal de Vi\u00e7osa (UFV), que criou uma pomada a partir do extrato da planta.<\/p>\n<p>Em uma das primeiras fases da pesquisa, descobriu-se que a casca desta esp\u00e9cie era rica em flavonoides, compostos bioativos,  com propriedades anti-inflamat\u00f3rias e antioxidantes. A partir da\u00ed, dois compostos, respons\u00e1veis pelo efeito cicatrizante, foram isolados e testado em animais.<\/p>\n<p>Agora, os estudos seguem em diversas frentes. \u201cPensando na produ\u00e7\u00e3o de uma pomada cicatrizante fitoter\u00e1pica, temos a preocupa\u00e7\u00e3o de produzir a mat\u00e9ria prima de forma sustent\u00e1vel, pois precisar\u00edamos de grande quantidade de extrato. Assim, estamos conduzindo uma pesquisa para descobrir como propagar a planta em laborat\u00f3rio, al\u00e9m de trabalhar na formula\u00e7\u00e3o do medicamento, que ainda precisa passar por testes cl\u00ednicos, isto \u00e9, com seres humanos\u201d, finaliza o pesquisador Jo\u00e3o Paulo Leite.<\/p>\n<p><strong>Cuidado com automedica\u00e7\u00e3o<\/strong><\/p>\n<p>Apesar da comprova\u00e7\u00e3o da efic\u00e1cia das esp\u00e9cies de Quina citadas, o pesquisador Jo\u00e3o Paulo Leite orienta que as pessoas tenham cuidado ao utiliz\u00e1-las. \u201cPrimeiro, porque ainda n\u00e3o se sabe qual a dosagem adequada para cada doen\u00e7a, e, segundo, porque s\u00e3o muitas esp\u00e9cies de quina comercializadas, e nem todas podem estar puras e\/ou ter capacidade terap\u00eautica\u201d, alerta. (Ag\u00eancia Minas)<\/p>\n","protected":false},"excerpt":{"rendered":"<p>Principal bioma do Norte de Minas Gerais, o Cerrado \u00e9 objeto de diversas pesquisas em todo o estado e oferece alternativas promissoras para a \u00e1rea da sa\u00fade. \u00c9 o caso do pequi, fruto de \u00e1rvore nativa da regi\u00e3o e tradicional na culin\u00e1ria sertaneja, cuja casca cont\u00e9m uma subst\u00e2ncia que est\u00e1 sendo pesquisada na Universidade Estadual [&hellip;]<\/p>\n","protected":false},"author":1,"featured_media":94283,"comment_status":"open","ping_status":"closed","sticky":false,"template":"","format":"standard","meta":{"amp_status":"","footnotes":""},"categories":[123,1236,40242],"tags":[109831,109828,109826,109833,109829,48576,1653,109825,109834,109827,109830,109835,109832,37378,763,18174,39189],"class_list":["post-94282","post","type-post","status-publish","format-standard","has-post-thumbnail","hentry","category-gerais","category-norte_de_minas","category-saude-2","tag-andre-luiz-guimaraes","tag-cerrado-e-objeto-de-diversas-pesquisas-em-todo-o-estado-e-oferece-alternativas-promissoras-para-a-area-da-saude","tag-combate-ao-cancer-de-boca","tag-estudo-quina-do-campo","tag-estudos-pequi","tag-joao-paulo-leite","tag-pequi","tag-pequi-e-testado-para-combate-ao-cancer-de-boca","tag-pesquisa-quina-do-campo","tag-pesquisadores-mineiros-investem-na-busca-por-novos-medicamentos","tag-pesquisas-com-pequi","tag-plantas-e-frutos-do-cerrado-mineiro-sao-usados-na-busca-de-novos-medicamentos","tag-quina-do-campo","tag-ufv","tag-unimontes","tag-universidade-estadual-de-montes-claros","tag-universidade-federal-de-vicosa"],"_links":{"self":[{"href":"https:\/\/aconteceunovale.com.br\/portal\/index.php?rest_route=\/wp\/v2\/posts\/94282","targetHints":{"allow":["GET"]}}],"collection":[{"href":"https:\/\/aconteceunovale.com.br\/portal\/index.php?rest_route=\/wp\/v2\/posts"}],"about":[{"href":"https:\/\/aconteceunovale.com.br\/portal\/index.php?rest_route=\/wp\/v2\/types\/post"}],"author":[{"embeddable":true,"href":"https:\/\/aconteceunovale.com.br\/portal\/index.php?rest_route=\/wp\/v2\/users\/1"}],"replies":[{"embeddable":true,"href":"https:\/\/aconteceunovale.com.br\/portal\/index.php?rest_route=%2Fwp%2Fv2%2Fcomments&post=94282"}],"version-history":[{"count":0,"href":"https:\/\/aconteceunovale.com.br\/portal\/index.php?rest_route=\/wp\/v2\/posts\/94282\/revisions"}],"wp:featuredmedia":[{"embeddable":true,"href":"https:\/\/aconteceunovale.com.br\/portal\/index.php?rest_route=\/wp\/v2\/media\/94283"}],"wp:attachment":[{"href":"https:\/\/aconteceunovale.com.br\/portal\/index.php?rest_route=%2Fwp%2Fv2%2Fmedia&parent=94282"}],"wp:term":[{"taxonomy":"category","embeddable":true,"href":"https:\/\/aconteceunovale.com.br\/portal\/index.php?rest_route=%2Fwp%2Fv2%2Fcategories&post=94282"},{"taxonomy":"post_tag","embeddable":true,"href":"https:\/\/aconteceunovale.com.br\/portal\/index.php?rest_route=%2Fwp%2Fv2%2Ftags&post=94282"}],"curies":[{"name":"wp","href":"https:\/\/api.w.org\/{rel}","templated":true}]}}