{"id":94266,"date":"2016-08-10T21:53:48","date_gmt":"2016-08-11T00:53:48","guid":{"rendered":"http:\/\/aconteceunovale.com.br\/portal\/?p=94266"},"modified":"2016-08-10T21:53:48","modified_gmt":"2016-08-11T00:53:48","slug":"funcionarios-denunciam-abusos-no-samu-do-norte-de-minas","status":"publish","type":"post","link":"https:\/\/aconteceunovale.com.br\/portal\/?p=94266","title":{"rendered":"Funcion\u00e1rios denunciam abusos no Samu do Norte de Minas"},"content":{"rendered":"<p>Funcion\u00e1rios do Servi\u00e7o de Atendimento M\u00f3vel de Urg\u00eancia (Samu) Macro Norte apresentaram reclama\u00e7\u00f5es de ass\u00e9dio moral e de falta de reajustes salariais durante reuni\u00e3o da Comiss\u00e3o de Sa\u00fade da Assembleia Legislativa de Minas Gerais (ALMG) realizada na manh\u00e3 desta ter\u00e7a-feira (9\/8\/16).<\/p>\n<p>A demiss\u00e3o de um dos funcion\u00e1rios do Samu, Mois\u00e9s Nunes de Oliveira, foi um dos exemplos de ass\u00e9dio moral apresentados contra a diretoria do Cons\u00f3rcio Intermunicipal de Sa\u00fade da Rede de Urg\u00eancia do Norte de Minas (Cisrun), respons\u00e1vel pela gest\u00e3o do servi\u00e7o em 86 munic\u00edpios da regi\u00e3o. Ele teria compartilhado em grupos de Whatsapp uma falsa lista com altos sal\u00e1rios de cargos comissionados da institui\u00e7\u00e3o e conclamado, em seguida, uma greve. \u201cMinha demiss\u00e3o foi covarde e eu n\u00e3o tive nem direito de defesa. Nunca tinha recebido nem advert\u00eancia antes\u201d, afirmou.<\/p>\n<p>Outra funcion\u00e1ria que alega ter sido v\u00edtima de ass\u00e9dio \u00e9 Linda M\u00e1rcia Freitas C\u00e2mara. Ela teria recebido uma advert\u00eancia e uma suspens\u00e3o por reivindicar direitos da categoria. Segundo ela, h\u00e1 uma defasagem salarial de dez anos, de forma que os condutores das ambul\u00e2ncias, por exemplo, tinham um sal\u00e1rio equivalente a quase seis sal\u00e1rios m\u00ednimos em 2006 e o valor seria, agora, de pouco mais do que um sal\u00e1rio m\u00ednimo. Outra reclama\u00e7\u00e3o recorrente foi sobre os supostos altos sal\u00e1rios de cargos comissionados, em contraste com os valores pagos aos t\u00e9cnicos.<\/p>\n<p><img decoding=\"async\" src=\"http:\/\/aconteceunovale.com.br\/portal\/wp-content\/uploads\/2016\/08\/denuncia_samu_nm_4.jpg\" alt=\"\" \/><em>Quest\u00f5es foram destacadas em audi\u00eancia da ALMG &#8211; Foto: Pollyanna Maliniak\/ALMG<\/em><br \/>\n<\/br><\/p>\n<p><strong>Funcion\u00e1rios se dizem insatisfeitos com sindicato<\/strong><\/p>\n<p>Linda C\u00e2mara \u00e9 presidente da Associa\u00e7\u00e3o dos Trabalhadores do Samu no Norte de Minas, recentemente constitu\u00edda na tentativa de substituir a representa\u00e7\u00e3o da classe, atualmente feita pelo Sindicato \u00danico dos Trabalhadores da Sa\u00fade (Sind-Sa\u00fade). De acordo com os funcion\u00e1rios presentes, o sindicato hoje reconhecido n\u00e3o busca as melhorias necess\u00e1rias para a categoria e assina acordos com a diretoria do Cisrun sem considerar a necessidade de reposi\u00e7\u00f5es salariais e sem apoiar as den\u00fancias de ass\u00e9dio moral. <\/p>\n<p>A coordenadora do Sind-Sa\u00fade em Montes Claros, Carmen L\u00facia Freitas, defendeu a entidade. De acordo com ela, o sindicato tem filiados mais de 400 funcion\u00e1rios do Samu Macro Norte, e nenhum deles teria solicitado desfilia\u00e7\u00e3o. Freitas lembrou que foi necess\u00e1ria uma briga judicial com o antigo sindicato, que durou cerca de dez meses, para legitimar o Sind-Sa\u00fade como representante da classe, e a aus\u00eancia do sindicato nas manifesta\u00e7\u00f5es ocorridas no Norte de Minas teria sido nesse per\u00edodo. Ela afirmou, ainda, que todos os acordos assinados com o Cisrun tiveram a concord\u00e2ncia dos membros do sindicato reunidos em assembleia geral.<\/p>\n<p><strong>Nova diretoria do Cisrun se defende<\/strong><\/p>\n<p>O presidente do Cisrun, Luiz Neto, rebateu as den\u00fancias de cria\u00e7\u00e3o de novos cargos comissionados e de redu\u00e7\u00e3o de sal\u00e1rios em sua gest\u00e3o, iniciada em 2015. Ele disse, ainda, que as informa\u00e7\u00f5es relativas a sal\u00e1rios solicitadas pelos funcion\u00e1rios ser\u00e3o disponibilizadas em breve no Portal da Transpar\u00eancia. E pediu que os funcion\u00e1rios o procurem antes de &#8220;manchar a imagem da institui\u00e7\u00e3o nas redes sociais&#8221;.<\/p>\n<p>A diretora executiva do Cisrun, Kely Cristina de Moura Lacerda, negou as den\u00fancias de ass\u00e9dio moral. \u201cN\u00e3o existe nenhum processo desse tipo no foro de Montes Claros. Prova disso \u00e9 que voc\u00eas est\u00e3o aqui sem temer serem demitidos\u201d, afirmou. Ela corroborou com a opini\u00e3o da representante do Sind-Sa\u00fade ao dizer que a maioria das reclama\u00e7\u00f5es se deve \u00e0 retirada de alguns dos funcion\u00e1rios dos cargos comissionados com a troca da diretoria.<\/p>\n<p><strong>Deputados querem servi\u00e7o de qualidade no Samu<\/strong><\/p>\n<p>O deputado Arlen Santiago (PTB), presidente da comiss\u00e3o e autor do requerimento que deu origem \u00e0 reuni\u00e3o, disse que a situa\u00e7\u00e3o \u00e9 preocupante e considerou arbitr\u00e1ria a demiss\u00e3o de Mois\u00e9s Oliveira. Ele levantou, ainda, d\u00favidas sobre os investimentos do Governo do Estado na sa\u00fade, que, segundo ele, estariam sendo questionados pelo Minist\u00e9rio P\u00fablico.<\/p>\n<p>Por sua vez, o deputado Carlos Pimenta (PDT) defendeu a legitimidade das demandas dos funcion\u00e1rios do Samu e ressaltou as melhorias pelas quais passou o servi\u00e7o no Norte de Minas nos \u00faltimos anos, inclusive com o asfaltamento de muitas rodovias na gest\u00e3o anterior do Governo do Estado.<\/p>\n<p><strong>Diferen\u00e7as regionais<\/strong> &#8211; Outra quest\u00e3o levantada pelos parlamentares foi a diferen\u00e7a nos valores dos repasses de recursos estaduais para as v\u00e1rias regionais do Samu. \u201cPor que o repasse para o Norte de Minas \u00e9 inferior? Travo essa luta desde o ano passado, e o Governo do Estado disse que pretende corrigir esse problema\u201d, afirmou o deputado Paulo Guedes (PT). Segundo ele, essa redistribui\u00e7\u00e3o vai aumentar em R$ 500 mil mensais o repasse para o Samu Macro Norte a partir deste m\u00eas, com pagamentos retroativos que devem somar mais de R$ 3 milh\u00f5es.<\/p>\n<p>O deputado Ant\u00f4nio Jorge (PPS), que era secret\u00e1rio de Estado de Sa\u00fade quando foi criado o Samu Macro Norte, defendeu o servi\u00e7o. Segundo ele, o que existe hoje \u00e9 uma defasagem no financiamento em todo o Estado. Ele pediu, tamb\u00e9m, a reavalia\u00e7\u00e3o dos investimentos das prefeituras dos 86 munic\u00edpios, que atualmente contribuem com R$ 0,13 per capita mensais, enquanto em outras regi\u00f5es esse valor \u00e9 de R$ 0,25. Essa mudan\u00e7a possibilitaria, na sua avalia\u00e7\u00e3o, melhorias salariais para os funcion\u00e1rios do Samu.<\/p>\n<p><img decoding=\"async\" src=\"http:\/\/aconteceunovale.com.br\/portal\/wp-content\/uploads\/2016\/08\/denuncia_samu_nm_1.jpg\" alt=\"\" \/><em>Quest\u00f5es foram destacadas em audi\u00eancia da ALMG &#8211; Foto: Pollyanna Maliniak\/ALMG<\/em><br \/>\n<\/br><\/p>\n<p><img decoding=\"async\" src=\"http:\/\/aconteceunovale.com.br\/portal\/wp-content\/uploads\/2016\/08\/denuncia_samu_nm_2.jpg\" alt=\"\" \/><em>Quest\u00f5es foram destacadas em audi\u00eancia da ALMG &#8211; Foto: Pollyanna Maliniak\/ALMG<\/em><br \/>\n<\/br><\/p>\n<p><img decoding=\"async\" src=\"http:\/\/aconteceunovale.com.br\/portal\/wp-content\/uploads\/2016\/08\/denuncia_samu_nm_3.jpg\" alt=\"\" \/><em>Quest\u00f5es foram destacadas em audi\u00eancia da ALMG &#8211; Foto: Pollyanna Maliniak\/ALMG<\/em><br \/>\n<\/br><\/p>\n<p><em>(Fonte: ALMG)<\/em><\/p>\n","protected":false},"excerpt":{"rendered":"<p>Funcion\u00e1rios do Servi\u00e7o de Atendimento M\u00f3vel de Urg\u00eancia (Samu) Macro Norte apresentaram reclama\u00e7\u00f5es de ass\u00e9dio moral e de falta de reajustes salariais durante reuni\u00e3o da Comiss\u00e3o de Sa\u00fade da Assembleia Legislativa de Minas Gerais (ALMG) realizada na manh\u00e3 desta ter\u00e7a-feira (9\/8\/16). A demiss\u00e3o de um dos funcion\u00e1rios do Samu, Mois\u00e9s Nunes de Oliveira, foi um [&hellip;]<\/p>\n","protected":false},"author":1,"featured_media":94269,"comment_status":"open","ping_status":"closed","sticky":false,"template":"","format":"standard","meta":{"amp_status":"","footnotes":""},"categories":[1236,40242],"tags":[109779,109780,752,109785,109787,22050,22051,109781,109778,109782,109789,109784,109788,109783,35377,21139,4040,109786],"class_list":["post-94266","post","type-post","status-publish","format-standard","has-post-thumbnail","hentry","category-norte_de_minas","category-saude-2","tag-abusos-no-samu-do-norte-de-minas","tag-abusos-samu-macro-norte","tag-almg","tag-associacao-dos-trabalhadores-do-samu-no-norte-de-minas","tag-carmen-lucia-freitas","tag-cisrun","tag-consorcio-intermunicipal-de-saude-da-rede-de-urgencia-do-norte-de-minas","tag-denuncias-samu-macro-norte","tag-funcionarios-denunciam-abusos-no-samu-do-norte-de-minas","tag-funcionarios-do-samu","tag-kely-cristina-de-moura-lacerda","tag-linda-marcia-freitas-camara","tag-luiz-neto","tag-moises-nunes-de-oliveira","tag-presidente-do-cisrun","tag-samu-do-norte-de-minas","tag-samu-macro-norte","tag-sind-saude-em-montes-claros"],"_links":{"self":[{"href":"https:\/\/aconteceunovale.com.br\/portal\/index.php?rest_route=\/wp\/v2\/posts\/94266","targetHints":{"allow":["GET"]}}],"collection":[{"href":"https:\/\/aconteceunovale.com.br\/portal\/index.php?rest_route=\/wp\/v2\/posts"}],"about":[{"href":"https:\/\/aconteceunovale.com.br\/portal\/index.php?rest_route=\/wp\/v2\/types\/post"}],"author":[{"embeddable":true,"href":"https:\/\/aconteceunovale.com.br\/portal\/index.php?rest_route=\/wp\/v2\/users\/1"}],"replies":[{"embeddable":true,"href":"https:\/\/aconteceunovale.com.br\/portal\/index.php?rest_route=%2Fwp%2Fv2%2Fcomments&post=94266"}],"version-history":[{"count":0,"href":"https:\/\/aconteceunovale.com.br\/portal\/index.php?rest_route=\/wp\/v2\/posts\/94266\/revisions"}],"wp:featuredmedia":[{"embeddable":true,"href":"https:\/\/aconteceunovale.com.br\/portal\/index.php?rest_route=\/wp\/v2\/media\/94269"}],"wp:attachment":[{"href":"https:\/\/aconteceunovale.com.br\/portal\/index.php?rest_route=%2Fwp%2Fv2%2Fmedia&parent=94266"}],"wp:term":[{"taxonomy":"category","embeddable":true,"href":"https:\/\/aconteceunovale.com.br\/portal\/index.php?rest_route=%2Fwp%2Fv2%2Fcategories&post=94266"},{"taxonomy":"post_tag","embeddable":true,"href":"https:\/\/aconteceunovale.com.br\/portal\/index.php?rest_route=%2Fwp%2Fv2%2Ftags&post=94266"}],"curies":[{"name":"wp","href":"https:\/\/api.w.org\/{rel}","templated":true}]}}