{"id":94214,"date":"2016-08-10T15:14:35","date_gmt":"2016-08-10T18:14:35","guid":{"rendered":"http:\/\/aconteceunovale.com.br\/portal\/?p=94214"},"modified":"2016-08-10T15:14:35","modified_gmt":"2016-08-10T18:14:35","slug":"obras-sem-licitacao-beneficiaram-empresarios-e-agentes-publicos-em-governador-valadares","status":"publish","type":"post","link":"https:\/\/aconteceunovale.com.br\/portal\/?p=94214","title":{"rendered":"Obras sem licita\u00e7\u00e3o beneficiaram empres\u00e1rios e agentes p\u00fablicos em Governador Valadares"},"content":{"rendered":"<p>A Pol\u00edcia Federal (PF) deflagrou na manh\u00e3 desta quarta-feira (10\/08) a s\u00e9tima fase da Opera\u00e7\u00e3o Mar de Lama, que investiga crimes contra a administra\u00e7\u00e3o p\u00fablica no munic\u00edpio de Governador Valadares, no Vale do Rio Doce. Quatro ordens de pris\u00e3o preventiva foram cumpridas contra Edmilson Soares (Secret\u00e1rio de Desenvolvimento Municipal), Jaider Batista da Silva (Secretario Municipal de Educa\u00e7\u00e3o), Schinyder Exupery Cardozo (Ex-procurador geral do munic\u00edpio) e Omir Quintino Soares (Ex-diretor do SAAE, que j\u00e1 se encontra preso).<\/p>\n<p>O objetivo desta fase da opera\u00e7\u00e3o \u00e9 desmantelar um grupo que teria direcionado obras para empresas aliadas em um esquema de corrup\u00e7\u00e3o, realizando tamb\u00e9m procedimentos administrativos para dar apar\u00eancia de legalidade aos atos. Seis dispensas de licita\u00e7\u00e3o foram alvo de investiga\u00e7\u00e3o.<\/p>\n<p>Segundo a Pol\u00edcia Federal, os empres\u00e1rios sacavam as parcelas dos pagamentos liberados pela prefeitura e repassavam entre 5% e 10% para agentes p\u00fablicos. A estimativa \u00e9 que as obras tenham sido superfaturadas em, no m\u00ednimo, R$ 711.655,01.<\/p>\n<p>Os participantes do esquema s\u00e3o suspeitos de praticar crimes de corrup\u00e7\u00e3o passiva, corrup\u00e7\u00e3o ativa e peculato. Al\u00e9m das pris\u00f5es, a Pol\u00edcia Federal cumpriu tr\u00eas mandados de busca e apreens\u00e3o e dois de afastamento de fun\u00e7\u00f5es p\u00fablicas.<\/p>\n<p><strong>Hist\u00f3rico<\/strong><\/p>\n<p>A Opera\u00e7\u00e3o Mar de Lama, iniciada em abril, teve como primeiro alvo uma organiza\u00e7\u00e3o que fraudou licita\u00e7\u00f5es em Governador Valadares, ap\u00f3s os estragos causados pela forte chuva de 2013. Na ocasi\u00e3o, a prefeitura da cidade decretou estado de emerg\u00eancia com o objetivo de facilitar a capta\u00e7\u00e3o dos recursos para as obras necess\u00e1rias. \u00c9 nesse contexto que os acusados s\u00e3o suspeitos de terem atuado.<\/p>\n<p>Em suas outras fases, a Opera\u00e7\u00e3o tamb\u00e9m encontrou fraudes nos processos de concess\u00e3o dos servi\u00e7os de transporte p\u00fablico do Governador Valadares e na aquisi\u00e7\u00e3o de alimenta\u00e7\u00e3o escolar. Foi desmantelado um grupo que burlava licita\u00e7\u00f5es com recursos recebidos do Programa Nacional de Alimenta\u00e7\u00e3o Escolar (PNAE) do Fundo Nacional de Desenvolvimento da Educa\u00e7\u00e3o (FNDE).<\/p>\n<p>No m\u00eas passado, o Minist\u00e9rio P\u00fablico de Minas Gerais (MPMG) ofereceu den\u00fancia contra o presidente do Sindicato dos Trabalhadores de Transportes Rodovi\u00e1rios de Governador Valadares (Sinttro) e o advogado da entidade, al\u00e9m da administradora e do s\u00f3cio propriet\u00e1rio da Valadarense Transportes Coletivos, empresa que det\u00e9m a concess\u00e3o do servi\u00e7o de transportes p\u00fablicos no munic\u00edpio mineiro. Eles s\u00e3o acusados de a\u00e7\u00e3o conjunta em 2010, quando realizaram acordos fraudulentos com o objetivo de obterem vantagens il\u00edcitas.<\/p>\n<p>Entre as provas apresentadas pelo Minist\u00e9rio P\u00fablico, est\u00e1 um v\u00eddeo, guardado pela Empresa Valadarense de Transportes Coletivos, que registra a negocia\u00e7\u00e3o do pagamento de R$500 mil ao presidente do Sinttro para que fossem finalizados 18 processos judiciais de interesse dos trabalhadores.<\/p>\n<p>Al\u00e9m de empres\u00e1rios e servidores p\u00fablicos, os esquemas investigados pela Opera\u00e7\u00e3o Mar de Lama contam tamb\u00e9m com a participa\u00e7\u00e3o de pol\u00edticos. Treze dos 21 vereadores eleitos est\u00e3o com os mandatos suspensos, sendo que sete deles tiveram pris\u00e3o decretada. Em maio, o Minist\u00e9rio P\u00fablico de Minas Gerais (MPMG) apresentou den\u00fancia contra 12 vereadores e dois secret\u00e1rios municipais que receberam propina da Valadarense Transportes Coletivos. <\/p>\n<p><img decoding=\"async\" src=\"http:\/\/aconteceunovale.com.br\/portal\/wp-content\/uploads\/2016\/08\/mar_de_lama_10_8.jpg\" alt=\"\" \/><em>Investigados foram conduzidos \u00e0 Delegacia da PF (Foto: Roberto Higino \/ Caso de Pol\u00edcia)<\/em><br \/>\n<\/br><\/p>\n<p>(Ag\u00eancia Brasil)<\/p>\n","protected":false},"excerpt":{"rendered":"<p>A Pol\u00edcia Federal (PF) deflagrou na manh\u00e3 desta quarta-feira (10\/08) a s\u00e9tima fase da Opera\u00e7\u00e3o Mar de Lama, que investiga crimes contra a administra\u00e7\u00e3o p\u00fablica no munic\u00edpio de Governador Valadares, no Vale do Rio Doce. Quatro ordens de pris\u00e3o preventiva foram cumpridas contra Edmilson Soares (Secret\u00e1rio de Desenvolvimento Municipal), Jaider Batista da Silva (Secretario Municipal [&hellip;]<\/p>\n","protected":false},"author":1,"featured_media":94215,"comment_status":"open","ping_status":"closed","sticky":false,"template":"","format":"standard","meta":{"amp_status":"","footnotes":""},"categories":[121,123],"tags":[100183,95481,88052,27930,88528,88412,88221,88090,27927,98819,95486,88047,88511,88077,95458,109685,88410,100979,1018,88078,88076,98821,29486,95475,95470,95474,65870,88098,88081,100978,88094,88096,88101,88103,46212,1886,88092,88072,37874,88099,95293,95457,95303,88053,95484,88057,27921,98280,247,95456,67701,95483,100193,95469,100195,95478,96031,88080,96028,95477,96030,88088,88071,99429,99430,96102,74250,74249,95480,95471,95473,88062,88446,100184,27928,88066,697,109683,109682,88070,88082,88046,88045,88074,98825,95479,100980,88100,88102,20966,88079,772,88512,35082,88264,100321,88075,19707,95505,95510,88050,88051,88091,88065,88095,88097,95294,88054,88055,88056,88089,88059,95295,88058,88060,88068,88067,88083,88042,96840,88087,88064,95289,88043,88085,88061,95498,95490,95494,95496,95455,88093,95292,95508,95507,95489,95502,95501,95504,95491,95493,95495,95503,95506,95512,95499,95492,95511,95509,95500,95497,96839,96838,758,98826,98823,98824,95482,95488,95476,96029,98822,98820,49318,80641,95472,88073,88086,88063,95487,100180,100182,100181,88350,100925,95485,5035,88044,95288,88040,100308,100309,100310,62430,88084,27929],"class_list":["post-94214","post","type-post","status-publish","format-standard","has-post-thumbnail","hentry","category-leste","category-gerais","tag-3a-vara-criminal-da-comarca-de-governador-valadares","tag-aldair-santos-doliveira","tag-anania-paula-da-silva","tag-ananias-camelo","tag-anexo-da-camara-municipal-de-governador-valadares-e-alvo-de-vandalismo","tag-bispo-da-diocese-de-governador-valadares","tag-camara-municipal-de-governador-valadares","tag-carlos-helder-lazaro","tag-cezinha-alvarenga","tag-claudineia-araujo","tag-construtora-vieira-prado","tag-corrupcao-governador-valadares","tag-corrupcao-pt","tag-corrupcao-saae-de-governador-valadares","tag-corrupcao-valadarense","tag-crimes-contra-a-administracao-publica-no-municipio-de-governador-valadares","tag-darly-alves-de-souza","tag-delacao-premiada-do-ex-diretor-do-saae-jefferson-santos-lima","tag-destaque","tag-desvio-de-dinheiro-governador-valadares","tag-desvio-de-dinheiro-saae-de-governador-valadares","tag-desvio-de-recursos-publicos-governador-valadares","tag-diocese-de-governador-valadares","tag-diretor-adjunto-do-saae","tag-diretor-de-gestao-de-rh-do-saae","tag-diretor-do-departamento-de-servicos-funerarios-e-cemiterios","tag-diretor-do-saae","tag-diretor-geral-do-saae-de-governador-valadares","tag-diretor-geral-do-saae-de-governador-valadares-e-outras-sete-pessoas-sao-presos-em-operacao-da-pf","tag-dividas-de-campanha-da-prefeita-elisa-costa","tag-djalma-florencio-diniz","tag-djalma-florencio-diniz-junior","tag-dpark","tag-dpark-servicos-de-estacionamento","tag-edmilson-soares","tag-elisa-costa","tag-emilio-claudio-alvarenga-rios","tag-emilio-frois","tag-empresarios","tag-fejoli-florestal","tag-fraude-empresa-valadarense","tag-fraude-valadarense","tag-gaeco-de-governador-valadares","tag-geovanne-honorio-da-silva","tag-gerente-do-posto-tabajara","tag-gledston-gomes-de-araujo","tag-gledston-guetao","tag-gledston-guetao-reassume-cadeira-na-camara-de-governador-valadares","tag-governador-valadares","tag-investigacao-valadarense","tag-jaider-batista-da-silva","tag-jean-carlos-soares","tag-jefferson-lima","tag-jefferson-santos-lima","tag-jorge-ferreira-lopes","tag-jose-estanislau-de-brito","tag-juiz-converte-10-prisoes-temporarias-em-preventivas-e-libera-4-investigados-da-cadeia","tag-juiz-federal-determina-o-afastamento-de-oito-vereadores-de-governador-valadares","tag-juiz-libera-4-investigados-e-converte-10-prisoes-temporarias-em-preventivas","tag-juliana-campos-carvalho","tag-juliana-campos-carvalho-schettino","tag-juliana-de-oliveira-alves-melo","tag-juninho-tabajara","tag-justica-aceita-denuncia-e-torna-reus-36-politicos-e-servidores-publicos-de-governador-valadares","tag-justica-aceita-integralmente-denuncia-do-mpmg-contra-politicos-e-servidores-publicos-de-governador-valadares","tag-justica-recebe-denuncias-do-mpf-por-desvios-de-verbas-federais-em-governador-valadares","tag-levi-presidente","tag-levi-vieira-da-silva","tag-lucas-estanislau-de-brito","tag-marco-rodrigo-rios-bertolacini","tag-marcos-antonio-voria","tag-marinaldo-carlos-de-amorim","tag-memes-governador-valadares","tag-michel-cristian-de-freitas","tag-milvinho","tag-milvio-jose-da-silva","tag-minas","tag-obras-sem-licitacao-beneficiaram-empresarios-e-agentes-publicos-em-governador-valadares","tag-obras-sem-licitacao-beneficiaram-empresarios-e-agentes-publicos-em-minas-gerais","tag-omir-do-saae","tag-omir-quintino-soares","tag-operacao-da-pf-governador-valadares","tag-operacao-da-policia-federal-governador-valadares","tag-operacao-saae-de-governador-valadares","tag-organizacao-criminosa-prefeitura-de-governador-valadares","tag-padaria-pao-express","tag-pao-superfaturado-pagou-divida-de-campanha-do-pt-em-governador-valadares","tag-pavotec","tag-pavotec-pavimentacao-e-terraplanagem","tag-pf","tag-pf-deflagra-operacao-contra-fraudes-em-contratos-em-prefeitura-de-governador-valadares","tag-policia-federal","tag-prefeita-de-governador-valadares-nega-desvio-bilionario-e-pede-retratacao-da-pf","tag-prefeitura-de-governador-valadares","tag-prefeitura-de-governador-valadares-refuta-informacao-sobre-desvio-bilionario","tag-presidente-de-sindicato-em-governador-valadares-recebeu-r-400-mil-em-propinas","tag-presos-saae-de-governador-valadares","tag-prisao","tag-prisao-aldair-santos-doliveira","tag-prisao-construtora-vieira-prado","tag-prisao-de-anania-paula-da-silva","tag-prisao-de-ananias-camelo","tag-prisao-de-carlos-helder-lazaro","tag-prisao-de-cezinha-alvarenga","tag-prisao-de-djalma-florencio-diniz","tag-prisao-de-djalma-florencio-diniz-junior","tag-prisao-de-geovane-honorio","tag-prisao-de-geovanne-honorio-da-silva","tag-prisao-de-gledston-gomes-de-araujo","tag-prisao-de-gledston-guetao","tag-prisao-de-juliana-de-oliveira-alves-melo","tag-prisao-de-levi-presidente","tag-prisao-de-levi-vieira","tag-prisao-de-levi-vieira-da-silva","tag-prisao-de-marinaldo-carlos-de-amorim","tag-prisao-de-milvinho","tag-prisao-de-milvio-jose-da-silva","tag-prisao-de-omir-quintino-soares","tag-prisao-de-politicos-governador-valadares","tag-prisao-de-proprietarios-da-empresa-valadarense","tag-prisao-de-seleme-hilel-neto","tag-prisao-de-sezary-de-oliveira-alvarenga","tag-prisao-de-vereadores-em-governador-valadares","tag-prisao-de-vereadores-governador-valadares","tag-prisao-de-vilmar-rios-dias-junior","tag-prisao-de-zangado","tag-prisao-diretor-adjunto-do-saae","tag-prisao-diretor-de-gestao-de-rh-do-saae","tag-prisao-diretor-do-departamento-de-servicos-funerarios-e-cemiterios","tag-prisao-diretor-do-saae","tag-prisao-donos-da-valadarense","tag-prisao-emilio-claudio-alvarenga-rios","tag-prisao-empresa-valadarense","tag-prisao-gerente-do-posto-tabajara","tag-prisao-jean-carlos-soares","tag-prisao-jefferson-santos-lima","tag-prisao-jose-estanislau-de-brito","tag-prisao-juliana-campos-carvalho","tag-prisao-lucas-estanislau-de-brito","tag-prisao-marco-rodrigo-rios-bertolacini","tag-prisao-marcos-antonio-voria","tag-prisao-omir-quintino-soares","tag-prisao-padaria-pao-express","tag-prisao-restaurante-sabor-da-praca","tag-prisao-rh-assessoria","tag-prisao-roberto-jose-carvalho","tag-prisao-secretario-municipal-de-servicos-urbanos","tag-prisao-silvana-santos-alves","tag-prisao-thiago-vieira-prado","tag-prisao-valadarense","tag-prisao-vilmar-rios-dias-junior","tag-proprietarios-da-empresa-valadarense","tag-proprietarios-da-empresa-valadarense-se-entregam-a-policia-federal","tag-pt","tag-quadrilha-desviou-quase-toda-verba-para-recuperacao-de-estragos-da-chuva-em-governador-valadares","tag-quadrilha-governador-valadares","tag-quadrilha-prefeitura-de-governador-valadares","tag-restaurante-sabor-da-praca","tag-rh-assessoria","tag-roberto-jose-carvalho","tag-roberto-jose-de-carvalho","tag-roubo-na-prefeitura-de-governador-valadares","tag-rua-da-passagem","tag-saae-de-governador-valadares","tag-schinyder-exupery-cardozo","tag-secretario-municipal-de-servicos-urbanos","tag-seleme-hilel","tag-seleme-hilel-neto","tag-sezary-de-oliveira-alvarenga","tag-silvana-santos-alves","tag-sindicato-dos-trabalhadores-de-transportes-rodoviarios-de-governador-valadares","tag-sinttro-gv","tag-sinttrogv","tag-tarsis-augusto-de-santana-lima","tag-thiago-vieira-do-prado","tag-thiago-vieira-prado","tag-valadarense","tag-vereadores-alvos-de-operacao-em-governador-valadares","tag-vereadores-presos-em-governado","tag-vereadores-presos-em-governador-valadares","tag-video-mostra-presidente-de-sindicato-recebendo-grande-quantia-de-dinheiro-do-proprietario-da-empresa-valadarense","tag-video-mostra-presidente-de-sindicato-recebendo-suposta-propina-de-empresa-de-onibus-em-governador-valadares","tag-video-mostra-presidente-de-sindicato-recebendo-suposta-propina-de-empresa-de-onibus-em-valadares","tag-vilmar-rios","tag-vilmar-rios-dias-junior","tag-zangado"],"yoast_head":"<!-- This site is optimized with the Yoast SEO plugin v28.3 - https:\/\/yoast.com\/product\/yoast-seo-wordpress\/ -->\n<title>Obras sem licita\u00e7\u00e3o beneficiaram empres\u00e1rios e agentes p\u00fablicos em Governador Valadares - Aconteceu no Vale<\/title>\n<meta name=\"robots\" content=\"index, follow, max-snippet:-1, max-image-preview:large, max-video-preview:-1\" \/>\n<link rel=\"canonical\" href=\"https:\/\/aconteceunovale.com.br\/portal\/?p=94214\" \/>\n<meta property=\"og:locale\" content=\"pt_BR\" \/>\n<meta property=\"og:type\" content=\"article\" \/>\n<meta property=\"og:title\" content=\"Obras sem licita\u00e7\u00e3o beneficiaram empres\u00e1rios e agentes p\u00fablicos em Governador Valadares - Aconteceu no Vale\" \/>\n<meta property=\"og:description\" content=\"A Pol\u00edcia Federal (PF) deflagrou na manh\u00e3 desta quarta-feira (10\/08) a s\u00e9tima fase da Opera\u00e7\u00e3o Mar de Lama, que investiga crimes contra a administra\u00e7\u00e3o p\u00fablica no munic\u00edpio de Governador Valadares, no Vale do Rio Doce. Quatro ordens de pris\u00e3o preventiva foram cumpridas contra Edmilson Soares (Secret\u00e1rio de Desenvolvimento Municipal), Jaider Batista da Silva (Secretario Municipal [&hellip;]\" \/>\n<meta property=\"og:url\" content=\"https:\/\/aconteceunovale.com.br\/portal\/?p=94214\" \/>\n<meta property=\"og:site_name\" content=\"Aconteceu no Vale\" \/>\n<meta property=\"article:publisher\" content=\"https:\/\/www.facebook.com\/aconteceunovale\/\" \/>\n<meta property=\"article:published_time\" content=\"2016-08-10T18:14:35+00:00\" \/>\n<meta property=\"og:image\" content=\"https:\/\/aconteceunovale.com.br\/portal\/wp-content\/uploads\/2016\/08\/mar_de_lama_10_8.jpg\" \/>\n\t<meta property=\"og:image:width\" content=\"678\" \/>\n\t<meta property=\"og:image:height\" content=\"381\" \/>\n\t<meta property=\"og:image:type\" content=\"image\/jpeg\" \/>\n<meta name=\"author\" content=\"Aconteceu no Vale\" \/>\n<meta name=\"twitter:card\" content=\"summary_large_image\" \/>\n<meta name=\"twitter:creator\" content=\"@noticiadosvales\" \/>\n<meta name=\"twitter:site\" content=\"@noticiadosvales\" \/>\n<meta name=\"twitter:label1\" content=\"Escrito por\" \/>\n\t<meta name=\"twitter:data1\" content=\"Aconteceu no Vale\" \/>\n\t<meta name=\"twitter:label2\" content=\"Est. tempo de leitura\" \/>\n\t<meta name=\"twitter:data2\" content=\"3 minutos\" \/>\n<script type=\"application\/ld+json\" class=\"yoast-schema-graph\">{\"@context\":\"https:\\\/\\\/schema.org\",\"@graph\":[{\"@type\":\"Article\",\"@id\":\"https:\\\/\\\/aconteceunovale.com.br\\\/portal\\\/?p=94214#article\",\"isPartOf\":{\"@id\":\"https:\\\/\\\/aconteceunovale.com.br\\\/portal\\\/?p=94214\"},\"author\":{\"name\":\"Aconteceu no Vale\",\"@id\":\"https:\\\/\\\/aconteceunovale.com.br\\\/portal\\\/#\\\/schema\\\/person\\\/633529146f2c94272bef50ac2953d589\"},\"headline\":\"Obras sem licita\u00e7\u00e3o beneficiaram empres\u00e1rios e agentes p\u00fablicos em Governador Valadares\",\"datePublished\":\"2016-08-10T18:14:35+00:00\",\"mainEntityOfPage\":{\"@id\":\"https:\\\/\\\/aconteceunovale.com.br\\\/portal\\\/?p=94214\"},\"wordCount\":585,\"commentCount\":0,\"image\":{\"@id\":\"https:\\\/\\\/aconteceunovale.com.br\\\/portal\\\/?p=94214#primaryimage\"},\"thumbnailUrl\":\"https:\\\/\\\/aconteceunovale.com.br\\\/portal\\\/wp-content\\\/uploads\\\/2016\\\/08\\\/mar_de_lama_10_8.jpg\",\"keywords\":[\"3\u00aa Vara Criminal da Comarca de Governador Valadares\",\"Aldair Santos D'Oliveira\",\"Anania Paula da Silva\",\"Ananias Camel\u00f4\",\"Anexo da C\u00e2mara Municipal de Governador Valadares \u00e9 alvo de vandalismo\",\"Bispo da Diocese de Governador Valadares\",\"C\u00e2mara Municipal de Governador Valadares\",\"Carlos Helder Lazaro\",\"Cezinha Alvarenga\",\"Claudin\u00e9ia Ara\u00fajo\",\"Construtora Vieira Prado\",\"corrup\u00e7\u00e3o Governador Valadares\",\"Corrup\u00e7\u00e3o PT\",\"corrup\u00e7\u00e3o SAAE de Governador Valadares\",\"Corrup\u00e7\u00e3o Valadarense\",\"crimes contra a administra\u00e7\u00e3o p\u00fablica no munic\u00edpio de Governador Valadares\",\"Darly Alves de Souza\",\"dela\u00e7\u00e3o premiada do ex-diretor do Saae Jefferson Santos Lima\",\"destaque\",\"desvio de dinheiro Governador Valadares\",\"desvio de dinheiro SAAE de Governador Valadares\",\"Desvio de recursos p\u00fablicos Governador Valadares\",\"Diocese de Governador Valadares\",\"Diretor Adjunto do SAAE\",\"Diretor de Gest\u00e3o de RH do SAAE\",\"Diretor do Departamento de Servi\u00e7os Funer\u00e1rios e Cemit\u00e9rios\",\"diretor do Saae\",\"Diretor geral do SAAE de Governador Valadares\",\"Diretor-geral do SAAE de Governador Valadares e outras sete pessoas s\u00e3o presos em opera\u00e7\u00e3o da PF\",\"d\u00edvidas de campanha da prefeita Elisa Costa\",\"Djalma Flor\u00eancio Diniz\",\"Djalma Flor\u00eancio Diniz J\u00fanior\",\"DPARK\",\"DPARK Servi\u00e7os de Estacionamento\",\"Edmilson Soares\",\"Elisa Costa\",\"Em\u00edlio Cl\u00e1udio Alvarenga Rios\",\"Emilio Frois\",\"empres\u00e1rios\",\"Fejoli Florestal\",\"Fraude Empresa Valadarense\",\"Fraude Valadarense\",\"Gaeco de Governador Valadares\",\"Geovanne Hon\u00f3rio da Silva\",\"Gerente do Posto Tabajara\",\"Gledston Gomes de Ara\u00fajo\",\"Gl\u00eadston Guet\u00e3o\",\"Gl\u00eadston Guet\u00e3o reassume cadeira na C\u00e2mara de Governador Valadares\",\"Governador Valadares\",\"Investiga\u00e7\u00e3o Valadarense\",\"Jaider Batista da Silva\",\"Jean Carlos Soares\",\"Jefferson Lima\",\"Jefferson Santos Lima\",\"Jorge Ferreira Lopes\",\"Jos\u00e9 Estanislau de Brito\",\"Juiz converte 10 pris\u00f5es tempor\u00e1rias em preventivas e libera 4 investigados da cadeia\",\"Juiz Federal determina o afastamento de oito vereadores de Governador Valadares\",\"Juiz libera 4 investigados e converte 10 pris\u00f5es tempor\u00e1rias em preventivas\",\"Juliana Campos Carvalho\",\"Juliana Campos Carvalho Schettino\",\"Juliana de Oliveira Alves Melo\",\"Juninho Tabajara\",\"Justi\u00e7a aceita den\u00fancia e torna r\u00e9us 36 pol\u00edticos e servidores p\u00fablicos de Governador Valadares\",\"Justi\u00e7a aceita integralmente den\u00fancia do MPMG contra pol\u00edticos e servidores p\u00fablicos de Governador Valadares\",\"Justi\u00e7a recebe den\u00fancias do MPF por desvios de verbas federais em Governador Valadares\",\"Levi Presidente\",\"Levi Vieira da Silva\",\"Lucas Estanislau de Brito\",\"Marco Rodrigo Rios Bertolacini\",\"Marcos Ant\u00f4nio V\u00f3ria\",\"Marinaldo Carlos de Amorim\",\"memes governador valadares\",\"Michel Cristian de Freitas\",\"Milvinho\",\"Milvio Jose da Silva\",\"Minas\",\"Obras sem licita\u00e7\u00e3o beneficiaram empres\u00e1rios e agentes p\u00fablicos em Governador Valadares\",\"Obras sem licita\u00e7\u00e3o beneficiaram empres\u00e1rios e agentes p\u00fablicos em Minas Gerais\",\"Omir do SAAE\",\"Omir Quintino Soares\",\"opera\u00e7\u00e3o da pf Governador Valadares\",\"opera\u00e7\u00e3o da pol\u00edcia federal Governador Valadares\",\"Opera\u00e7\u00e3o SAAE de Governador Valadares\",\"Organiza\u00e7\u00e3o criminosa prefeitura de Governador Valadares\",\"Padaria P\u00e3o Express\",\"P\u00e3o superfaturado pagou d\u00edvida de campanha do PT em Governador Valadares\",\"Pavotec\",\"Pavotec - Pavimenta\u00e7\u00e3o e Terraplanagem\",\"PF\",\"PF deflagra opera\u00e7\u00e3o contra fraudes em contratos em prefeitura de Governador Valadares\",\"pol\u00edcia federal\",\"Prefeita de Governador Valadares nega desvio bilion\u00e1rio e pede retrata\u00e7\u00e3o da PF\",\"Prefeitura de Governador Valadares\",\"Prefeitura de Governador Valadares refuta informa\u00e7\u00e3o sobre desvio bilion\u00e1rio\",\"Presidente de Sindicato em Governador Valadares recebeu R$ 400 mil em propinas\",\"presos SAAE de Governador Valadares\",\"pris\u00e3o\",\"Pris\u00e3o Aldair Santos D'Oliveira\",\"Pris\u00e3o Construtora Vieira Prado\",\"pris\u00e3o de Anania Paula da Silva\",\"pris\u00e3o de Ananias Camel\u00f4\",\"Pris\u00e3o de Carlos Helder Lazaro\",\"pris\u00e3o de Cezinha Alvarenga\",\"Pris\u00e3o de Djalma Flor\u00eancio Diniz\",\"Pris\u00e3o de Djalma Flor\u00eancio Diniz J\u00fanior\",\"Pris\u00e3o de Geovane Hon\u00f3rio\",\"pris\u00e3o de Geovanne Hon\u00f3rio da Silva\",\"pris\u00e3o de Gledston Gomes de Ara\u00fajo\",\"pris\u00e3o de Gl\u00eadston Guet\u00e3o\",\"Pris\u00e3o de Juliana de Oliveira Alves Melo\",\"pris\u00e3o de Levi Presidente\",\"Pris\u00e3o de Levi Vieira\",\"pris\u00e3o de Levi Vieira da Silva\",\"pris\u00e3o de Marinaldo Carlos de Amorim\",\"pris\u00e3o de Milvinho\",\"pris\u00e3o de Milvio Jose da Silva\",\"pris\u00e3o de Omir Quintino Soares\",\"pris\u00e3o de pol\u00edticos Governador Valadares\",\"Pris\u00e3o de Propriet\u00e1rios da empresa Valadarense\",\"pris\u00e3o de Seleme Hilel Neto\",\"Pris\u00e3o de Sezary de Oliveira Alvarenga\",\"Pris\u00e3o de vereadores em Governador Valadares\",\"pris\u00e3o de vereadores Governador Valadares\",\"Pris\u00e3o de Vilmar Rios Dias J\u00fanior\",\"pris\u00e3o de Zangado\",\"Pris\u00e3o Diretor Adjunto do SAAE\",\"Pris\u00e3o Diretor de Gest\u00e3o de RH do SAAE\",\"Pris\u00e3o Diretor do Departamento de Servi\u00e7os Funer\u00e1rios e Cemit\u00e9rios\",\"Pris\u00e3o Diretor do SAAE\",\"Pris\u00e3o donos da Valadarense\",\"Pris\u00e3o Em\u00edlio Cl\u00e1udio Alvarenga Rios\",\"Pris\u00e3o Empresa Valadarense\",\"Pris\u00e3o Gerente do Posto Tabajara\",\"Pris\u00e3o Jean Carlos Soares\",\"Pris\u00e3o Jefferson Santos Lima\",\"Pris\u00e3o Jos\u00e9 Estanislau de Brito\",\"Pris\u00e3o Juliana Campos Carvalho\",\"Pris\u00e3o Lucas Estanislau de Brito\",\"Pris\u00e3o Marco Rodrigo Rios Bertolacini\",\"Pris\u00e3o Marcos Ant\u00f4nio V\u00f3ria\",\"Pris\u00e3o Omir Quintino Soares\",\"Pris\u00e3o Padaria P\u00e3o Express\",\"Pris\u00e3o Restaurante Sabor da Pra\u00e7a\",\"Pris\u00e3o RH Assessoria\",\"Pris\u00e3o Roberto Jos\u00e9 Carvalho\",\"Pris\u00e3o Secret\u00e1rio Municipal de Servi\u00e7os Urbanos\",\"Pris\u00e3o Silvana Santos Alves\",\"Pris\u00e3o Thiago Vieira Prado\",\"Pris\u00e3o Valadarense\",\"Pris\u00e3o Vilmar Rios Dias J\u00fanior\",\"Propriet\u00e1rios da empresa Valadarense\",\"Propriet\u00e1rios da empresa Valadarense se entregam \u00e0 Pol\u00edcia Federal\",\"PT\",\"Quadrilha desviou quase toda verba para recupera\u00e7\u00e3o de estragos da chuva em Governador Valadares\",\"Quadrilha Governador Valadares\",\"Quadrilha prefeitura de Governador Valadares\",\"Restaurante Sabor da Pra\u00e7a\",\"RH Assessoria\",\"Roberto Jos\u00e9 Carvalho\",\"Roberto Jos\u00e9 de Carvalho\",\"Roubo na prefeitura de Governador Valadares\",\"Rua da Passagem\",\"SAAE de Governador Valadares\",\"Schinyder Exupery Cardozo\",\"Secret\u00e1rio Municipal de Servi\u00e7os Urbanos\",\"Seleme hilel\",\"Seleme Hilel Neto\",\"Sezary de Oliveira Alvarenga\",\"Silvana Santos Alves\",\"Sindicato dos Trabalhadores de Transportes Rodovi\u00e1rios de Governador Valadares\",\"Sinttro-GV\",\"Sinttro\\\/GV\",\"Tarsis Augusto de Santana Lima\",\"Thiago Vieira do Prado\",\"Thiago Vieira Prado\",\"Valadarense\",\"vereadores alvos de opera\u00e7\u00e3o em Governador Valadares\",\"Vereadores presos em Governado\",\"Vereadores presos em Governador Valadares\",\"V\u00eddeo mostra presidente de sindicato recebendo grande quantia de dinheiro do propriet\u00e1rio da empresa valadarense\",\"V\u00eddeo mostra presidente de sindicato recebendo suposta propina de empresa de \u00f4nibus em Governador Valadares\",\"V\u00eddeo mostra presidente de sindicato recebendo suposta propina de empresa de \u00f4nibus em Valadares\",\"Vilmar Rios\",\"Vilmar Rios Dias J\u00fanior\",\"Zangado\"],\"articleSection\":[\"Leste de Minas\",\"Minas Gerais\"],\"inLanguage\":\"pt-BR\",\"potentialAction\":[{\"@type\":\"CommentAction\",\"name\":\"Comment\",\"target\":[\"https:\\\/\\\/aconteceunovale.com.br\\\/portal\\\/?p=94214#respond\"]}]},{\"@type\":\"WebPage\",\"@id\":\"https:\\\/\\\/aconteceunovale.com.br\\\/portal\\\/?p=94214\",\"url\":\"https:\\\/\\\/aconteceunovale.com.br\\\/portal\\\/?p=94214\",\"name\":\"Obras sem licita\u00e7\u00e3o beneficiaram empres\u00e1rios e agentes p\u00fablicos em Governador Valadares - Aconteceu no Vale\",\"isPartOf\":{\"@id\":\"https:\\\/\\\/aconteceunovale.com.br\\\/portal\\\/#website\"},\"primaryImageOfPage\":{\"@id\":\"https:\\\/\\\/aconteceunovale.com.br\\\/portal\\\/?p=94214#primaryimage\"},\"image\":{\"@id\":\"https:\\\/\\\/aconteceunovale.com.br\\\/portal\\\/?p=94214#primaryimage\"},\"thumbnailUrl\":\"https:\\\/\\\/aconteceunovale.com.br\\\/portal\\\/wp-content\\\/uploads\\\/2016\\\/08\\\/mar_de_lama_10_8.jpg\",\"datePublished\":\"2016-08-10T18:14:35+00:00\",\"author\":{\"@id\":\"https:\\\/\\\/aconteceunovale.com.br\\\/portal\\\/#\\\/schema\\\/person\\\/633529146f2c94272bef50ac2953d589\"},\"breadcrumb\":{\"@id\":\"https:\\\/\\\/aconteceunovale.com.br\\\/portal\\\/?p=94214#breadcrumb\"},\"inLanguage\":\"pt-BR\",\"potentialAction\":[{\"@type\":\"ReadAction\",\"target\":[\"https:\\\/\\\/aconteceunovale.com.br\\\/portal\\\/?p=94214\"]}]},{\"@type\":\"ImageObject\",\"inLanguage\":\"pt-BR\",\"@id\":\"https:\\\/\\\/aconteceunovale.com.br\\\/portal\\\/?p=94214#primaryimage\",\"url\":\"https:\\\/\\\/aconteceunovale.com.br\\\/portal\\\/wp-content\\\/uploads\\\/2016\\\/08\\\/mar_de_lama_10_8.jpg\",\"contentUrl\":\"https:\\\/\\\/aconteceunovale.com.br\\\/portal\\\/wp-content\\\/uploads\\\/2016\\\/08\\\/mar_de_lama_10_8.jpg\",\"width\":678,\"height\":381},{\"@type\":\"BreadcrumbList\",\"@id\":\"https:\\\/\\\/aconteceunovale.com.br\\\/portal\\\/?p=94214#breadcrumb\",\"itemListElement\":[{\"@type\":\"ListItem\",\"position\":1,\"name\":\"In\u00edcio\",\"item\":\"https:\\\/\\\/aconteceunovale.com.br\\\/portal\\\/\"},{\"@type\":\"ListItem\",\"position\":2,\"name\":\"Obras sem licita\u00e7\u00e3o beneficiaram empres\u00e1rios e agentes p\u00fablicos em Governador Valadares\"}]},{\"@type\":\"WebSite\",\"@id\":\"https:\\\/\\\/aconteceunovale.com.br\\\/portal\\\/#website\",\"url\":\"https:\\\/\\\/aconteceunovale.com.br\\\/portal\\\/\",\"name\":\"Aconteceu no Vale\",\"description\":\"Portal de Not\u00edcias\",\"potentialAction\":[{\"@type\":\"SearchAction\",\"target\":{\"@type\":\"EntryPoint\",\"urlTemplate\":\"https:\\\/\\\/aconteceunovale.com.br\\\/portal\\\/?s={search_term_string}\"},\"query-input\":{\"@type\":\"PropertyValueSpecification\",\"valueRequired\":true,\"valueName\":\"search_term_string\"}}],\"inLanguage\":\"pt-BR\"},{\"@type\":\"Person\",\"@id\":\"https:\\\/\\\/aconteceunovale.com.br\\\/portal\\\/#\\\/schema\\\/person\\\/633529146f2c94272bef50ac2953d589\",\"name\":\"Aconteceu no Vale\",\"description\":\"Equipe de reportagem do Aconteceu no Vale, portal de not\u00edcias do Vale do Jequitinhonha, em Minas Gerais. Cobrimos as 51 cidades do Vale desde 2013. Sugest\u00f5es de pauta e pedidos de corre\u00e7\u00e3o: contato@aconteceunovale.com.br\",\"sameAs\":[\"http:\\\/\\\/www.aconteceunovale.com.br\"],\"url\":\"https:\\\/\\\/aconteceunovale.com.br\\\/portal\\\/?author=1\"}]}<\/script>\n<!-- \/ Yoast SEO plugin. -->","yoast_head_json":{"title":"Obras sem licita\u00e7\u00e3o beneficiaram empres\u00e1rios e agentes p\u00fablicos em Governador Valadares - Aconteceu no Vale","robots":{"index":"index","follow":"follow","max-snippet":"max-snippet:-1","max-image-preview":"max-image-preview:large","max-video-preview":"max-video-preview:-1"},"canonical":"https:\/\/aconteceunovale.com.br\/portal\/?p=94214","og_locale":"pt_BR","og_type":"article","og_title":"Obras sem licita\u00e7\u00e3o beneficiaram empres\u00e1rios e agentes p\u00fablicos em Governador Valadares - Aconteceu no Vale","og_description":"A Pol\u00edcia Federal (PF) deflagrou na manh\u00e3 desta quarta-feira (10\/08) a s\u00e9tima fase da Opera\u00e7\u00e3o Mar de Lama, que investiga crimes contra a administra\u00e7\u00e3o p\u00fablica no munic\u00edpio de Governador Valadares, no Vale do Rio Doce. Quatro ordens de pris\u00e3o preventiva foram cumpridas contra Edmilson Soares (Secret\u00e1rio de Desenvolvimento Municipal), Jaider Batista da Silva (Secretario Municipal [&hellip;]","og_url":"https:\/\/aconteceunovale.com.br\/portal\/?p=94214","og_site_name":"Aconteceu no Vale","article_publisher":"https:\/\/www.facebook.com\/aconteceunovale\/","article_published_time":"2016-08-10T18:14:35+00:00","og_image":[{"width":678,"height":381,"url":"https:\/\/aconteceunovale.com.br\/portal\/wp-content\/uploads\/2016\/08\/mar_de_lama_10_8.jpg","type":"image\/jpeg"}],"author":"Aconteceu no Vale","twitter_card":"summary_large_image","twitter_creator":"@noticiadosvales","twitter_site":"@noticiadosvales","twitter_misc":{"Escrito por":"Aconteceu no Vale","Est. tempo de leitura":"3 minutos"},"schema":{"@context":"https:\/\/schema.org","@graph":[{"@type":"Article","@id":"https:\/\/aconteceunovale.com.br\/portal\/?p=94214#article","isPartOf":{"@id":"https:\/\/aconteceunovale.com.br\/portal\/?p=94214"},"author":{"name":"Aconteceu no Vale","@id":"https:\/\/aconteceunovale.com.br\/portal\/#\/schema\/person\/633529146f2c94272bef50ac2953d589"},"headline":"Obras sem licita\u00e7\u00e3o beneficiaram empres\u00e1rios e agentes p\u00fablicos em Governador Valadares","datePublished":"2016-08-10T18:14:35+00:00","mainEntityOfPage":{"@id":"https:\/\/aconteceunovale.com.br\/portal\/?p=94214"},"wordCount":585,"commentCount":0,"image":{"@id":"https:\/\/aconteceunovale.com.br\/portal\/?p=94214#primaryimage"},"thumbnailUrl":"https:\/\/aconteceunovale.com.br\/portal\/wp-content\/uploads\/2016\/08\/mar_de_lama_10_8.jpg","keywords":["3\u00aa Vara Criminal da Comarca de Governador Valadares","Aldair Santos D'Oliveira","Anania Paula da Silva","Ananias Camel\u00f4","Anexo da C\u00e2mara Municipal de Governador Valadares \u00e9 alvo de vandalismo","Bispo da Diocese de Governador Valadares","C\u00e2mara Municipal de Governador Valadares","Carlos Helder Lazaro","Cezinha Alvarenga","Claudin\u00e9ia Ara\u00fajo","Construtora Vieira Prado","corrup\u00e7\u00e3o Governador Valadares","Corrup\u00e7\u00e3o PT","corrup\u00e7\u00e3o SAAE de Governador Valadares","Corrup\u00e7\u00e3o Valadarense","crimes contra a administra\u00e7\u00e3o p\u00fablica no munic\u00edpio de Governador Valadares","Darly Alves de Souza","dela\u00e7\u00e3o premiada do ex-diretor do Saae Jefferson Santos Lima","destaque","desvio de dinheiro Governador Valadares","desvio de dinheiro SAAE de Governador Valadares","Desvio de recursos p\u00fablicos Governador Valadares","Diocese de Governador Valadares","Diretor Adjunto do SAAE","Diretor de Gest\u00e3o de RH do SAAE","Diretor do Departamento de Servi\u00e7os Funer\u00e1rios e Cemit\u00e9rios","diretor do Saae","Diretor geral do SAAE de Governador Valadares","Diretor-geral do SAAE de Governador Valadares e outras sete pessoas s\u00e3o presos em opera\u00e7\u00e3o da PF","d\u00edvidas de campanha da prefeita Elisa Costa","Djalma Flor\u00eancio Diniz","Djalma Flor\u00eancio Diniz J\u00fanior","DPARK","DPARK Servi\u00e7os de Estacionamento","Edmilson Soares","Elisa Costa","Em\u00edlio Cl\u00e1udio Alvarenga Rios","Emilio Frois","empres\u00e1rios","Fejoli Florestal","Fraude Empresa Valadarense","Fraude Valadarense","Gaeco de Governador Valadares","Geovanne Hon\u00f3rio da Silva","Gerente do Posto Tabajara","Gledston Gomes de Ara\u00fajo","Gl\u00eadston Guet\u00e3o","Gl\u00eadston Guet\u00e3o reassume cadeira na C\u00e2mara de Governador Valadares","Governador Valadares","Investiga\u00e7\u00e3o Valadarense","Jaider Batista da Silva","Jean Carlos Soares","Jefferson Lima","Jefferson Santos Lima","Jorge Ferreira Lopes","Jos\u00e9 Estanislau de Brito","Juiz converte 10 pris\u00f5es tempor\u00e1rias em preventivas e libera 4 investigados da cadeia","Juiz Federal determina o afastamento de oito vereadores de Governador Valadares","Juiz libera 4 investigados e converte 10 pris\u00f5es tempor\u00e1rias em preventivas","Juliana Campos Carvalho","Juliana Campos Carvalho Schettino","Juliana de Oliveira Alves Melo","Juninho Tabajara","Justi\u00e7a aceita den\u00fancia e torna r\u00e9us 36 pol\u00edticos e servidores p\u00fablicos de Governador Valadares","Justi\u00e7a aceita integralmente den\u00fancia do MPMG contra pol\u00edticos e servidores p\u00fablicos de Governador Valadares","Justi\u00e7a recebe den\u00fancias do MPF por desvios de verbas federais em Governador Valadares","Levi Presidente","Levi Vieira da Silva","Lucas Estanislau de Brito","Marco Rodrigo Rios Bertolacini","Marcos Ant\u00f4nio V\u00f3ria","Marinaldo Carlos de Amorim","memes governador valadares","Michel Cristian de Freitas","Milvinho","Milvio Jose da Silva","Minas","Obras sem licita\u00e7\u00e3o beneficiaram empres\u00e1rios e agentes p\u00fablicos em Governador Valadares","Obras sem licita\u00e7\u00e3o beneficiaram empres\u00e1rios e agentes p\u00fablicos em Minas Gerais","Omir do SAAE","Omir Quintino Soares","opera\u00e7\u00e3o da pf Governador Valadares","opera\u00e7\u00e3o da pol\u00edcia federal Governador Valadares","Opera\u00e7\u00e3o SAAE de Governador Valadares","Organiza\u00e7\u00e3o criminosa prefeitura de Governador Valadares","Padaria P\u00e3o Express","P\u00e3o superfaturado pagou d\u00edvida de campanha do PT em Governador Valadares","Pavotec","Pavotec - Pavimenta\u00e7\u00e3o e Terraplanagem","PF","PF deflagra opera\u00e7\u00e3o contra fraudes em contratos em prefeitura de Governador Valadares","pol\u00edcia federal","Prefeita de Governador Valadares nega desvio bilion\u00e1rio e pede retrata\u00e7\u00e3o da PF","Prefeitura de Governador Valadares","Prefeitura de Governador Valadares refuta informa\u00e7\u00e3o sobre desvio bilion\u00e1rio","Presidente de Sindicato em Governador Valadares recebeu R$ 400 mil em propinas","presos SAAE de Governador Valadares","pris\u00e3o","Pris\u00e3o Aldair Santos D'Oliveira","Pris\u00e3o Construtora Vieira Prado","pris\u00e3o de Anania Paula da Silva","pris\u00e3o de Ananias Camel\u00f4","Pris\u00e3o de Carlos Helder Lazaro","pris\u00e3o de Cezinha Alvarenga","Pris\u00e3o de Djalma Flor\u00eancio Diniz","Pris\u00e3o de Djalma Flor\u00eancio Diniz J\u00fanior","Pris\u00e3o de Geovane Hon\u00f3rio","pris\u00e3o de Geovanne Hon\u00f3rio da Silva","pris\u00e3o de Gledston Gomes de Ara\u00fajo","pris\u00e3o de Gl\u00eadston Guet\u00e3o","Pris\u00e3o de Juliana de Oliveira Alves Melo","pris\u00e3o de Levi Presidente","Pris\u00e3o de Levi Vieira","pris\u00e3o de Levi Vieira da Silva","pris\u00e3o de Marinaldo Carlos de Amorim","pris\u00e3o de Milvinho","pris\u00e3o de Milvio Jose da Silva","pris\u00e3o de Omir Quintino Soares","pris\u00e3o de pol\u00edticos Governador Valadares","Pris\u00e3o de Propriet\u00e1rios da empresa Valadarense","pris\u00e3o de Seleme Hilel Neto","Pris\u00e3o de Sezary de Oliveira Alvarenga","Pris\u00e3o de vereadores em Governador Valadares","pris\u00e3o de vereadores Governador Valadares","Pris\u00e3o de Vilmar Rios Dias J\u00fanior","pris\u00e3o de Zangado","Pris\u00e3o Diretor Adjunto do SAAE","Pris\u00e3o Diretor de Gest\u00e3o de RH do SAAE","Pris\u00e3o Diretor do Departamento de Servi\u00e7os Funer\u00e1rios e Cemit\u00e9rios","Pris\u00e3o Diretor do SAAE","Pris\u00e3o donos da Valadarense","Pris\u00e3o Em\u00edlio Cl\u00e1udio Alvarenga Rios","Pris\u00e3o Empresa Valadarense","Pris\u00e3o Gerente do Posto Tabajara","Pris\u00e3o Jean Carlos Soares","Pris\u00e3o Jefferson Santos Lima","Pris\u00e3o Jos\u00e9 Estanislau de Brito","Pris\u00e3o Juliana Campos Carvalho","Pris\u00e3o Lucas Estanislau de Brito","Pris\u00e3o Marco Rodrigo Rios Bertolacini","Pris\u00e3o Marcos Ant\u00f4nio V\u00f3ria","Pris\u00e3o Omir Quintino Soares","Pris\u00e3o Padaria P\u00e3o Express","Pris\u00e3o Restaurante Sabor da Pra\u00e7a","Pris\u00e3o RH Assessoria","Pris\u00e3o Roberto Jos\u00e9 Carvalho","Pris\u00e3o Secret\u00e1rio Municipal de Servi\u00e7os Urbanos","Pris\u00e3o Silvana Santos Alves","Pris\u00e3o Thiago Vieira Prado","Pris\u00e3o Valadarense","Pris\u00e3o Vilmar Rios Dias J\u00fanior","Propriet\u00e1rios da empresa Valadarense","Propriet\u00e1rios da empresa Valadarense se entregam \u00e0 Pol\u00edcia Federal","PT","Quadrilha desviou quase toda verba para recupera\u00e7\u00e3o de estragos da chuva em Governador Valadares","Quadrilha Governador Valadares","Quadrilha prefeitura de Governador Valadares","Restaurante Sabor da Pra\u00e7a","RH Assessoria","Roberto Jos\u00e9 Carvalho","Roberto Jos\u00e9 de Carvalho","Roubo na prefeitura de Governador Valadares","Rua da Passagem","SAAE de Governador Valadares","Schinyder Exupery Cardozo","Secret\u00e1rio Municipal de Servi\u00e7os Urbanos","Seleme hilel","Seleme Hilel Neto","Sezary de Oliveira Alvarenga","Silvana Santos Alves","Sindicato dos Trabalhadores de Transportes Rodovi\u00e1rios de Governador Valadares","Sinttro-GV","Sinttro\/GV","Tarsis Augusto de Santana Lima","Thiago Vieira do Prado","Thiago Vieira Prado","Valadarense","vereadores alvos de opera\u00e7\u00e3o em Governador Valadares","Vereadores presos em Governado","Vereadores presos em Governador Valadares","V\u00eddeo mostra presidente de sindicato recebendo grande quantia de dinheiro do propriet\u00e1rio da empresa valadarense","V\u00eddeo mostra presidente de sindicato recebendo suposta propina de empresa de \u00f4nibus em Governador Valadares","V\u00eddeo mostra presidente de sindicato recebendo suposta propina de empresa de \u00f4nibus em Valadares","Vilmar Rios","Vilmar Rios Dias J\u00fanior","Zangado"],"articleSection":["Leste de Minas","Minas Gerais"],"inLanguage":"pt-BR","potentialAction":[{"@type":"CommentAction","name":"Comment","target":["https:\/\/aconteceunovale.com.br\/portal\/?p=94214#respond"]}]},{"@type":"WebPage","@id":"https:\/\/aconteceunovale.com.br\/portal\/?p=94214","url":"https:\/\/aconteceunovale.com.br\/portal\/?p=94214","name":"Obras sem licita\u00e7\u00e3o beneficiaram empres\u00e1rios e agentes p\u00fablicos em Governador Valadares - Aconteceu no Vale","isPartOf":{"@id":"https:\/\/aconteceunovale.com.br\/portal\/#website"},"primaryImageOfPage":{"@id":"https:\/\/aconteceunovale.com.br\/portal\/?p=94214#primaryimage"},"image":{"@id":"https:\/\/aconteceunovale.com.br\/portal\/?p=94214#primaryimage"},"thumbnailUrl":"https:\/\/aconteceunovale.com.br\/portal\/wp-content\/uploads\/2016\/08\/mar_de_lama_10_8.jpg","datePublished":"2016-08-10T18:14:35+00:00","author":{"@id":"https:\/\/aconteceunovale.com.br\/portal\/#\/schema\/person\/633529146f2c94272bef50ac2953d589"},"breadcrumb":{"@id":"https:\/\/aconteceunovale.com.br\/portal\/?p=94214#breadcrumb"},"inLanguage":"pt-BR","potentialAction":[{"@type":"ReadAction","target":["https:\/\/aconteceunovale.com.br\/portal\/?p=94214"]}]},{"@type":"ImageObject","inLanguage":"pt-BR","@id":"https:\/\/aconteceunovale.com.br\/portal\/?p=94214#primaryimage","url":"https:\/\/aconteceunovale.com.br\/portal\/wp-content\/uploads\/2016\/08\/mar_de_lama_10_8.jpg","contentUrl":"https:\/\/aconteceunovale.com.br\/portal\/wp-content\/uploads\/2016\/08\/mar_de_lama_10_8.jpg","width":678,"height":381},{"@type":"BreadcrumbList","@id":"https:\/\/aconteceunovale.com.br\/portal\/?p=94214#breadcrumb","itemListElement":[{"@type":"ListItem","position":1,"name":"In\u00edcio","item":"https:\/\/aconteceunovale.com.br\/portal\/"},{"@type":"ListItem","position":2,"name":"Obras sem licita\u00e7\u00e3o beneficiaram empres\u00e1rios e agentes p\u00fablicos em Governador Valadares"}]},{"@type":"WebSite","@id":"https:\/\/aconteceunovale.com.br\/portal\/#website","url":"https:\/\/aconteceunovale.com.br\/portal\/","name":"Aconteceu no Vale","description":"Portal de Not\u00edcias","potentialAction":[{"@type":"SearchAction","target":{"@type":"EntryPoint","urlTemplate":"https:\/\/aconteceunovale.com.br\/portal\/?s={search_term_string}"},"query-input":{"@type":"PropertyValueSpecification","valueRequired":true,"valueName":"search_term_string"}}],"inLanguage":"pt-BR"},{"@type":"Person","@id":"https:\/\/aconteceunovale.com.br\/portal\/#\/schema\/person\/633529146f2c94272bef50ac2953d589","name":"Aconteceu no Vale","description":"Equipe de reportagem do Aconteceu no Vale, portal de not\u00edcias do Vale do Jequitinhonha, em Minas Gerais. Cobrimos as 51 cidades do Vale desde 2013. Sugest\u00f5es de pauta e pedidos de corre\u00e7\u00e3o: contato@aconteceunovale.com.br","sameAs":["http:\/\/www.aconteceunovale.com.br"],"url":"https:\/\/aconteceunovale.com.br\/portal\/?author=1"}]}},"_links":{"self":[{"href":"https:\/\/aconteceunovale.com.br\/portal\/index.php?rest_route=\/wp\/v2\/posts\/94214","targetHints":{"allow":["GET"]}}],"collection":[{"href":"https:\/\/aconteceunovale.com.br\/portal\/index.php?rest_route=\/wp\/v2\/posts"}],"about":[{"href":"https:\/\/aconteceunovale.com.br\/portal\/index.php?rest_route=\/wp\/v2\/types\/post"}],"author":[{"embeddable":true,"href":"https:\/\/aconteceunovale.com.br\/portal\/index.php?rest_route=\/wp\/v2\/users\/1"}],"replies":[{"embeddable":true,"href":"https:\/\/aconteceunovale.com.br\/portal\/index.php?rest_route=%2Fwp%2Fv2%2Fcomments&post=94214"}],"version-history":[{"count":0,"href":"https:\/\/aconteceunovale.com.br\/portal\/index.php?rest_route=\/wp\/v2\/posts\/94214\/revisions"}],"wp:featuredmedia":[{"embeddable":true,"href":"https:\/\/aconteceunovale.com.br\/portal\/index.php?rest_route=\/wp\/v2\/media\/94215"}],"wp:attachment":[{"href":"https:\/\/aconteceunovale.com.br\/portal\/index.php?rest_route=%2Fwp%2Fv2%2Fmedia&parent=94214"}],"wp:term":[{"taxonomy":"category","embeddable":true,"href":"https:\/\/aconteceunovale.com.br\/portal\/index.php?rest_route=%2Fwp%2Fv2%2Fcategories&post=94214"},{"taxonomy":"post_tag","embeddable":true,"href":"https:\/\/aconteceunovale.com.br\/portal\/index.php?rest_route=%2Fwp%2Fv2%2Ftags&post=94214"}],"curies":[{"name":"wp","href":"https:\/\/api.w.org\/{rel}","templated":true}]}}