{"id":94211,"date":"2016-08-10T14:59:24","date_gmt":"2016-08-10T17:59:24","guid":{"rendered":"http:\/\/aconteceunovale.com.br\/portal\/?p=94211"},"modified":"2016-08-10T14:59:24","modified_gmt":"2016-08-10T17:59:24","slug":"ministro-da-saude-defende-melhoria-nas-consultas-basicas-e-uso-da-telemedicina","status":"publish","type":"post","link":"https:\/\/aconteceunovale.com.br\/portal\/?p=94211","title":{"rendered":"Ministro da Sa\u00fade defende melhoria nas consultas b\u00e1sicas e uso da telemedicina"},"content":{"rendered":"<p>O ministro da Sa\u00fade, Ricardo Barros, disse hoje (10) que nem todos os encaminhamentos m\u00e9dicos feitos no Brasil para especialistas s\u00e3o necess\u00e1rios e que \u00e9 preciso melhorar as consultas b\u00e1sicas. Para ele, o uso da telemedicina poderia dar maior precis\u00e3o aos diagn\u00f3sticos como, por exemplo, em rela\u00e7\u00e3o ao c\u00e2ncer, selecionando os casos em que os pacientes v\u00e3o precisar passar por um oncologista.<\/p>\n<p>\u201cO Brasil referencia 35% das consultas para especialidades e a m\u00e9dia mundial \u00e9 de apenas 20%\u201d, disse o ministro, ap\u00f3s participar da abertura de um encontro sobre o atendimento no Sistema \u00danico de Sa\u00fade (SUS), promovido pelo jornal O Estado de S\u00e3o Paulo.<\/p>\n<p>Em sua palestra, Barros informou que, nos \u00faltimos cinco anos, houve um aumento de 68% nos casos de c\u00e2ncer no pa\u00eds com registro de 600 mil diagn\u00f3sticos. Salientou que esta \u00e1rea da medicina tem sido um desafio, envolvendo investimentos de R$ 3,5 bilh\u00f5es. Segundo o ministro, o pa\u00eds tem investido em unidades de tratamento de c\u00e2ncer e, assim, ele espera ser \u201csuficiente para que a popula\u00e7\u00e3o tenha o acesso adequado a essa especialidade\u201d.<\/p>\n<p>O ministro da Sa\u00fade tamb\u00e9m manifestou a expectativa de que, dentro de aproximadamente seis meses, o Brasil possa estar cumprindo, integralmente, o prazo legal de 60 dias entre o diagn\u00f3stico e o in\u00edcio do tratamento de pacientes com c\u00e2ncer pelo Sistema \u00danico de Sa\u00fade (SUS) .<\/p>\n<p><strong>Aparelhos de radioterapia<\/strong><\/p>\n<p>Ele informou, ainda, que desde 2012, 80 equipamentos para tratamento por meio de radioterapia importados pelo governo federal est\u00e3o parados, mas que at\u00e9 o final deste ano, pelo menos dois deles poder\u00e3o entrar em opera\u00e7\u00e3o. As dificuldades no uso desses equipamentos, conforme explicou, s\u00e3o de infraestrutura para a sua instala\u00e7\u00e3o em terrenos adequados.<\/p>\n<p>Questionado se o Projeto de Plano Individual de Sa\u00fade Acess\u00edvel , em estudos por um grupo de trabalho, poder\u00e1 otimizar os atendimentos, o ministro disse que tem a expectativa de que esses planos possam agilizar os diagn\u00f3sticos e acelerar os tratamentos da doen\u00e7a.<\/p>\n<p>Ele, por\u00e9m, ressaltou que o governo n\u00e3o est\u00e1 impondo nenhuma proposta, apenas quer que seja constru\u00edda uma forma de garantir melhor o acesso \u00e0 sa\u00fade a partir das discuss\u00f5es entre os integrantes dessa comiss\u00e3o de trabalho. (Ag\u00eancia Brasil)<\/p>\n","protected":false},"excerpt":{"rendered":"<p>O ministro da Sa\u00fade, Ricardo Barros, disse hoje (10) que nem todos os encaminhamentos m\u00e9dicos feitos no Brasil para especialistas s\u00e3o necess\u00e1rios e que \u00e9 preciso melhorar as consultas b\u00e1sicas. Para ele, o uso da telemedicina poderia dar maior precis\u00e3o aos diagn\u00f3sticos como, por exemplo, em rela\u00e7\u00e3o ao c\u00e2ncer, selecionando os casos em que os [&hellip;]<\/p>\n","protected":false},"author":1,"featured_media":94212,"comment_status":"open","ping_status":"closed","sticky":false,"template":"","format":"standard","meta":{"amp_status":"","footnotes":""},"categories":[6,40242],"tags":[34259,109677,109678,93878,109681,109679,109680],"class_list":["post-94211","post","type-post","status-publish","format-standard","has-post-thumbnail","hentry","category-br","category-saude-2","tag-ministro-da-saude","tag-ministro-da-saude-defende-melhoria-nas-consultas-basicas-e-uso-da-telemedicina","tag-oncologia","tag-ricardo-barros","tag-saude-no-brasil","tag-telemedicina","tag-telemedicina-no-brasil"],"yoast_head":"<!-- This site is optimized with the Yoast SEO plugin v28.3 - https:\/\/yoast.com\/product\/yoast-seo-wordpress\/ -->\n<title>Ministro da Sa\u00fade defende melhoria nas consultas b\u00e1sicas e uso da telemedicina - Aconteceu no Vale<\/title>\n<meta name=\"robots\" content=\"index, follow, max-snippet:-1, max-image-preview:large, max-video-preview:-1\" \/>\n<link rel=\"canonical\" href=\"https:\/\/aconteceunovale.com.br\/portal\/?p=94211\" \/>\n<meta property=\"og:locale\" content=\"pt_BR\" \/>\n<meta property=\"og:type\" content=\"article\" \/>\n<meta property=\"og:title\" content=\"Ministro da Sa\u00fade defende melhoria nas consultas b\u00e1sicas e uso da telemedicina - Aconteceu no Vale\" \/>\n<meta property=\"og:description\" content=\"O ministro da Sa\u00fade, Ricardo Barros, disse hoje (10) que nem todos os encaminhamentos m\u00e9dicos feitos no Brasil para especialistas s\u00e3o necess\u00e1rios e que \u00e9 preciso melhorar as consultas b\u00e1sicas. Para ele, o uso da telemedicina poderia dar maior precis\u00e3o aos diagn\u00f3sticos como, por exemplo, em rela\u00e7\u00e3o ao c\u00e2ncer, selecionando os casos em que os [&hellip;]\" \/>\n<meta property=\"og:url\" content=\"https:\/\/aconteceunovale.com.br\/portal\/?p=94211\" \/>\n<meta property=\"og:site_name\" content=\"Aconteceu no Vale\" \/>\n<meta property=\"article:publisher\" content=\"https:\/\/www.facebook.com\/aconteceunovale\/\" \/>\n<meta property=\"article:published_time\" content=\"2016-08-10T17:59:24+00:00\" \/>\n<meta property=\"og:image\" content=\"https:\/\/aconteceunovale.com.br\/portal\/wp-content\/uploads\/2016\/08\/telemedicina.jpg\" \/>\n\t<meta property=\"og:image:width\" content=\"648\" \/>\n\t<meta property=\"og:image:height\" content=\"450\" \/>\n\t<meta property=\"og:image:type\" content=\"image\/jpeg\" \/>\n<meta name=\"author\" content=\"Aconteceu no Vale\" \/>\n<meta name=\"twitter:card\" content=\"summary_large_image\" \/>\n<meta name=\"twitter:creator\" content=\"@noticiadosvales\" \/>\n<meta name=\"twitter:site\" content=\"@noticiadosvales\" \/>\n<meta name=\"twitter:label1\" content=\"Escrito por\" \/>\n\t<meta name=\"twitter:data1\" content=\"Aconteceu no Vale\" \/>\n\t<meta name=\"twitter:label2\" content=\"Est. tempo de leitura\" \/>\n\t<meta name=\"twitter:data2\" content=\"2 minutos\" \/>\n<script type=\"application\/ld+json\" class=\"yoast-schema-graph\">{\"@context\":\"https:\\\/\\\/schema.org\",\"@graph\":[{\"@type\":\"Article\",\"@id\":\"https:\\\/\\\/aconteceunovale.com.br\\\/portal\\\/?p=94211#article\",\"isPartOf\":{\"@id\":\"https:\\\/\\\/aconteceunovale.com.br\\\/portal\\\/?p=94211\"},\"author\":{\"name\":\"Aconteceu no Vale\",\"@id\":\"https:\\\/\\\/aconteceunovale.com.br\\\/portal\\\/#\\\/schema\\\/person\\\/633529146f2c94272bef50ac2953d589\"},\"headline\":\"Ministro da Sa\u00fade defende melhoria nas consultas b\u00e1sicas e uso da telemedicina\",\"datePublished\":\"2016-08-10T17:59:24+00:00\",\"mainEntityOfPage\":{\"@id\":\"https:\\\/\\\/aconteceunovale.com.br\\\/portal\\\/?p=94211\"},\"wordCount\":404,\"commentCount\":0,\"image\":{\"@id\":\"https:\\\/\\\/aconteceunovale.com.br\\\/portal\\\/?p=94211#primaryimage\"},\"thumbnailUrl\":\"https:\\\/\\\/aconteceunovale.com.br\\\/portal\\\/wp-content\\\/uploads\\\/2016\\\/08\\\/telemedicina.jpg\",\"keywords\":[\"ministro da Sa\u00fade\",\"Ministro da Sa\u00fade defende melhoria nas consultas b\u00e1sicas e uso da telemedicina\",\"oncologia\",\"Ricardo Barros\",\"sa\u00fade no brasil\",\"telemedicina\",\"telemedicina no brasil\"],\"articleSection\":[\"Brasil\",\"Sa\u00fade\"],\"inLanguage\":\"pt-BR\",\"potentialAction\":[{\"@type\":\"CommentAction\",\"name\":\"Comment\",\"target\":[\"https:\\\/\\\/aconteceunovale.com.br\\\/portal\\\/?p=94211#respond\"]}]},{\"@type\":\"WebPage\",\"@id\":\"https:\\\/\\\/aconteceunovale.com.br\\\/portal\\\/?p=94211\",\"url\":\"https:\\\/\\\/aconteceunovale.com.br\\\/portal\\\/?p=94211\",\"name\":\"Ministro da Sa\u00fade defende melhoria nas consultas b\u00e1sicas e uso da telemedicina - Aconteceu no Vale\",\"isPartOf\":{\"@id\":\"https:\\\/\\\/aconteceunovale.com.br\\\/portal\\\/#website\"},\"primaryImageOfPage\":{\"@id\":\"https:\\\/\\\/aconteceunovale.com.br\\\/portal\\\/?p=94211#primaryimage\"},\"image\":{\"@id\":\"https:\\\/\\\/aconteceunovale.com.br\\\/portal\\\/?p=94211#primaryimage\"},\"thumbnailUrl\":\"https:\\\/\\\/aconteceunovale.com.br\\\/portal\\\/wp-content\\\/uploads\\\/2016\\\/08\\\/telemedicina.jpg\",\"datePublished\":\"2016-08-10T17:59:24+00:00\",\"author\":{\"@id\":\"https:\\\/\\\/aconteceunovale.com.br\\\/portal\\\/#\\\/schema\\\/person\\\/633529146f2c94272bef50ac2953d589\"},\"breadcrumb\":{\"@id\":\"https:\\\/\\\/aconteceunovale.com.br\\\/portal\\\/?p=94211#breadcrumb\"},\"inLanguage\":\"pt-BR\",\"potentialAction\":[{\"@type\":\"ReadAction\",\"target\":[\"https:\\\/\\\/aconteceunovale.com.br\\\/portal\\\/?p=94211\"]}]},{\"@type\":\"ImageObject\",\"inLanguage\":\"pt-BR\",\"@id\":\"https:\\\/\\\/aconteceunovale.com.br\\\/portal\\\/?p=94211#primaryimage\",\"url\":\"https:\\\/\\\/aconteceunovale.com.br\\\/portal\\\/wp-content\\\/uploads\\\/2016\\\/08\\\/telemedicina.jpg\",\"contentUrl\":\"https:\\\/\\\/aconteceunovale.com.br\\\/portal\\\/wp-content\\\/uploads\\\/2016\\\/08\\\/telemedicina.jpg\",\"width\":648,\"height\":450},{\"@type\":\"BreadcrumbList\",\"@id\":\"https:\\\/\\\/aconteceunovale.com.br\\\/portal\\\/?p=94211#breadcrumb\",\"itemListElement\":[{\"@type\":\"ListItem\",\"position\":1,\"name\":\"In\u00edcio\",\"item\":\"https:\\\/\\\/aconteceunovale.com.br\\\/portal\\\/\"},{\"@type\":\"ListItem\",\"position\":2,\"name\":\"Ministro da Sa\u00fade defende melhoria nas consultas b\u00e1sicas e uso da telemedicina\"}]},{\"@type\":\"WebSite\",\"@id\":\"https:\\\/\\\/aconteceunovale.com.br\\\/portal\\\/#website\",\"url\":\"https:\\\/\\\/aconteceunovale.com.br\\\/portal\\\/\",\"name\":\"Aconteceu no Vale\",\"description\":\"Portal de Not\u00edcias\",\"potentialAction\":[{\"@type\":\"SearchAction\",\"target\":{\"@type\":\"EntryPoint\",\"urlTemplate\":\"https:\\\/\\\/aconteceunovale.com.br\\\/portal\\\/?s={search_term_string}\"},\"query-input\":{\"@type\":\"PropertyValueSpecification\",\"valueRequired\":true,\"valueName\":\"search_term_string\"}}],\"inLanguage\":\"pt-BR\"},{\"@type\":\"Person\",\"@id\":\"https:\\\/\\\/aconteceunovale.com.br\\\/portal\\\/#\\\/schema\\\/person\\\/633529146f2c94272bef50ac2953d589\",\"name\":\"Aconteceu no Vale\",\"description\":\"Equipe de reportagem do Aconteceu no Vale, portal de not\u00edcias do Vale do Jequitinhonha, em Minas Gerais. Cobrimos as 51 cidades do Vale desde 2013. Sugest\u00f5es de pauta e pedidos de corre\u00e7\u00e3o: contato@aconteceunovale.com.br\",\"sameAs\":[\"http:\\\/\\\/www.aconteceunovale.com.br\"],\"url\":\"https:\\\/\\\/aconteceunovale.com.br\\\/portal\\\/?author=1\"}]}<\/script>\n<!-- \/ Yoast SEO plugin. -->","yoast_head_json":{"title":"Ministro da Sa\u00fade defende melhoria nas consultas b\u00e1sicas e uso da telemedicina - Aconteceu no Vale","robots":{"index":"index","follow":"follow","max-snippet":"max-snippet:-1","max-image-preview":"max-image-preview:large","max-video-preview":"max-video-preview:-1"},"canonical":"https:\/\/aconteceunovale.com.br\/portal\/?p=94211","og_locale":"pt_BR","og_type":"article","og_title":"Ministro da Sa\u00fade defende melhoria nas consultas b\u00e1sicas e uso da telemedicina - Aconteceu no Vale","og_description":"O ministro da Sa\u00fade, Ricardo Barros, disse hoje (10) que nem todos os encaminhamentos m\u00e9dicos feitos no Brasil para especialistas s\u00e3o necess\u00e1rios e que \u00e9 preciso melhorar as consultas b\u00e1sicas. Para ele, o uso da telemedicina poderia dar maior precis\u00e3o aos diagn\u00f3sticos como, por exemplo, em rela\u00e7\u00e3o ao c\u00e2ncer, selecionando os casos em que os [&hellip;]","og_url":"https:\/\/aconteceunovale.com.br\/portal\/?p=94211","og_site_name":"Aconteceu no Vale","article_publisher":"https:\/\/www.facebook.com\/aconteceunovale\/","article_published_time":"2016-08-10T17:59:24+00:00","og_image":[{"width":648,"height":450,"url":"https:\/\/aconteceunovale.com.br\/portal\/wp-content\/uploads\/2016\/08\/telemedicina.jpg","type":"image\/jpeg"}],"author":"Aconteceu no Vale","twitter_card":"summary_large_image","twitter_creator":"@noticiadosvales","twitter_site":"@noticiadosvales","twitter_misc":{"Escrito por":"Aconteceu no Vale","Est. tempo de leitura":"2 minutos"},"schema":{"@context":"https:\/\/schema.org","@graph":[{"@type":"Article","@id":"https:\/\/aconteceunovale.com.br\/portal\/?p=94211#article","isPartOf":{"@id":"https:\/\/aconteceunovale.com.br\/portal\/?p=94211"},"author":{"name":"Aconteceu no Vale","@id":"https:\/\/aconteceunovale.com.br\/portal\/#\/schema\/person\/633529146f2c94272bef50ac2953d589"},"headline":"Ministro da Sa\u00fade defende melhoria nas consultas b\u00e1sicas e uso da telemedicina","datePublished":"2016-08-10T17:59:24+00:00","mainEntityOfPage":{"@id":"https:\/\/aconteceunovale.com.br\/portal\/?p=94211"},"wordCount":404,"commentCount":0,"image":{"@id":"https:\/\/aconteceunovale.com.br\/portal\/?p=94211#primaryimage"},"thumbnailUrl":"https:\/\/aconteceunovale.com.br\/portal\/wp-content\/uploads\/2016\/08\/telemedicina.jpg","keywords":["ministro da Sa\u00fade","Ministro da Sa\u00fade defende melhoria nas consultas b\u00e1sicas e uso da telemedicina","oncologia","Ricardo Barros","sa\u00fade no brasil","telemedicina","telemedicina no brasil"],"articleSection":["Brasil","Sa\u00fade"],"inLanguage":"pt-BR","potentialAction":[{"@type":"CommentAction","name":"Comment","target":["https:\/\/aconteceunovale.com.br\/portal\/?p=94211#respond"]}]},{"@type":"WebPage","@id":"https:\/\/aconteceunovale.com.br\/portal\/?p=94211","url":"https:\/\/aconteceunovale.com.br\/portal\/?p=94211","name":"Ministro da Sa\u00fade defende melhoria nas consultas b\u00e1sicas e uso da telemedicina - Aconteceu no Vale","isPartOf":{"@id":"https:\/\/aconteceunovale.com.br\/portal\/#website"},"primaryImageOfPage":{"@id":"https:\/\/aconteceunovale.com.br\/portal\/?p=94211#primaryimage"},"image":{"@id":"https:\/\/aconteceunovale.com.br\/portal\/?p=94211#primaryimage"},"thumbnailUrl":"https:\/\/aconteceunovale.com.br\/portal\/wp-content\/uploads\/2016\/08\/telemedicina.jpg","datePublished":"2016-08-10T17:59:24+00:00","author":{"@id":"https:\/\/aconteceunovale.com.br\/portal\/#\/schema\/person\/633529146f2c94272bef50ac2953d589"},"breadcrumb":{"@id":"https:\/\/aconteceunovale.com.br\/portal\/?p=94211#breadcrumb"},"inLanguage":"pt-BR","potentialAction":[{"@type":"ReadAction","target":["https:\/\/aconteceunovale.com.br\/portal\/?p=94211"]}]},{"@type":"ImageObject","inLanguage":"pt-BR","@id":"https:\/\/aconteceunovale.com.br\/portal\/?p=94211#primaryimage","url":"https:\/\/aconteceunovale.com.br\/portal\/wp-content\/uploads\/2016\/08\/telemedicina.jpg","contentUrl":"https:\/\/aconteceunovale.com.br\/portal\/wp-content\/uploads\/2016\/08\/telemedicina.jpg","width":648,"height":450},{"@type":"BreadcrumbList","@id":"https:\/\/aconteceunovale.com.br\/portal\/?p=94211#breadcrumb","itemListElement":[{"@type":"ListItem","position":1,"name":"In\u00edcio","item":"https:\/\/aconteceunovale.com.br\/portal\/"},{"@type":"ListItem","position":2,"name":"Ministro da Sa\u00fade defende melhoria nas consultas b\u00e1sicas e uso da telemedicina"}]},{"@type":"WebSite","@id":"https:\/\/aconteceunovale.com.br\/portal\/#website","url":"https:\/\/aconteceunovale.com.br\/portal\/","name":"Aconteceu no Vale","description":"Portal de Not\u00edcias","potentialAction":[{"@type":"SearchAction","target":{"@type":"EntryPoint","urlTemplate":"https:\/\/aconteceunovale.com.br\/portal\/?s={search_term_string}"},"query-input":{"@type":"PropertyValueSpecification","valueRequired":true,"valueName":"search_term_string"}}],"inLanguage":"pt-BR"},{"@type":"Person","@id":"https:\/\/aconteceunovale.com.br\/portal\/#\/schema\/person\/633529146f2c94272bef50ac2953d589","name":"Aconteceu no Vale","description":"Equipe de reportagem do Aconteceu no Vale, portal de not\u00edcias do Vale do Jequitinhonha, em Minas Gerais. Cobrimos as 51 cidades do Vale desde 2013. Sugest\u00f5es de pauta e pedidos de corre\u00e7\u00e3o: contato@aconteceunovale.com.br","sameAs":["http:\/\/www.aconteceunovale.com.br"],"url":"https:\/\/aconteceunovale.com.br\/portal\/?author=1"}]}},"_links":{"self":[{"href":"https:\/\/aconteceunovale.com.br\/portal\/index.php?rest_route=\/wp\/v2\/posts\/94211","targetHints":{"allow":["GET"]}}],"collection":[{"href":"https:\/\/aconteceunovale.com.br\/portal\/index.php?rest_route=\/wp\/v2\/posts"}],"about":[{"href":"https:\/\/aconteceunovale.com.br\/portal\/index.php?rest_route=\/wp\/v2\/types\/post"}],"author":[{"embeddable":true,"href":"https:\/\/aconteceunovale.com.br\/portal\/index.php?rest_route=\/wp\/v2\/users\/1"}],"replies":[{"embeddable":true,"href":"https:\/\/aconteceunovale.com.br\/portal\/index.php?rest_route=%2Fwp%2Fv2%2Fcomments&post=94211"}],"version-history":[{"count":0,"href":"https:\/\/aconteceunovale.com.br\/portal\/index.php?rest_route=\/wp\/v2\/posts\/94211\/revisions"}],"wp:featuredmedia":[{"embeddable":true,"href":"https:\/\/aconteceunovale.com.br\/portal\/index.php?rest_route=\/wp\/v2\/media\/94212"}],"wp:attachment":[{"href":"https:\/\/aconteceunovale.com.br\/portal\/index.php?rest_route=%2Fwp%2Fv2%2Fmedia&parent=94211"}],"wp:term":[{"taxonomy":"category","embeddable":true,"href":"https:\/\/aconteceunovale.com.br\/portal\/index.php?rest_route=%2Fwp%2Fv2%2Fcategories&post=94211"},{"taxonomy":"post_tag","embeddable":true,"href":"https:\/\/aconteceunovale.com.br\/portal\/index.php?rest_route=%2Fwp%2Fv2%2Ftags&post=94211"}],"curies":[{"name":"wp","href":"https:\/\/api.w.org\/{rel}","templated":true}]}}